{"id":1497,"date":"2018-02-19T12:30:49","date_gmt":"2018-02-19T10:30:49","guid":{"rendered":"http:\/\/blogs.diariovasco.com\/correo-historia\/?p=1497"},"modified":"2018-03-10T12:55:23","modified_gmt":"2018-03-10T10:55:23","slug":"mas-cerca-de-lo-que-creemos-una-conferencia-sobre-historia-y-geoestrategia","status":"publish","type":"post","link":"https:\/\/blogs.diariovasco.com\/correo-historia\/2018\/02\/19\/mas-cerca-de-lo-que-creemos-una-conferencia-sobre-historia-y-geoestrategia\/","title":{"rendered":"\u00bfM\u00e1s cerca de lo que creemos? Una conferencia sobre Historia y Geoestrategia"},"content":{"rendered":"<p><strong>Por Carlos Rilova Jeric\u00f3<\/strong><\/p>\n<p><a href=\"https:\/\/static-blogs.diariovasco.com\/wp-content\/uploads\/sites\/34\/2018\/02\/Portada-de-los-condenados-de-la-Tierra.jpg\"><img loading=\"lazy\" class=\"alignleft wp-image-1498 size-medium\" title=\"Portada de una edici\u00f3n reciente de la obra p\u00f3stuma de Frantz Fanon. Publicada en 1961 y de gran influencia en la ideolog\u00eda de determinados terrorismos\" src=\"https:\/\/static-blogs.diariovasco.com\/wp-content\/uploads\/sites\/34\/2018\/02\/Portada-de-los-condenados-de-la-Tierra-212x300.jpg\" alt=\"portada-de-los-condenados-de-la-tierra\" width=\"212\" height=\"300\" srcset=\"https:\/\/static-blogs.diariovasco.com\/wp-content\/uploads\/sites\/34\/2018\/02\/Portada-de-los-condenados-de-la-Tierra-212x300.jpg 212w, https:\/\/static-blogs.diariovasco.com\/wp-content\/uploads\/sites\/34\/2018\/02\/Portada-de-los-condenados-de-la-Tierra-768x1086.jpg 768w, https:\/\/static-blogs.diariovasco.com\/wp-content\/uploads\/sites\/34\/2018\/02\/Portada-de-los-condenados-de-la-Tierra-724x1024.jpg 724w, https:\/\/static-blogs.diariovasco.com\/wp-content\/uploads\/sites\/34\/2018\/02\/Portada-de-los-condenados-de-la-Tierra.jpg 849w\" sizes=\"(max-width: 212px) 100vw, 212px\" \/><\/a>Como ya saben quienes siguen esta p\u00e1gina, la Asociaci\u00f3n de historiadores guipuzcoanos ha organizado, desde este mes de enero, un ciclo de conferencias, a una por mes -hasta junio- sobre Historia y Geoestrategia.<\/p>\n<p>Todo esto est\u00e1 siendo posible gracias a la financiaci\u00f3n del IEEE y a la impagable ayuda de Kutxa Kultur, que acoge este ciclo en sus instalaciones de la cuarta planta de Tabakalera, en San Sebasti\u00e1n.<\/p>\n<p>As\u00ed, a las siete de la tarde de este pr\u00f3ximo jueves 22 de febrero, pondremos a disposici\u00f3n del p\u00fablico donostiarra una conferencia que tratar\u00e1 de explicarnos el revuelto panorama geoestrat\u00e9gico internacional. Ese en el que vivimos ahora mismo, dentro de esa Historia que es todav\u00eda presente, pero que, en cuesti\u00f3n de meses, de pocos a\u00f1os, ser\u00e1 ya Historia del Tiempo presente. Aunque para nosotros s\u00f3lo sea un recuerdo.<\/p>\n<p>El encargado de impartir dicha conferencia, ser\u00e1 Federico Aznar Fern\u00e1ndez-Montesinos. Un especialista del IEEE que lleva largos a\u00f1os trabajando en el campo del an\u00e1lisis geoestrat\u00e9gico e impartiendo docencia superior sobre esas materias que, por m\u00e1s que nos puedan parecer opacas, lejanas, est\u00e1n mas presentes en nuestras vidas, en nuestra Historia (colectiva y personal), de lo que podamos -o, tal vez, nos atrevamos- a creer.<\/p>\n<p>El tema en torno al cual girar\u00e1 su intervenci\u00f3n, ser\u00e1 la nueva configuraci\u00f3n de ese mundo que nos rodea y nos asalta con im\u00e1genes -muchas veces perturbadoras- desde las p\u00e1ginas de los peri\u00f3dicos o desde las pantallas de ordenadores y televisores.<\/p>\n<p>Es decir, un mundo en el cual los bloques de la Guerra Fr\u00eda y el enfrentamiento de dos \u00fanicas superpotencias antag\u00f3nicas, son cosa del pasado y en el que nuevos escenarios -como la llamada \u201cPrimavera \u00e1rabe\u201d- han alentado fen\u00f3menos terroristas tra\u00eddos hasta el coraz\u00f3n de la vieja Europa. Convirtiendo poblaciones hasta entonces apacibles y seguras (Londres, Cannes, Madrid, Par\u00eds\u2026) en verdaderos infiernos similares a los que se han hecho habituales en, por ejemplo, Oriente Pr\u00f3ximo desde hace unos cincuenta a\u00f1os.<\/p>\n<p>Esas horas de este jueves, se tratar\u00e1, pues, de esas cuestiones. Y tambi\u00e9n, claro est\u00e1, de c\u00f3mo nuestro territorio m\u00e1s pr\u00f3ximo se emplaza en ese esquema de cosas.<\/p>\n<p>Principalmente porque esta visita de un especialista de alto nivel en cuestiones de ese calado, nos conduce a una pregunta importante: \u00bfqu\u00e9 puede esperar un territorio como el vasco, o, m\u00e1s concretamente, el guipuzcoano, de una situaci\u00f3n as\u00ed?<\/p>\n<p>Hist\u00f3ricamente las provincias vascas, como Guip\u00fazcoa, han sido por su car\u00e1cter de frontera terrestre y mar\u00edtima entre tres grandes potencias europeas (Espa\u00f1a, Francia y Gran Breta\u00f1a), un enclave inmerso en las grandes corrientes de la Historia mundial. Desde la conquista y colonizaci\u00f3n de \u00c1frica, Asia y Am\u00e9rica por los europeos, hasta las guerras napole\u00f3nicas.<\/p>\n<p>Eso ha hecho de estos territorios, enclaves hist\u00f3ricos fundamentales para los grandes envites geoestrat\u00e9gicos de esas potencias. Un panorama que s\u00f3lo se modera (pero no desaparece completamente) a partir del fin de la Segunda Guerra Mundial, cuando Espa\u00f1a se convierte, decididamente, en una potencia clave -pero de segundo orden- en el contexto internacional, constituy\u00e9ndose (dada la anomal\u00eda de su r\u00e9gimen pol\u00edtico, desde esa fecha, en una Europa occidental democr\u00e1tica) en una problem\u00e1tica ecuaci\u00f3n geopol\u00edtica y geoestrat\u00e9gica que resulta dif\u00edcil de resolver.<\/p>\n<p>M\u00e1s a\u00fan desde el a\u00f1o 1968 en adelante, cuando, por un per\u00edodo de cuatro d\u00e9cadas, surge en el seno de la sociedad espa\u00f1ola (y, sobre todo, vasca) una organizaci\u00f3n (Euskadi ta Askatasuna, ETA) que interpreta la Historia de ese reducto territorial como la de una lucha anti-imperialista, reduciendo un supuesto \u201cconflicto vasco\u201d a una guerra de liberaci\u00f3n nacional cortada (err\u00f3neamente desde todos los puntos de vista) por el patr\u00f3n de las teor\u00edas anticolonialistas de Frantz Fanon.<\/p>\n<p>Una experiencia hist\u00f3rica la de esa guerra -supuestamente anticolonial- por medio del Terror (fruto directo del final de la Segunda Guerra Mundial y de la ubicaci\u00f3n pol\u00edtica y estrat\u00e9gica de Espa\u00f1a tras ese conflicto) que, ahora, en un nuevo escenario geoestrat\u00e9gico mundial, adquiere otro cariz. Uno en el que las mismas teor\u00edas utilizadas por el terrorismo etarra para justificar su guerra \u201canticolonial\u201d -de baja intensidad- por medio del Terror y contra Espa\u00f1a, se volver\u00edan ahora -en bloque y de manera ya enteramente indiscriminada- contra ese mismo \u201cPueblo Vasco\u201d idealizado por las teor\u00edas de ETA. Algo en absoluto descartable, ya que esa construcci\u00f3n o agente pol\u00edtico (ese \u201cPueblo Vasco\u201d), desde el punto de vista del mal llamado DAESH (Estado Isl\u00e1mico) s\u00f3lo es, en realidad e hist\u00f3ricamente, una parte m\u00e1s del \u201cGran Sat\u00e1n\u201d occidental contra el que esa forma de Yihadismo extremo ha decretado una guerra de exterminio alentada por diversas \u201cfatwas\u201d.<\/p>\n<p>Es decir, por mandatos sagrados a los creyentes verdaderos (desde el punto de vista del Estado Isl\u00e1mico) para acabar con los infieles que ofenden, con su sola existencia, al Islam.<\/p>\n<p>Un n\u00famero, el de esos infieles, en el que -no cabe duda- entran los vascos de hoy d\u00eda que, como bien sabemos, constituyen uno de los modelos de sociedad occidental m\u00e1s desarrollados que existen. Configurando as\u00ed, precisamente, uno de los principales objetivos a batir por esa ideolog\u00eda del Salvajismo yihadista que, por suerte, de momento, s\u00f3lo hemos visto -en el antes castigado territorio vasco- a una prudencial distancia. Una favorable circunstancia que, sin embargo, desde el \u00e1mbito del conocimiento (que siempre es Poder) nos invita a prudentes y bien documentadas reflexiones que nos revelen en qu\u00e9 punto exacto de ese decurso hist\u00f3rico, que llega hasta el tiempo presente, nos encontramos hoy.<\/p>\n<p>Esa clase de importantes noticias son las que se podr\u00e1n obtener este jueves 22 en la cuarta planta de Tabakalera, gracias a los buenos oficios, entre otros, de analistas geoestrat\u00e9gicos de alto nivel como Federico Aznar Fern\u00e1ndez-Montesinos\u2026<\/p>\n<p>&nbsp;<\/p>\n<p>&nbsp;<\/p>\n<!-- AddThis Advanced Settings generic via filter on the_content --><!-- AddThis Share Buttons generic via filter on the_content -->","protected":false},"excerpt":{"rendered":"<p>Por Carlos Rilova Jeric\u00f3 Como ya saben quienes siguen esta p\u00e1gina, la Asociaci\u00f3n de historiadores guipuzcoanos ha organizado, desde este mes de enero, un ciclo de conferencias, a una por mes -hasta junio- sobre Historia y Geoestrategia. Todo esto est\u00e1 siendo posible gracias a la financiaci\u00f3n del IEEE y a la impagable ayuda de Kutxa [&hellip;]<!-- AddThis Advanced Settings generic via filter on get_the_excerpt --><!-- AddThis Share Buttons generic via filter on get_the_excerpt --><\/p>\n","protected":false},"author":56,"featured_media":0,"comment_status":"open","ping_status":"closed","sticky":false,"template":"","format":"standard","meta":[],"categories":[1],"tags":[1020,1028,2637,2636,2638,1261,2617,1764,2147],"_links":{"self":[{"href":"https:\/\/blogs.diariovasco.com\/correo-historia\/wp-json\/wp\/v2\/posts\/1497"}],"collection":[{"href":"https:\/\/blogs.diariovasco.com\/correo-historia\/wp-json\/wp\/v2\/posts"}],"about":[{"href":"https:\/\/blogs.diariovasco.com\/correo-historia\/wp-json\/wp\/v2\/types\/post"}],"author":[{"embeddable":true,"href":"https:\/\/blogs.diariovasco.com\/correo-historia\/wp-json\/wp\/v2\/users\/56"}],"replies":[{"embeddable":true,"href":"https:\/\/blogs.diariovasco.com\/correo-historia\/wp-json\/wp\/v2\/comments?post=1497"}],"version-history":[{"count":3,"href":"https:\/\/blogs.diariovasco.com\/correo-historia\/wp-json\/wp\/v2\/posts\/1497\/revisions"}],"predecessor-version":[{"id":1513,"href":"https:\/\/blogs.diariovasco.com\/correo-historia\/wp-json\/wp\/v2\/posts\/1497\/revisions\/1513"}],"wp:attachment":[{"href":"https:\/\/blogs.diariovasco.com\/correo-historia\/wp-json\/wp\/v2\/media?parent=1497"}],"wp:term":[{"taxonomy":"category","embeddable":true,"href":"https:\/\/blogs.diariovasco.com\/correo-historia\/wp-json\/wp\/v2\/categories?post=1497"},{"taxonomy":"post_tag","embeddable":true,"href":"https:\/\/blogs.diariovasco.com\/correo-historia\/wp-json\/wp\/v2\/tags?post=1497"}],"curies":[{"name":"wp","href":"https:\/\/api.w.org\/{rel}","templated":true}]}}