{"id":1588,"date":"2018-05-14T11:30:24","date_gmt":"2018-05-14T09:30:24","guid":{"rendered":"http:\/\/blogs.diariovasco.com\/correo-historia\/?p=1588"},"modified":"2024-04-17T19:34:14","modified_gmt":"2024-04-17T17:34:14","slug":"historia-de-bajo-perfil-lewis-clark-y-el-bicentenario-de-jose-joaquin-ferrer-1818-2018","status":"publish","type":"post","link":"https:\/\/blogs.diariovasco.com\/correo-historia\/2018\/05\/14\/historia-de-bajo-perfil-lewis-clark-y-el-bicentenario-de-jose-joaquin-ferrer-1818-2018\/","title":{"rendered":"Historia de bajo perfil: Lewis, Clark y el bicentenario de Jos\u00e9 Joaqu\u00edn Ferrer (1818-2018)"},"content":{"rendered":"<p><strong>Por Carlos Rilova Jeric\u00f3<\/strong><\/p>\n<p class=\"alignnone\" title=\"El capit\u00e1n Meriwether Lewis, jefe de la expedici\u00f3n Lewis y Clark, por Charles Wilson Peale. Licencia CC\"><img loading=\"lazy\" class=\"alignleft size-medium wp-image-1589\" src=\"https:\/\/static-blogs.diariovasco.com\/wp-content\/uploads\/sites\/34\/2018\/05\/800px-Meriwether_Lewis-Charles_Willson_Peale-241x300.jpg\" alt=\"800px-meriwether_lewis-charles_willson_peale\" width=\"241\" height=\"300\" srcset=\"https:\/\/static-blogs.diariovasco.com\/wp-content\/uploads\/sites\/34\/2018\/05\/800px-Meriwether_Lewis-Charles_Willson_Peale-241x300.jpg 241w, https:\/\/static-blogs.diariovasco.com\/wp-content\/uploads\/sites\/34\/2018\/05\/800px-Meriwether_Lewis-Charles_Willson_Peale-768x954.jpg 768w, https:\/\/static-blogs.diariovasco.com\/wp-content\/uploads\/sites\/34\/2018\/05\/800px-Meriwether_Lewis-Charles_Willson_Peale-505x628.jpg 505w, https:\/\/static-blogs.diariovasco.com\/wp-content\/uploads\/sites\/34\/2018\/05\/800px-Meriwether_Lewis-Charles_Willson_Peale.jpg 800w\" sizes=\"(max-width: 241px) 100vw, 241px\" \/>El viernes que viene se cumplir\u00e1n doscientos a\u00f1os, exactos, de la muerte de Jos\u00e9 Joaqu\u00edn Ferrer y Cafranga. A la l\u00f3gica pregunta que muchos de ustedes se estar\u00e1n haciendo -\u201c\u00bfy ese qui\u00e9n era?\u201d- debo de responder, en primer lugar, que es alguien a quien ya se ha aludido en ediciones anteriores de este mismo correo de la Historia.<\/p>\n<p>Eso, por un lado. Por otro, para quienes se incorporan a esta publicaci\u00f3n hoy mismo (o no leyeron esos correos de la Historia anteriores), dir\u00e9 que Jos\u00e9 Joaqu\u00edn Ferrer y Cafranga fue un comerciante y astr\u00f3nomo nacido en Pasajes. Es decir, en pleno coraz\u00f3n del Pa\u00eds Vasco litoral. Eso ocurri\u00f3 en el a\u00f1o 1763.<\/p>\n<p>Esa vida acab\u00f3 un 18 de mayo de 1818, en Bilbao, donde Jos\u00e9 Joaqu\u00edn Ferrer se hab\u00eda retirado tras una existencia corta, desde nuestro punto de vista, pero llena de aventuras -tambi\u00e9n desde nuestro punto de vista- de lo m\u00e1s variopintas.<\/p>\n<p>Yo quiero dedicarle hoy un recuerdo especial, en este art\u00edculo que perdurar\u00e1, al menos, toda esta semana. Aunque sospecho que, por desgracia, ser\u00e1 pr\u00e1cticamente \u00fanico.<\/p>\n<p>Algo que no es raro suceda en un pa\u00eds como el nuestro que, las cosas como son -es mejor no autoenga\u00f1arse-, lleva demasiados a\u00f1os aquejado de una serie de agudos complejos de inferioridad colectivos y -todav\u00eda peor- de un manejo pobre y selectivo (en ocasiones, abierta, rid\u00edculamente sectario) de su patrimonio hist\u00f3rico.<\/p>\n<p>Todo lo cual lleva a situaciones bochornosas, como la de ese est\u00fapido y hueco vac\u00edo en torno a figuras como la de Jos\u00e9 Joaqu\u00edn Ferrer y Cafranga que, con toda probabilidad, nos va a atronar este viernes pr\u00f3ximo.<\/p>\n<p>Aunque puede que a\u00fan sea peor. Puede que a ra\u00edz de este art\u00edculo aparezcan, el mismo 18 de mayo de 2018, paracaidistas \u201cculturales\u201d (por llamarlos de alg\u00fan modo) que, de repente, se habr\u00e1n acordado (en cosa de tres o cuatro d\u00edas) de lo importante que es resaltar la \u201cvasquidad universal\u201d (por ejemplo) de aquel descendiente de una familia del Levante que vino a asentarse en Pasajes a principios del siglo XVIII.<\/p>\n<p>Ese sucio trabajo de devaluaci\u00f3n hist\u00f3rica, si llega a tener lugar, ni que decir tiene, se har\u00e1 con \u201ccopia-pega\u201d de todo lo escrito sobre Ferrer hasta ahora, pero sin citar la fuente y el autor, o autores, del trabajo del que procede esa informaci\u00f3n. Todo ello seg\u00fan el modo de actuaci\u00f3n est\u00e1ndar en el -por llamarlo de alg\u00fan modo- \u00e1mbito cultural espa\u00f1ol. Id\u00e9ntico desde la frontera de Behobia hasta la del Pe\u00f1\u00f3n de Gibraltar. Sin distinci\u00f3n de lengua cooficial o frontera auton\u00f3mica y con las escasas excepciones de rigor que impiden -todav\u00eda- que esto se haya convertido ya en una Somalia europea.<\/p>\n<p>En cualquier caso, el resultado final este viernes ser\u00e1, una vez m\u00e1s, una muestra del bajo perfil hist\u00f3rico que aqueja a ese pa\u00eds llamado Espa\u00f1a y a todo lo que contiene -a fecha de hoy- esa denominaci\u00f3n pol\u00edtica.<\/p>\n<p>Y es que el caso de la vida desconocida de Jos\u00e9 Joaqu\u00edn Ferrer -que este pr\u00f3ximo viernes habr\u00e1 acabado hace dos siglos- es una buena piedra de toque de esos extremos de rid\u00edculo a los que, poco a poco, pero con tes\u00f3n, se est\u00e1 llegando en ese pa\u00eds que, a efectos pr\u00e1cticos, se extiende por debajo de los Pirineos.<\/p>\n<p>Empecemos por decir que el asunto Ferrer se ha manejado durante cerca de esos doscientos a\u00f1os, justo del modo contrario a como se ha manejado el de dos contempor\u00e1neos suyos mucho m\u00e1s c\u00e9lebres: los oficiales -del Ej\u00e9rcito de Estados Unidos- Lewis y Clark.<\/p>\n<p>En efecto, y ver todo este triste asunto bajo la \u00f3ptica de la -gran- fama p\u00f3stuma del capit\u00e1n Meriwether Lewis y del subteniente William Clark, puede resultar muy ilustrativo del bajo, baj\u00edsimo, perfil hist\u00f3rico del que se adolece por estas latitudes.<\/p>\n<p>Es casi seguro que ustedes sabr\u00e1n perfectamente qui\u00e9nes son Lewis y Clark. Es l\u00f3gico, porque su expedici\u00f3n en busca de un paso del Atl\u00e1ntico al Pac\u00edfico a trav\u00e9s de Norteam\u00e9rica, ha sido reflejada -durante d\u00e9cadas- en todos los medios de comunicaci\u00f3n posibles. El Cine, por ejemplo. \u201cHorizontes desconocidos\u201d, una pel\u00edcula de 1955 protagonizada por el c\u00e9lebre Charlton Heston, se encarg\u00f3 de contar esa cuesti\u00f3n \u00e9pica para muchas generaciones del siglo XX.<\/p>\n<p>Despu\u00e9s de eso, su presencia en otros medios de difusi\u00f3n masiva ha sido constante para un p\u00fablico -el hispanoparlante entre otros- al que, en principio, nada tendr\u00eda que decirle una peque\u00f1a expedici\u00f3n norteamericana que ni siquiera hab\u00eda descubierto el Oc\u00e9ano Pac\u00edfico. Como fue el caso de la de N\u00fa\u00f1ez de Balboa casi tres siglos antes.<\/p>\n<p>As\u00ed es. Las referencias a Lewis y Clark (y por ende a su expedici\u00f3n) se repiten de manera constante en -por s\u00f3lo poner unos pocos ejemplos- pel\u00edculas como \u201cHorizonte final\u201d, del a\u00f1o 1997 y hoy convertida en eso que llaman \u201cde culto\u201d. En esta cinta de ciencia-ficci\u00f3n, la nave espacial que la protagoniza se llama\u2026 <em>Lewis y Clark<\/em>. Al a\u00f1o siguiente en el que se estren\u00f3 \u201cHorizonte final\u201d, apareci\u00f3 otra pel\u00edcula que tambi\u00e9n glosa a los dos expedicionarios: \u201cH\u00e9roes por casualidad\u201d. Se trata de una parodia bastante chusca, pero protagonizada por toda una estrella de la Televisi\u00f3n a nivel internacional: Mathew Perry, el Chandler de la exitosa serie \u201cFriends\u201d.<\/p>\n<p>En esta pel\u00edcula se hac\u00eda una s\u00e1tira amable de la expedici\u00f3n de Lewis y Clark, pero s\u00f3lo para exaltarla a\u00fan m\u00e1s por comparaci\u00f3n con la caterva de desesperados guiada por el personaje interpretado por Mathew Perry. Quienes no sal\u00edan tan bien librados de la pel\u00edcula, eran los espa\u00f1oles. Representados como pat\u00e9ticos conquistadores del siglo XVI. No, desde luego, como los infantes de Marina del 1800 que en la Historia real enviaron las autoridades espa\u00f1olas a cortar el paso a esa expedici\u00f3n, que atravesaba sus dominios sin visado ni pasaporte.<\/p>\n<p>\u201cLos Simpsons\u201d tambi\u00e9n dedic\u00f3 en su momento un episodio a la expedici\u00f3n Lewis y Clark que, como la mayor parte de esta longeva serie de dibujos animados, ha sido emitido hasta la saciedad durante a\u00f1os\u2026<\/p>\n<p>En definitiva, el mundo anglosaj\u00f3n ha conseguido que la expedici\u00f3n de Lewis y Clark se convierta en una parte indisoluble de nuestra cultura popular occidental. Eso ha llegado a extremos verdaderamente curiosos: uno de los \u00faltimos productos culturales en los que se glosa la aventura de Lewis y Clark es un c\u00f3mic\u2026 \u00a1franc\u00e9s! titulado \u201cWild river\u201d\u2026 Una obra, la verdad, de factura magn\u00edfica, publicada en 2015.<\/p>\n<p>Lo m\u00e1s curioso de todo este caso, en el mundo real, es que esa expedici\u00f3n -tan destacada y vuelta a destacar en tantos medios de difusi\u00f3n masiva- antes de partir tuvo que ser instruida por diversos miembros de la principal sociedad cient\u00edfica de los Estados Unidos: la Filos\u00f3fica Americana, fundada por Benjamin Franklin en Filadelfia y presidida a comienzos del siglo XIX por Thomas Jefferson, que fue quien insisti\u00f3 en que Lewis y Clark fueran aleccionados por los sabios miembros de la SFA.<\/p>\n<p>De eso apenas se cuenta nada en pel\u00edculas como las mencionadas, o en c\u00f3mics\u2026 Menos a\u00fan se menciona un dato curioso que el historiador, consultando los archivos de la Sociedad Filos\u00f3fica Americana, no tarda mucho en descubrir: que en el a\u00f1o 1804 uno de los miembros -en calidad de matem\u00e1tico y astr\u00f3nomo- de esa sociedad cient\u00edfica que instruy\u00f3 a Lewis y Clark, era un comerciante espa\u00f1ol, nacido en territorio guipuzcoano, asentado en Nueva York y llamado Jos\u00e9 Joaqu\u00edn Ferrer y Cafranga\u2026<\/p>\n<p>As\u00ed de bajo es el nivel con el que se trata la Historia nada m\u00e1s traspasar la frontera de Behobia: sabemos, <em>ad n\u00e1useam<\/em>, quienes fueron Lewis y Clark, pero lo ignoramos todo de los cient\u00edficos que los instruyeron. Por m\u00e1s que nacieran en nuestro propio pa\u00eds. A veces en lugares que est\u00e1n no demasiado lejos de nuestras propias casas.<\/p>\n<p>Este viernes 18 de mayo, por favor, recu\u00e9rdenlo y pregunten a las autoridades culturales que mantienen con sus impuestos c\u00f3mo esto, esta desidia, este abandono, esta mala fe que nos arrastra a la condici\u00f3n de indigentes culturales (a nivel internacional) ha llegado a ser posible.<\/p>\n<p>Por mi parte s\u00e9 que tengo una deuda pendiente con aquel astr\u00f3nomo de Pasajes, Jos\u00e9 Joaqu\u00edn Ferrer y Cafranga, que se trataba de t\u00fa a t\u00fa con Thomas Jefferson, con Lewis, con Clark&#8230;<\/p>\n<p>Procurar\u00e9 saldarla antes de que acabe este a\u00f1o 2018, en el que se cumplen 200 de su muerte, para que, al menos en parte, ese est\u00fapido y ruin silencio hist\u00f3rico producido en torno a \u00e9l sea menor y est\u00e9 menos enterrado entre el formidable ruido medi\u00e1tico producido por expediciones que, al fin y al cabo, nunca hubieran tenido \u00e9xito de no ser por cient\u00edficos como \u00e9l. Miembros destacados de la prestigiosa Sociedad Filos\u00f3fica Americana\u2026<\/p>\n<!-- AddThis Advanced Settings generic via filter on the_content --><!-- AddThis Share Buttons generic via filter on the_content -->","protected":false},"excerpt":{"rendered":"<p>Por Carlos Rilova Jeric\u00f3 El viernes que viene se cumplir\u00e1n doscientos a\u00f1os, exactos, de la muerte de Jos\u00e9 Joaqu\u00edn Ferrer y Cafranga. A la l\u00f3gica pregunta que muchos de ustedes se estar\u00e1n haciendo -\u201c\u00bfy ese qui\u00e9n era?\u201d- debo de responder, en primer lugar, que es alguien a quien ya se ha aludido en ediciones anteriores [&hellip;]<!-- AddThis Advanced Settings generic via filter on get_the_excerpt --><!-- AddThis Share Buttons generic via filter on get_the_excerpt --><\/p>\n","protected":false},"author":56,"featured_media":0,"comment_status":"open","ping_status":"closed","sticky":false,"template":"","format":"standard","meta":[],"categories":[1],"tags":[2682,2681,2683,573,588,696,729,1013,2678,1261,2596,1541,2679,1764,2680],"_links":{"self":[{"href":"https:\/\/blogs.diariovasco.com\/correo-historia\/wp-json\/wp\/v2\/posts\/1588"}],"collection":[{"href":"https:\/\/blogs.diariovasco.com\/correo-historia\/wp-json\/wp\/v2\/posts"}],"about":[{"href":"https:\/\/blogs.diariovasco.com\/correo-historia\/wp-json\/wp\/v2\/types\/post"}],"author":[{"embeddable":true,"href":"https:\/\/blogs.diariovasco.com\/correo-historia\/wp-json\/wp\/v2\/users\/56"}],"replies":[{"embeddable":true,"href":"https:\/\/blogs.diariovasco.com\/correo-historia\/wp-json\/wp\/v2\/comments?post=1588"}],"version-history":[{"count":7,"href":"https:\/\/blogs.diariovasco.com\/correo-historia\/wp-json\/wp\/v2\/posts\/1588\/revisions"}],"predecessor-version":[{"id":4262,"href":"https:\/\/blogs.diariovasco.com\/correo-historia\/wp-json\/wp\/v2\/posts\/1588\/revisions\/4262"}],"wp:attachment":[{"href":"https:\/\/blogs.diariovasco.com\/correo-historia\/wp-json\/wp\/v2\/media?parent=1588"}],"wp:term":[{"taxonomy":"category","embeddable":true,"href":"https:\/\/blogs.diariovasco.com\/correo-historia\/wp-json\/wp\/v2\/categories?post=1588"},{"taxonomy":"post_tag","embeddable":true,"href":"https:\/\/blogs.diariovasco.com\/correo-historia\/wp-json\/wp\/v2\/tags?post=1588"}],"curies":[{"name":"wp","href":"https:\/\/api.w.org\/{rel}","templated":true}]}}