{"id":1609,"date":"2018-06-04T11:30:09","date_gmt":"2018-06-04T09:30:09","guid":{"rendered":"http:\/\/blogs.diariovasco.com\/correo-historia\/?p=1609"},"modified":"2018-06-04T11:30:09","modified_gmt":"2018-06-04T09:30:09","slug":"historia-oculta-cine-y-nazismo-aleman-despues-del-tercer-reich","status":"publish","type":"post","link":"https:\/\/blogs.diariovasco.com\/correo-historia\/2018\/06\/04\/historia-oculta-cine-y-nazismo-aleman-despues-del-tercer-reich\/","title":{"rendered":"\u00bfHistoria oculta? Cine y Nazismo alem\u00e1n despu\u00e9s del Tercer Reich"},"content":{"rendered":"<p><strong>Por Carlos Rilova Jeric\u00f3<\/strong><\/p>\n<p class=\"alignleft\" title=\"Escena de &quot;La noche de los generales&quot; (1966)\"><img loading=\"lazy\" class=\"alignleft size-medium wp-image-1610\" src=\"https:\/\/static-blogs.diariovasco.com\/wp-content\/uploads\/sites\/34\/2018\/06\/Imagen-de-La-noche-de-los-generales-300x232.jpg\" alt=\"imagen-de-la-noche-de-los-generales\" width=\"300\" height=\"232\" srcset=\"https:\/\/static-blogs.diariovasco.com\/wp-content\/uploads\/sites\/34\/2018\/06\/Imagen-de-La-noche-de-los-generales-300x232.jpg 300w, https:\/\/static-blogs.diariovasco.com\/wp-content\/uploads\/sites\/34\/2018\/06\/Imagen-de-La-noche-de-los-generales.jpg 550w\" sizes=\"(max-width: 300px) 100vw, 300px\" \/>Este no ser\u00e1 un correo de la Historia demasiado largo. A pesar de que por su t\u00edtulo podr\u00eda parecer que ese tema -los nazis que sobrevivieron a la wagneriana ca\u00edda del Tercer Reich en 1945- da para hablar un rato largo y tendido.<\/p>\n<p>Esa es la conclusi\u00f3n a la que llegue este viernes al ver una magn\u00edfica pel\u00edcula en la Casa de Cultura de Oquendo, en San Sebasti\u00e1n. Gracias a los buenos oficios del Instituto Goethe, la Asociaci\u00f3n Lorelei y el Departamento de Cultura del Ayuntamiento de esa ciudad.<\/p>\n<p>El t\u00edtulo de la pel\u00edcula es \u201cDie Akte General\u201d, traducido en el programa de esa funci\u00f3n del viernes como \u201cEl Expediente \u2018general\u2019\u201d. El director es Stephan Wagner que, tal y como se dec\u00eda en la nota adjunta -en alem\u00e1n y en espa\u00f1ol- que se reparti\u00f3 en la proyecci\u00f3n, ha querido reivindicar a trav\u00e9s de esta cinta la figura de Fritz Bauer. El fiscal del \u201cL\u00e4nder\u201d de Hesse que, entre 1959 y 1962, llev\u00f3 a cabo una heroica labor para purgar de antiguos nazis las estructuras del estado alem\u00e1n. As\u00ed como para conseguir la deportaci\u00f3n, juicio y ejecuci\u00f3n de Adolf Eichmann. Uno de los procesos m\u00e1s sonados contra uno de los muchos jerarcas nazis que consiguieron escapar al colapso de aquel r\u00e9gimen de terror.<\/p>\n<p>La conclusi\u00f3n a la que se llegaba en la pel\u00edcula, y en el Cine-Forum posterior, al que desgraciadamente no pude quedarme, era que las represalias contra los nazis en la Alemania occidental que surge tras la ca\u00edda del r\u00e9gimen nazi, eran pr\u00e1cticamente imposibles.<\/p>\n<p>La pel\u00edcula da datos sorprendentes para los historiadores que, generalmente, nos marcamos como punto final de las investigaciones sobre el Tercer Reich el a\u00f1o 1945.<\/p>\n<p>En efecto, yo sab\u00eda que hab\u00eda habido numerosos supervivientes del r\u00e9gimen nazi infiltrados en la estructura del estado de la Rep\u00fablica Federal alemana, pero no hasta el punto de descaro que muestra la pel\u00edcula de Stephan Wagner, donde se descubre -con todo lujo de detalles- que la mano derecha del canciller Konrad Adenauer -respetado fundador de la RFA- era, nada menos, que Hans Globke. Uno de los juristas que m\u00e1s hab\u00edan hecho para poner en vigor y en ejercicio las leyes de \u201cpurificaci\u00f3n\u201d racial tan queridas por el Tercer Reich\u2026<\/p>\n<p>A partir de ese punto, la pel\u00edcula de Wagner sigue siendo una caja de sorpresas. Aunque quiz\u00e1s las sorpresas no deber\u00edan ser tantas.<\/p>\n<p>No hace falta ser un \u00e1vido lector del c\u00e9lebre profesor Noam Chomsky, para saber que basta con registrar los archivos de estado de Estados Unidos y descubrir que las autoridades aliadas pronto constataron como inviable la desnazificaci\u00f3n. A menos que se quisiera dejar a la RFA sin cuadros dirigentes que la administrar\u00e1n.<\/p>\n<p>En efecto, antes de que Wagner ejecutase su magn\u00edfica pel\u00edcula en 2015, hubo otras que ya daban a entender lo que Chomsky descubri\u00f3 y difundi\u00f3 en sus sesudos estudios a un p\u00fablico m\u00e1s amplio. Uno que, sin restricciones, pudo pasmarse ante las grandes pantallas con esa presencia, imborrable, del Nazismo infiltrado hasta la m\u00e9dula de la supuestamente desnazificada Alemania del Oeste.<\/p>\n<p>Una de las primeras en tratar ese tema fue una comedia del inefable Billy Wilder, \u201cUno, dos, tres\u201d. En ella un desesperado ejecutivo de la Coca-Cola destinado a Berl\u00edn occidental, quiere evitar la boda de la hija de su jefe con un furibundo comunista que canta las glorias del r\u00e9gimen sovi\u00e9tico a ambos lados del Muro. Uno de los gags recurrentes en esta trama es la desesperaci\u00f3n que sufre ese ejecutivo, magn\u00edficamente interpretado por James Cagney, cada vez que su asistente alem\u00e1n en la oficina se cuadra ante \u00e9l y le saluda con un seco taconazo que recuerda, inevitablemente, a su cercano pasado como personal militar del r\u00e9gimen nazi\u2026<\/p>\n<p>En un tono m\u00e1s serio y amargo, otras dos pel\u00edculas describ\u00edan, minuciosamente, la supervivencia en la RFA no ya de antiguos servidores del estado hitleriano, sino de criminales de guerra hijos predilectos de ese r\u00e9gimen.<\/p>\n<p>La primera de ellas era \u201cLa noche de los generales\u201d. La acci\u00f3n transcurr\u00eda entre la Segunda Guerra Mundial y los a\u00f1os sesenta del siglo pasado. En ese escenario cronol\u00f3gico ve\u00edamos c\u00f3mo un general de las Waffen-SS (el brazo militar de la guardia de \u00e9lite del Nazismo) sobreviv\u00eda a las investigaciones abiertas sobre su persona durante el r\u00e9gimen nazi como presunto asesino de una serie de prostitutas -en el peor estilo de Jack el Destripador- pero tambi\u00e9n a la ca\u00edda del r\u00e9gimen. Momento a partir del que las nuevas autoridades podr\u00edan haberle reclamado cuentas pendientes no como asesino convencional (por as\u00ed decirlo) sino como asesino de masas y criminal de guerra\u2026<\/p>\n<p>Finalmente, otra de las pel\u00edculas que ya antes de la de Stephan Wagner desvelaba ese inquietante hecho, era \u201cOdessa\u201d. Obra basada en una novela del autor de bestsellers Frederick Forsyth.<\/p>\n<p>En el mismo marco temporal que las dos anteriores, en torno a los a\u00f1os sesenta del siglo XX, un reportero, hijo de un oficial del Ej\u00e9rcito alem\u00e1n, descubr\u00eda c\u00f3mo en la Polic\u00eda de la RFA, en el Ej\u00e9rcito y, en general, en todo el \u00e1mbito administrativo de la refundada Alemania occidental, hab\u00eda personajes con un pasado nazi del que -y eso era lo peor de todo- no renegaban en absoluto, protegi\u00e9ndose entre ellos, alent\u00e1ndose, favoreci\u00e9ndose\u2026<\/p>\n<p>Evidentemente lo que la pel\u00edcula de Wagner ha conseguido, es refrescar esos recuerdos, ponerlos a la orden del d\u00eda. Pero tambi\u00e9n ha hecho algo m\u00e1s: reconstruir la vida del hombre, el fiscal Bauer, que impidi\u00f3 que eso cayera en el olvido.<\/p>\n<p>Es, en efecto, muy dudoso que pel\u00edculas como las mencionadas (\u201cUno, dos, tres\u201d, \u201cLa noche de los generales\u201d, \u201cOdessa\u201d\u2026) hubieran llegado a ser escritas, rodadas y presentadas a un gran p\u00fablico del llamado \u201cMundo Libre\u201d, de no ser por lo que consigui\u00f3 Bauer entre 1959 y 1962. Empezando, sobre todo, por la captura, juicio y ejecuci\u00f3n de Adolf Eichmann.<\/p>\n<p>Ese es, pues, el valor, verdaderamente hist\u00f3rico. de la pel\u00edcula de Stephan Wagner que, por supuesto, es totalmente recomendable ver si se quiere estar al tanto de lo que realmente ocurri\u00f3 en Alemania desde 1945 hasta hoy mismo&#8230;<\/p>\n<p>&nbsp;<\/p>\n<p>&nbsp;<\/p>\n<!-- AddThis Advanced Settings generic via filter on the_content --><!-- AddThis Share Buttons generic via filter on the_content -->","protected":false},"excerpt":{"rendered":"<p>Por Carlos Rilova Jeric\u00f3 Este no ser\u00e1 un correo de la Historia demasiado largo. A pesar de que por su t\u00edtulo podr\u00eda parecer que ese tema -los nazis que sobrevivieron a la wagneriana ca\u00edda del Tercer Reich en 1945- da para hablar un rato largo y tendido. Esa es la conclusi\u00f3n a la que llegue [&hellip;]<!-- AddThis Advanced Settings generic via filter on get_the_excerpt --><!-- AddThis Share Buttons generic via filter on get_the_excerpt --><\/p>\n","protected":false},"author":56,"featured_media":0,"comment_status":"open","ping_status":"closed","sticky":false,"template":"","format":"standard","meta":[],"categories":[1],"tags":[186,243,2693,2691,711,2692,1719,2690,2141],"_links":{"self":[{"href":"https:\/\/blogs.diariovasco.com\/correo-historia\/wp-json\/wp\/v2\/posts\/1609"}],"collection":[{"href":"https:\/\/blogs.diariovasco.com\/correo-historia\/wp-json\/wp\/v2\/posts"}],"about":[{"href":"https:\/\/blogs.diariovasco.com\/correo-historia\/wp-json\/wp\/v2\/types\/post"}],"author":[{"embeddable":true,"href":"https:\/\/blogs.diariovasco.com\/correo-historia\/wp-json\/wp\/v2\/users\/56"}],"replies":[{"embeddable":true,"href":"https:\/\/blogs.diariovasco.com\/correo-historia\/wp-json\/wp\/v2\/comments?post=1609"}],"version-history":[{"count":2,"href":"https:\/\/blogs.diariovasco.com\/correo-historia\/wp-json\/wp\/v2\/posts\/1609\/revisions"}],"predecessor-version":[{"id":1612,"href":"https:\/\/blogs.diariovasco.com\/correo-historia\/wp-json\/wp\/v2\/posts\/1609\/revisions\/1612"}],"wp:attachment":[{"href":"https:\/\/blogs.diariovasco.com\/correo-historia\/wp-json\/wp\/v2\/media?parent=1609"}],"wp:term":[{"taxonomy":"category","embeddable":true,"href":"https:\/\/blogs.diariovasco.com\/correo-historia\/wp-json\/wp\/v2\/categories?post=1609"},{"taxonomy":"post_tag","embeddable":true,"href":"https:\/\/blogs.diariovasco.com\/correo-historia\/wp-json\/wp\/v2\/tags?post=1609"}],"curies":[{"name":"wp","href":"https:\/\/api.w.org\/{rel}","templated":true}]}}