{"id":1613,"date":"2018-06-11T11:40:39","date_gmt":"2018-06-11T09:40:39","guid":{"rendered":"http:\/\/blogs.diariovasco.com\/correo-historia\/?p=1613"},"modified":"2018-06-11T11:40:39","modified_gmt":"2018-06-11T09:40:39","slug":"la-persistencia-de-la-historia-del-clima-inundaciones-en-el-deva-urola-1518-2018","status":"publish","type":"post","link":"https:\/\/blogs.diariovasco.com\/correo-historia\/2018\/06\/11\/la-persistencia-de-la-historia-del-clima-inundaciones-en-el-deva-urola-1518-2018\/","title":{"rendered":"La persistencia de la Historia (del Clima). Inundaciones en el Deva-Urola (1518-2018)"},"content":{"rendered":"<p><strong>Por Carlos Rilova Jeric\u00f3<\/strong><\/p>\n<p class=\"alignleft\" title=\"&quot;La tempestad&quot;, por Giorgione. Gallerie dell\u00b4Accademia (c. 1508)\"><img loading=\"lazy\" class=\"alignleft size-medium wp-image-1614\" src=\"https:\/\/static-blogs.diariovasco.com\/wp-content\/uploads\/sites\/34\/2018\/06\/Accademia_-_La_tempesta_-_Giorgione-circa-1508-271x300.jpg\" alt=\"accademia_-_la_tempesta_-_giorgione-circa-1508\" width=\"271\" height=\"300\" srcset=\"https:\/\/static-blogs.diariovasco.com\/wp-content\/uploads\/sites\/34\/2018\/06\/Accademia_-_La_tempesta_-_Giorgione-circa-1508-271x300.jpg 271w, https:\/\/static-blogs.diariovasco.com\/wp-content\/uploads\/sites\/34\/2018\/06\/Accademia_-_La_tempesta_-_Giorgione-circa-1508-768x852.jpg 768w, https:\/\/static-blogs.diariovasco.com\/wp-content\/uploads\/sites\/34\/2018\/06\/Accademia_-_La_tempesta_-_Giorgione-circa-1508-566x628.jpg 566w, https:\/\/static-blogs.diariovasco.com\/wp-content\/uploads\/sites\/34\/2018\/06\/Accademia_-_La_tempesta_-_Giorgione-circa-1508.jpg 800w\" sizes=\"(max-width: 271px) 100vw, 271px\" \/>Esta semana llam\u00f3 mi atenci\u00f3n, y mucho, la cobertura que dieron los medios a las inundaciones que tuvieron lugar en la parte del territorio guipuzcoano m\u00e1s occidental.<\/p>\n<p>Es decir, el que hace frontera con Vizcaya y \u00c1lava y aloja las cuencas de los r\u00edos Deva y Urola.<\/p>\n<p>Desde siempre cosas as\u00ed han sido noticia. Desde luego. Pero a\u00fan m\u00e1s en las \u00faltimas d\u00e9cadas, en las que las palabras \u201cCambio clim\u00e1tico\u201d se han convertido en una especie de conjuro m\u00e1gico que ha atra\u00eddo la atenci\u00f3n sobre todo lo que tiene que ver con la cuesti\u00f3n del Clima. Dando as\u00ed un relieve notable a investigaciones que, hasta entonces, rara vez sal\u00edan del mundo acad\u00e9mico y cient\u00edfico.<\/p>\n<p>Lo habitual en estos casos suele ser se\u00f1alar que lo ocurrido no ocurr\u00eda desde hace 25, 50, 75 a\u00f1os&#8230;, que las inundaciones, o las trombas de agua, son las peores en varias d\u00e9cadas o en los \u00faltimos cien a\u00f1os.<\/p>\n<p>Eso muestra que los estudios sobre Historia del Clima, popularizados gracias a esas casi m\u00e1gicas palabras, sin embargo a\u00fan no han conseguido toda la popularidad que hubi\u00e9ramos deseado los que hemos realizado algunos trabajos hist\u00f3ricos sobre el tema.<\/p>\n<p>En efecto, estudios como el dedicado a la llamada peque\u00f1a Edad del Hielo por Brian Fagan se han divulgado m\u00e1s de lo que hubiera sido de esperar para un libro erudito. Pero aun as\u00ed, parece ser que se han sacado pocas conclusiones validas al respeto que calen en los telediarios y en las p\u00e1ginas de los peri\u00f3dicos<\/p>\n<p>Por esa raz\u00f3n me ha parecido una buena idea dedicar el correo de la Historia de este lunes a esa cuesti\u00f3n.<\/p>\n<p>Incluso aunque, como suele ser habitual, los historiadores llegamos tarde y mal a esta cuesti\u00f3n. Como he podido comprobar en primera persona, hace a\u00f1os.<\/p>\n<p>Aun as\u00ed, pese a ese panorama tan poco prometedor, creo que no estar\u00e1 de m\u00e1s mencionar algunos datos sobre el tema. Directamente extra\u00eddos de los archivos, que son los \u00fanicos que nos pueden decir, al menos de momento, si algo es verdaderamente extraordinario o, en contra de lo que parece, se ha repetido con cierta regularidad a lo largo de varios siglos y no s\u00f3lo desde hace unas d\u00e9cadas.<\/p>\n<p>Sin m\u00e1s pre\u00e1mbulo, empecemos pues a hablar de lo verdaderamente importante. Es decir, de c\u00f3mo se puede hacer una Historia del Clima eficaz a partir de los registros de archivo. Lo m\u00e1s llamativo del caso de las trombas que han anegado esta semana pasada la zona en torno al Deva-Urola, es que, por desgracia, no tienen nada de raro.<\/p>\n<p>As\u00ed es. Los registros documentales conservados por la Diputaci\u00f3n guipuzcoana no parecen (como es habitual en estos casos) enteramente completos. Sin embargo, el apartado de su archivo hist\u00f3rico dedicado a lo que se califica de \u201cCat\u00e1strofes naturales\u201d, guarda varios expedientes del siglo XVI en los que se habla de c\u00f3mo el Deva y\/o el Urola se desbord\u00f3 causando inundaciones catastr\u00f3ficas.<\/p>\n<p>En efecto. El primero de esos documentos, conservado bajo la signatura JD IM 1\/22\/2 en Tolosa, est\u00e1 fechado entre 1593 y finales del mes de abril de 1594 y recoge diversa documentaci\u00f3n hablando de una avenida de aguas \u201csubidas\u201d.<\/p>\n<p>Los responsables pol\u00edticos de la \u00e9poca y el lugar aseguraban a la Diputaci\u00f3n guipuzcoana que, sin embargo, esa furia de las aguas no se hab\u00eda visto desde hac\u00eda siglos\u2026 As\u00ed pues, deber\u00edamos dar por bueno que el ciclo de inundaciones catastr\u00f3ficas peri\u00f3dicas en la zona de Deva-Urola, datar\u00eda, cuando menos, de finales del siglo XVI y lo de esta semana pasada no ser\u00eda sino otro episodio m\u00e1s de ese hecho clim\u00e1tico repetido peri\u00f3dicamente. Aunque no con demasiada asiduidad.<\/p>\n<p>En efecto, ese negociado de cat\u00e1strofes naturales que nos habla de esa riada que barri\u00f3 con todo entre Legazpia y Deva en 1593, no vuelve a dar datos hasta pasados varios siglos.<\/p>\n<p>De hecho, son otros documentos del archivo general guipuzcoano los que dan alg\u00fan indicio. En este caso es un informe judicial del a\u00f1o 1639, guardado bajo la signatura CO LCI 1011, que habla de una nueva avenida catastr\u00f3fica algo m\u00e1s al Este de la provincia. En este caso en Usurbil, no lejos de San Sebasti\u00e1n.<\/p>\n<p>As\u00ed el salto temporal en el negociado de la Diputaci\u00f3n dedicado a este tema, es notable hasta llegar a una nueva riada en la zona occidental de la provincia. Eso no parece haber ocurrido hasta 1819, concretamente hasta el 23 de mayo de ese a\u00f1o. Es lo que atestigua una detallada memoria elaborada por el ingeniero militar y arquitecto (puede que tambi\u00e9n esp\u00eda durante las guerras napole\u00f3nicas) Pedro Manuel de Ugartemendia, que informaba a la Diputaci\u00f3n de esos da\u00f1os en 1820. Dej\u00e1ndonos esa informaci\u00f3n en un documento guardado por esa instituci\u00f3n bajo la signatura JD IM 2\/8\/63.<\/p>\n<p>A partir de ese momento, el intervalo entre cat\u00e1strofe clim\u00e1tica y cat\u00e1strofe clim\u00e1tica en esa zona occidental de Guip\u00fazcoa tiende a espaciarse menos. As\u00ed, en el a\u00f1o 1831 un hurac\u00e1n arrasa Cegama, tal y como se cuenta en el documento conservado por la Diputaci\u00f3n de esa provincia bajo la signatura JD IM 1\/22\/13.<\/p>\n<p>S\u00f3lo tres a\u00f1os despu\u00e9s, la zona de Vergara y poblaciones adyacentes hasta Elgoibar vuelven a sufrir una riada extraordinaria, explicada con todo detalle en el documento JD IM 1\/22\/14\u2026<\/p>\n<p>Esa ser\u00eda, pues, la pauta temporal de hechos clim\u00e1ticos similares a los que se han vivido esta semana, una vez m\u00e1s, en casi las mismas poblaciones que, peri\u00f3dicamente, se ven afectadas por espasmos clim\u00e1ticos de ese tipo desde al menos finales del siglo XVI. Seg\u00fan nos lo indica esta documentaci\u00f3n.<\/p>\n<p>Una coincidencia desde luego curiosa. Y llamativa, teniendo en cuenta que, al menos en teor\u00eda, nuestra tecnolog\u00eda deber\u00eda estar suficientemente desarrollada, tras casi cinco siglos, como para haber roto esa pauta que, sin embargo, volvi\u00f3 a confirmarse, para el caso guipuzcoano, la semana pasada.<\/p>\n<p>Quiz\u00e1s esa concatenaci\u00f3n de detalles deber\u00eda servir para que la crisis clim\u00e1tica que se supone padece la Humanidad en su conjunto, fuera abordada con m\u00e1s seriedad y eco medi\u00e1tico y divulgativo a partir de aqu\u00ed. No reduciendo estos datos de aproximaci\u00f3n (\u201cproxy data\u201d en jerga t\u00e9cnica anglosajona) a meras curiosidades o a materia de discusi\u00f3n para cerrados cen\u00e1culos acad\u00e9micos que, muchas veces, por desgracia, no van a ninguna parte. En el peor de los casos s\u00f3lo a engrosar los curr\u00edculums de algunos investigadores atra\u00eddos, a \u00faltima hora, por este tema para dotar de alg\u00fan brillo a expedientes personales (a veces muy necesitados de lo que sea con tal de no quedar atr\u00e1s en la famosa \u201ccarrera de ratas\u201d acad\u00e9mica) gracias a esas palabras -\u201cCambio clim\u00e1tico\u201d- hoy, desgraciadamente, tan populares y casi dotadas de fuerza m\u00e1gica.<\/p>\n<p>Algo que, considerando la riqueza y el inter\u00e9s general de la documentaci\u00f3n disponible para ciertos casos como el que nos ocupa, resulta verdaderamente lastimoso\u2026<\/p>\n<p>&nbsp;<\/p>\n<p>&nbsp;<\/p>\n<!-- AddThis Advanced Settings generic via filter on the_content --><!-- AddThis Share Buttons generic via filter on the_content -->","protected":false},"excerpt":{"rendered":"<p>Por Carlos Rilova Jeric\u00f3 Esta semana llam\u00f3 mi atenci\u00f3n, y mucho, la cobertura que dieron los medios a las inundaciones que tuvieron lugar en la parte del territorio guipuzcoano m\u00e1s occidental. Es decir, el que hace frontera con Vizcaya y \u00c1lava y aloja las cuencas de los r\u00edos Deva y Urola. Desde siempre cosas as\u00ed [&hellip;]<!-- AddThis Advanced Settings generic via filter on get_the_excerpt --><!-- AddThis Share Buttons generic via filter on get_the_excerpt --><\/p>\n","protected":false},"author":56,"featured_media":0,"comment_status":"open","ping_status":"closed","sticky":false,"template":"","format":"standard","meta":[],"categories":[1],"tags":[2699,2700,2703,2697,2698,1346,2701,2704,2702],"_links":{"self":[{"href":"https:\/\/blogs.diariovasco.com\/correo-historia\/wp-json\/wp\/v2\/posts\/1613"}],"collection":[{"href":"https:\/\/blogs.diariovasco.com\/correo-historia\/wp-json\/wp\/v2\/posts"}],"about":[{"href":"https:\/\/blogs.diariovasco.com\/correo-historia\/wp-json\/wp\/v2\/types\/post"}],"author":[{"embeddable":true,"href":"https:\/\/blogs.diariovasco.com\/correo-historia\/wp-json\/wp\/v2\/users\/56"}],"replies":[{"embeddable":true,"href":"https:\/\/blogs.diariovasco.com\/correo-historia\/wp-json\/wp\/v2\/comments?post=1613"}],"version-history":[{"count":1,"href":"https:\/\/blogs.diariovasco.com\/correo-historia\/wp-json\/wp\/v2\/posts\/1613\/revisions"}],"predecessor-version":[{"id":1615,"href":"https:\/\/blogs.diariovasco.com\/correo-historia\/wp-json\/wp\/v2\/posts\/1613\/revisions\/1615"}],"wp:attachment":[{"href":"https:\/\/blogs.diariovasco.com\/correo-historia\/wp-json\/wp\/v2\/media?parent=1613"}],"wp:term":[{"taxonomy":"category","embeddable":true,"href":"https:\/\/blogs.diariovasco.com\/correo-historia\/wp-json\/wp\/v2\/categories?post=1613"},{"taxonomy":"post_tag","embeddable":true,"href":"https:\/\/blogs.diariovasco.com\/correo-historia\/wp-json\/wp\/v2\/tags?post=1613"}],"curies":[{"name":"wp","href":"https:\/\/api.w.org\/{rel}","templated":true}]}}