{"id":1634,"date":"2018-07-16T11:31:03","date_gmt":"2018-07-16T09:31:03","guid":{"rendered":"http:\/\/blogs.diariovasco.com\/correo-historia\/?p=1634"},"modified":"2018-07-16T11:31:03","modified_gmt":"2018-07-16T09:31:03","slug":"un-14-de-julio-un-tanto-especial-el-mayo-del-68-y-la-fiesta-nacional-francesa-hace-cincuenta-anos","status":"publish","type":"post","link":"https:\/\/blogs.diariovasco.com\/correo-historia\/2018\/07\/16\/un-14-de-julio-un-tanto-especial-el-mayo-del-68-y-la-fiesta-nacional-francesa-hace-cincuenta-anos\/","title":{"rendered":"Un 14 de julio un tanto especial. El Mayo del 68 y la Fiesta Nacional francesa hace cincuenta a\u00f1os"},"content":{"rendered":"<p><strong>Por Carlos Rilova Jeric\u00f3<\/strong><\/p>\n<p class=\"alignleft\" title=\"Cargas policiales en Mayo del 68. Foto AFP, Jacques Marie\"><img loading=\"lazy\" class=\"alignleft size-medium wp-image-1635\" src=\"https:\/\/static-blogs.diariovasco.com\/wp-content\/uploads\/sites\/34\/2018\/07\/Gendarmes-y-manifestantes-en-el-Mayo-franc\u00e9s.-Foto-AFP-Jacques-Marie-300x169.jpg\" alt=\"gendarmes-y-manifestantes-en-el-mayo-frances-foto-afp-jacques-marie\" width=\"300\" height=\"169\" srcset=\"https:\/\/static-blogs.diariovasco.com\/wp-content\/uploads\/sites\/34\/2018\/07\/Gendarmes-y-manifestantes-en-el-Mayo-franc\u00e9s.-Foto-AFP-Jacques-Marie-300x169.jpg 300w, https:\/\/static-blogs.diariovasco.com\/wp-content\/uploads\/sites\/34\/2018\/07\/Gendarmes-y-manifestantes-en-el-Mayo-franc\u00e9s.-Foto-AFP-Jacques-Marie-768x434.jpg 768w, https:\/\/static-blogs.diariovasco.com\/wp-content\/uploads\/sites\/34\/2018\/07\/Gendarmes-y-manifestantes-en-el-Mayo-franc\u00e9s.-Foto-AFP-Jacques-Marie-628x354.jpg 628w, https:\/\/static-blogs.diariovasco.com\/wp-content\/uploads\/sites\/34\/2018\/07\/Gendarmes-y-manifestantes-en-el-Mayo-franc\u00e9s.-Foto-AFP-Jacques-Marie.jpg 1024w\" sizes=\"(max-width: 300px) 100vw, 300px\" \/>Este s\u00e1bado pasado -seguro que no se les ha pasado desapercibido- fue el 14 de julio. Ese d\u00eda, cada 14 de julio, fue elegido por los franceses (no hace tanto tiempo) como su fiesta nacional. Por una sencilla raz\u00f3n: un 14 de julio del a\u00f1o 1789, el pueblo de Par\u00eds tom\u00f3 a ca\u00f1onazos la prisi\u00f3n de la Bastilla, por ser un s\u00edmbolo del r\u00e9gimen de monarqu\u00eda desp\u00f3tica que esos asaltantes quer\u00edan borrar de la faz de la Tierra.<\/p>\n<p>Se podr\u00eda hablar, largo y tendido, en una p\u00e1gina como \u00e9sta, de la Historia de esos hechos. De qui\u00e9nes estaban realmente all\u00ed aquel d\u00eda, de si era tan importante tomar esa prisi\u00f3n del rey en la que, en realidad, hab\u00eda muy pocos prisioneros y bastante poco afines a las masas enardecidas que tomaron la fortaleza y ajustaron cuentas con el Antiguo R\u00e9gimen\u2026 empezando con los mercenarios suizos al servicio de la Casa Real francesa. Se podr\u00eda hablar, igualmente, de c\u00f3mo esa prisi\u00f3n fue demolida, piedra a piedra -lo pueden comprobar si se dan una vuelta por la actual Plaza de la Bastilla- y esas mismas piedras transformadas en \u201csouvenir\u201d revolucionario por un avispado ciudadano, que las convirti\u00f3 en peque\u00f1as reproducciones de la Bastilla original.<\/p>\n<p>Puede que, si hay vida y ocasi\u00f3n, lo haga en futuras ediciones de esta p\u00e1gina, pero este lunes en el que Francia, adem\u00e1s, festeja su segunda Copa del Mundo, me ha parecido que no hab\u00eda que dejar escapar otra ocasi\u00f3n: la de reconstruir, aunque s\u00f3lo fuera en parte, el modo en el que se celebr\u00f3 esa fiesta de origen revolucionario con Par\u00eds sumido en una nueva convulsi\u00f3n pol\u00edtica. En este caso la del famoso \u201cMayo franc\u00e9s\u201d, que este a\u00f1o cumple su primer cincuentenario.<\/p>\n<p>Para ello, me he sumergido en las p\u00e1ginas de este mismo peri\u00f3dico, \u201cEl Diario Vasco\u201d, en su edici\u00f3n del 14 de julio de 1968, perfectamente digitalizada y accesible gracias a los buenos oficios de la Diputaci\u00f3n foral guipuzcoana.<\/p>\n<p>As\u00ed pues, si nos preguntamos qu\u00e9 pasaba el 14 de julio de 1968 en el Par\u00eds convulsionado por una nueva revoluci\u00f3n, la respuesta de la edici\u00f3n de \u201cEl Diario Vasco\u201d de ese d\u00eda era que Francia hab\u00eda estrenado un nuevo gobierno el 13 de julio de 1968. Lo presid\u00eda Maurice Couve de Murville. Dec\u00eda Jaime Pol Girbal, el corresponsal en Par\u00eds del DV, que todo transcurr\u00eda con cierta normalidad. As\u00ed, Couve asistir\u00eda ese mismo d\u00eda 14 de julio al habitual desfile militar por los Campos El\u00edseos y que la noche del 13 al 14, que era cuando Pol Girbal hab\u00eda escrito esta cr\u00f3nica, la ciudad hab\u00eda festejado -de acuerdo a la vieja tradici\u00f3n republicana- el nuevo catorce de julio en un ambiente de verbena.<\/p>\n<p>As\u00ed pues, a primera vista, parec\u00eda que la indignaci\u00f3n estudiantil que hab\u00eda conmovido al Mundo entero, las barricadas y la Polic\u00eda cargando con sus anticuados impermeables -y sus no menos anticuados cascos militares con gafas de motorista- no hab\u00edan conseguido alterar \u00e9sta ya bien asentada celebraci\u00f3n. Ni siquiera para impedir que el s\u00edmbolo m\u00e1s odiado por los revolucionarios de 1968 -el general De Gaulle- presidiera, una vez m\u00e1s, aquellos fastos.<\/p>\n<p>Sin embargo, esa primera impresi\u00f3n de la cr\u00f3nica de Pol Girbal para \u201cEl Diario Vasco\u201d, se desment\u00eda a medida que se desarrollaba el resto de su cr\u00f3nica.<\/p>\n<p>En ella hab\u00eda ecos bastante claros de la inquietud pol\u00edtica que conmov\u00eda Francia. Pol Girbal dec\u00eda, con palabras que bien podr\u00eda haber sostenido un Danny Cohn-Bendit, que De Gaulle hab\u00eda dirigido un discurso paternalista a los nuevos ministros.<\/p>\n<p>Tambi\u00e9n podr\u00eda haber gustado a los estudiantes de Nanterre la opini\u00f3n del corresponsal de este peri\u00f3dico de aquel 14 de julio de 1968, cuando dec\u00eda que, en realidad, ese nuevo gobierno no era tan nuevo. De hecho, la mayor parte de sus miembros hab\u00edan pasado, de un modo u otro por el gobierno anterior: el de Pompidou\u2026<\/p>\n<p>Quedaba claro tambi\u00e9n, en esa cr\u00f3nica de Jaime Pol Girbal para \u201cEl Diario Vasco\u201d de aquel 14 de julio de 1968, que el pretendido nuevo gobierno de Couve de Murville estaba all\u00ed para resolver el descontento que se manifestaba en la sociedad francesa en esos momentos. Eso s\u00ed: siempre bajo la f\u00e9rula de De Gaulle,<\/p>\n<p>Para ello el que Pol Girbal llamaba \u201cgrand Charles\u201d, el inefable general De Gaulle, daba como directrices el restablecer el orden p\u00fablico conmovido en las seis semanas anteriores a ese momento que hab\u00edan defenestrado al gabinete Pompidou. Por otra, De Gaulle ofrec\u00eda, adem\u00e1s de ese palo, la zanahoria de sentarse a dialogar durante un laborioso verano, en el que \u00e9l incluso renunciaba a seguir redactando sus memorias en la paz y tranquilidad de Colombey-les-Deux-\u00c9glises. Esa oferta de di\u00e1logo se hac\u00eda extensiva a sindicalistas, estudiantes, universitarios en general y otros agentes sociales y pol\u00edticos, para tratar de las posibles reformas a abordar. Empezando por una muy discutida Ley de Finanzas que la Francia de esos momentos parec\u00eda estar necesitando urgentemente.<\/p>\n<p>Esa ser\u00eda, pues, la situaci\u00f3n que viv\u00eda el Par\u00eds del 14 de julio del a\u00f1o prodigioso de 1968 \u00bfQu\u00e9 m\u00e1s contaba al respecto \u201cEl Diario Vasco\u201d de tan se\u00f1alada fecha?<\/p>\n<p>Un art\u00edculo de fondo firmado por Ignacio Ram\u00edrez, repasaba diversas cuestiones candentes a nivel internacional.<\/p>\n<p>La primera de ellas era, precisamente, la opini\u00f3n de los franceses, acerca de si De Gaulle hab\u00eda resuelto los problemas planteados durante las seis semanas antecedentes al apartar a Pompidou del Gobierno. Se dudaba en Francia de que esa decisi\u00f3n era, tal vez, tan s\u00f3lo fruto de la inquina personal del viejo general, que as\u00ed se hab\u00eda deshecho de un personaje al que ve\u00eda como un peligroso rival. Uno m\u00e1s brillante que \u00e9l, al que hab\u00eda que eclipsar antes de que su brillo eclipsase la mediocridad que el general cre\u00eda padecer ante los hechos -intelectuales y pol\u00edticos- de Pompidou\u2026<\/p>\n<p>Ram\u00edrez desde\u00f1aba esa interpretaci\u00f3n, que consideraba indigna de la inteligencia pol\u00edtica de De Gaulle, y ahondaba, por el contrario, en los graves problemas que sufr\u00eda Francia, aquejada por una revoluci\u00f3n m\u00e1s seria que esa supuesta \u201crevoluci\u00f3n de juguete\u201d a la que se refer\u00edan De Gaulle y los gaullistas el 3 de mayo de 1968. Antes \u00a0de tener que recular ante ella. Como evidenciaba esa crisis gubernamental.<\/p>\n<p>Este mismo espacio era aprovechado por Ignacio Ram\u00edrez para lanzar un sorprendente an\u00e1lisis -para la, en general, gris Espa\u00f1a franquista- acerca de la situaci\u00f3n en Checoslovaquia, que este periodista defin\u00eda como camino de una democratizaci\u00f3n que aplicase un Socialismo verdaderamente real. Fen\u00f3meno que tambi\u00e9n estaba contagiando a la juventud universitaria rusa, ansiosa de esos aires de Libertad que se ve\u00edan en Checoslovaquia en esos momentos\u2026<\/p>\n<p>La edici\u00f3n de 15 de julio de 1968 de \u201cEl Diario Vasco\u201c, que deb\u00eda recoger evidentemente lo ocurrido el 14 de ese mes y a\u00f1o en Par\u00eds, no exist\u00eda. En efecto, aquel 14 de julio de hace cincuenta a\u00f1os hab\u00eda ca\u00eddo en domingo y el lunes, en aquellas fechas, s\u00f3lo aparec\u00eda la denominada \u201cHoja del lunes\u201d, que sustitu\u00eda a todos los dem\u00e1s peri\u00f3dicos, cerrados ese d\u00eda por descanso semanal.<\/p>\n<p>La \u201cHoja del lunes\u201d del 15 de julio de 1968 se hac\u00eda eco -y en primera p\u00e1gina- de que los problemas de la Francia gaullista -con la Francia nuevamente revolucionaria- hab\u00edan continuado.<\/p>\n<p>La noticia de ese 15 de julio dec\u00eda que De Gaulle hab\u00eda presidido el habitual desfile del 14 de julio, pero asimismo Par\u00eds se hab\u00eda conmovido no s\u00f3lo por el paso de sus fuerzas armadas por los Campos El\u00edseos, sino por otra de esas caracter\u00edsticas manifestaciones sesentayochistas. As\u00ed, estudiantes y otros elementos revolucionarios, se manifestaron entre la noche del 13 y la madrugada del 14 de julio en la Plaza de la Bastilla bajo el eslogan de \u201cNo es m\u00e1s que un comienzo. Continuaremos luchando\u201d y tras esto -y en medio de la gran multitud reunida en Par\u00eds para los fastos del 14 de julio- comenzar a montar barricadas y lanzar piedras contra unas fuerzas de Orden P\u00fablico r\u00e1pidamente desplegadas.<\/p>\n<p>Comenzar\u00e1 as\u00ed una batalla callejera que no concluir\u00e1, seg\u00fan el cable remitido por la agencia Efe, hasta las tres de la madrugada de esa noche del 13 al 14 de julio de 1968.<\/p>\n<p>Todo lo cual, sin embargo, y como ya sabemos por \u201cEl Diario Vasco\u201d del 14 de julio de 1968, no impidi\u00f3 la celebraci\u00f3n del desfile con un m\u00e1s o menos ufano general De Gaulle presidi\u00e9ndolo. Acaso ignorante, todav\u00eda, de que, en efecto, la lucha, como promet\u00edan los manifestantes de la noche anterior, iba a seguir hasta barrer aquel estado de cosas que \u00e9l representaba y parec\u00eda ya muy caduco desde Mayo de 1968\u2026<\/p>\n<p>&nbsp;<\/p>\n<p>&nbsp;<\/p>\n<p>&nbsp;<\/p>\n<!-- AddThis Advanced Settings generic via filter on the_content --><!-- AddThis Share Buttons generic via filter on the_content -->","protected":false},"excerpt":{"rendered":"<p>Por Carlos Rilova Jeric\u00f3 Este s\u00e1bado pasado -seguro que no se les ha pasado desapercibido- fue el 14 de julio. Ese d\u00eda, cada 14 de julio, fue elegido por los franceses (no hace tanto tiempo) como su fiesta nacional. Por una sencilla raz\u00f3n: un 14 de julio del a\u00f1o 1789, el pueblo de Par\u00eds tom\u00f3 [&hellip;]<!-- AddThis Advanced Settings generic via filter on get_the_excerpt --><!-- AddThis Share Buttons generic via filter on get_the_excerpt --><\/p>\n","protected":false},"author":56,"featured_media":0,"comment_status":"open","ping_status":"closed","sticky":false,"template":"","format":"standard","meta":[],"categories":[1],"tags":[322,337,2731,2730,1093,1261,2595,2727,2729,2732,2728],"_links":{"self":[{"href":"https:\/\/blogs.diariovasco.com\/correo-historia\/wp-json\/wp\/v2\/posts\/1634"}],"collection":[{"href":"https:\/\/blogs.diariovasco.com\/correo-historia\/wp-json\/wp\/v2\/posts"}],"about":[{"href":"https:\/\/blogs.diariovasco.com\/correo-historia\/wp-json\/wp\/v2\/types\/post"}],"author":[{"embeddable":true,"href":"https:\/\/blogs.diariovasco.com\/correo-historia\/wp-json\/wp\/v2\/users\/56"}],"replies":[{"embeddable":true,"href":"https:\/\/blogs.diariovasco.com\/correo-historia\/wp-json\/wp\/v2\/comments?post=1634"}],"version-history":[{"count":2,"href":"https:\/\/blogs.diariovasco.com\/correo-historia\/wp-json\/wp\/v2\/posts\/1634\/revisions"}],"predecessor-version":[{"id":1637,"href":"https:\/\/blogs.diariovasco.com\/correo-historia\/wp-json\/wp\/v2\/posts\/1634\/revisions\/1637"}],"wp:attachment":[{"href":"https:\/\/blogs.diariovasco.com\/correo-historia\/wp-json\/wp\/v2\/media?parent=1634"}],"wp:term":[{"taxonomy":"category","embeddable":true,"href":"https:\/\/blogs.diariovasco.com\/correo-historia\/wp-json\/wp\/v2\/categories?post=1634"},{"taxonomy":"post_tag","embeddable":true,"href":"https:\/\/blogs.diariovasco.com\/correo-historia\/wp-json\/wp\/v2\/tags?post=1634"}],"curies":[{"name":"wp","href":"https:\/\/api.w.org\/{rel}","templated":true}]}}