{"id":1639,"date":"2018-07-23T11:30:08","date_gmt":"2018-07-23T09:30:08","guid":{"rendered":"https:\/\/blogs.diariovasco.com\/correo-historia\/?p=1639"},"modified":"2021-10-31T11:44:03","modified_gmt":"2021-10-31T09:44:03","slug":"los-numerosos-murphy-de-irlanda-historia-identidad-nacional-y-otras-trampas-del-pasado","status":"publish","type":"post","link":"https:\/\/blogs.diariovasco.com\/correo-historia\/2018\/07\/23\/los-numerosos-murphy-de-irlanda-historia-identidad-nacional-y-otras-trampas-del-pasado\/","title":{"rendered":"Los numerosos Murphy de Irlanda. Historia, identidad nacional y otras trampas del Pasado"},"content":{"rendered":"<p><strong>Por Carlos Rilova Jeric\u00f3<\/strong><\/p>\n<p class=\"alignleft\" title=\"Reconstrucci\u00f3n de un guerrero dan\u00e9s de la \u00e9poca de las invasiones vikingas\"><img loading=\"lazy\" class=\"alignleft size-medium wp-image-1640\" src=\"https:\/\/static-blogs.diariovasco.com\/wp-content\/uploads\/sites\/34\/2018\/07\/Guerrero-dan\u00e9s-200x300.jpg\" alt=\"guerrero-danes\" width=\"200\" height=\"300\" srcset=\"https:\/\/static-blogs.diariovasco.com\/wp-content\/uploads\/sites\/34\/2018\/07\/Guerrero-dan\u00e9s-200x300.jpg 200w, https:\/\/static-blogs.diariovasco.com\/wp-content\/uploads\/sites\/34\/2018\/07\/Guerrero-dan\u00e9s-768x1152.jpg 768w, https:\/\/static-blogs.diariovasco.com\/wp-content\/uploads\/sites\/34\/2018\/07\/Guerrero-dan\u00e9s-419x628.jpg 419w, https:\/\/static-blogs.diariovasco.com\/wp-content\/uploads\/sites\/34\/2018\/07\/Guerrero-dan\u00e9s.jpg 1024w\" sizes=\"(max-width: 200px) 100vw, 200px\" \/>La idea para este nuevo correo de la Historia me vino a ra\u00edz de la lectura de un art\u00edculo en una de esas revistas que solemos encontrar en las salas de espera y que contienen art\u00edculos de fondo llenos de -a qu\u00e9 negarlo- cuestiones bastante curiosas contadas de una manera bastante amena.<\/p>\n<p>En este caso, el art\u00edculo hablaba de cu\u00e1les eran los apellidos m\u00e1s comunes en distintos estados de la Uni\u00f3n Europea. Y cual era el significado de esos apellidos.<\/p>\n<p>Por ejemplo, en el caso de Grecia, el apellido m\u00e1s com\u00fan era Papad\u00f3poulos, que quiere decir \u201chijo de cura\u201d. Un balance curioso para un pa\u00eds con un clero que se puede casar y en el que, como es l\u00f3gico, los curas tendr\u00edan hijos, sin que eso fuera ninguna novedad a dejar subrayada en el apellido\u2026<\/p>\n<p>Pero en t\u00e9rminos hist\u00f3ricos el apellido que m\u00e1s me llam\u00f3 la atenci\u00f3n fue el que era m\u00e1s com\u00fan en Irlanda -Murphy- y su significado: \u201cguerrero del Mar\u201d.<\/p>\n<p>Independientemente de las connotaciones po\u00e9ticas de ese apellido, Murphy parece un interesante vestigio hist\u00f3rico que nos estar\u00eda contando la atormentada Historia de invasiones sufridas por Irlanda a lo largo de los siglos.<\/p>\n<p>Esa cuesti\u00f3n de las invasiones padecidas por Irlanda se pierde, como se suele decir habitualmente, en las nieblas del Pasado.<\/p>\n<p>En efecto, uno de los fundamentos de la Literatura en la lengua ga\u00e9lica irlandesa es el \u201cLeabhar Gabh\u00e1la\u201d, que, traducido al castellano, quiere decir, ni m\u00e1s ni menos, que \u201cEl Libro de las invasiones\u201d.<\/p>\n<p>Las invasiones a las que alude el \u201cLeabhar Gabh\u00e1la\u201d son, como dec\u00eda, semim\u00edticas. En \u00e9l se habla de varias\u00a0oleadas. Entre ellas una que habr\u00eda llegado desde tierras de la Pen\u00ednsula Ib\u00e9rica -desde la actual Galicia para ser m\u00e1s exactos- guiada por un pueblo conocido cono los Milesios.<\/p>\n<p>Esos habr\u00edan sido, pues, los primeros guerreros llegados desde el Mar a Irlanda\u2026<\/p>\n<p>Parece evidente que esta historia de los Milesios, y otros, no es nada m\u00e1s que una manera simb\u00f3lica de fijar un relato sobre la llegada de m\u00faltiples pueblos guerreros hasta las costas irlandesas, para perpetrar all\u00ed distintas invasiones totales o parciales de la isla.<\/p>\n<p>Entre ellas alguna que otra protagonizada por pueblos pertenecientes a esa cultura ampliamente extendida por toda Europa que identificamos, gen\u00e9ricamente, como pueblos celtas y que hoy, para los irlandeses actuales, es la esencia de su identidad nacional.<\/p>\n<p>Y ah\u00ed entrar\u00eda esta cuesti\u00f3n del muy extendido apellido Murphy en ese pa\u00eds.<\/p>\n<p>Si nos guiamos por ese dato, habr\u00eda que deducir que la mayor, o una gran, parte de la actual poblaci\u00f3n irlandesa ha sido fruto de relaciones no demasiado amistosas con los integrantes de las sucesivas oleadas invasoras. Con esos guerreros llegados desde el Mar a los que alude el apellido Murphy.<\/p>\n<p>Ese ser\u00eda el caso, bien documentado por otra parte, lejos de relatos semim\u00edticos como el del &#8220;Leabhar Gabh\u00e1la&#8221;, de los vikingos, que en los siglos centrales de la Edad Media atacar\u00e1n con mucha frecuencia tanto las costas escocesas como las irlandesas.<\/p>\n<p>Algo notable, en buena medida, en otro de los rasgos que los irlandeses han convertido en parte de sus esencias nacionales. Es decir, el ser pelirrojos. Una caracter\u00edstica que -libro de Gen\u00e9tica en mano- surge de la mezcla de poblaciones de pelo oscuro -como lo eran gran parte de los celtas- con poblaciones de cabello rubio. Como lo eran la mayor parte de los normandos, de esos otros guerreros tambi\u00e9n venidos desde el Mar a las costas de la verde Erin\u2026<\/p>\n<p>As\u00ed las cosas, parecer\u00eda evidente, o cuando menos una cuesti\u00f3n a considerar seriamente, que algunas de las caracter\u00edsticas m\u00e1s esenciales de esa naci\u00f3n -Irlanda- que lleva la bandera de lo celta como se\u00f1a de identidad, ser\u00edan m\u00e1s bien fruto de algo desgraciadamente habitual en la Historia humana. Es decir, de las oleadas de invasi\u00f3n de las que est\u00e1 llena nuestra Historia. Esas que, entre otros cortejos de desgracias, suelen traer aparejadas numerosas relaciones no consentidas, que dan lugar a una descendencia a la que, como a los numerosos hijos de cura en Grecia, se les acaba dando un nombre gen\u00e9rico. Uno que en este caso bien puede ser el de Murphy. O guerrero venido del Mar\u2026<\/p>\n<p>De esas paradojas, por supuesto, est\u00e1n llenos los libros de Historia. Un buen ejemplo de ello es la propia Irlanda actual. No la de los tiempos m\u00edticos del &#8220;Leabhar Gabh\u00e1la&#8221; o la de los siglos oscuros de las invasiones vikingas, sino la de la \u00e9poca de la revoluci\u00f3n francesa.<\/p>\n<p>Es en ella donde aparece la actual bandera irlandesa que esa naci\u00f3n, hoy independiente, exhibe como s\u00edmbolo nacional.<\/p>\n<p>Se habr\u00e1n fijado en que se compone de una franja blanca, otra verde y otra de color naranja. La elecci\u00f3n de esa gama crom\u00e1tica obedece a unos intereses pol\u00edticos del momento -los de la \u00e9poca de las guerras de Gran Breta\u00f1a contra la Francia revolucionaria- que poco o nada tienen que ver con los que defienden actualmente los unionistas brit\u00e1nicos asentados en el Ulster, pero tampoco los nacionalistas irlandeses que tienen, desde hace d\u00e9cadas, el control de la Irlanda independiente.<\/p>\n<p>De hecho, la uni\u00f3n de ambos colores -verde y naranja- en la actual bandera nacional irlandesa es algo que, en puridad, repeler\u00eda profundamente tanto a los nacionalistas irlandeses, como a los unionistas brit\u00e1nicos.<\/p>\n<p>Y a\u00fan as\u00ed, esa bandera se ha convertido, a lo largo de todo el siglo XIX y el XX en el s\u00edmbolo de una Irlanda independiente, en su m\u00e1xima se\u00f1a de identidad nacional\u2026<\/p>\n<p>Pero de eso se hablar\u00e1, quiz\u00e1s, en un futuro correo de la Historia. No en \u00e9ste, en el que ya se ha dicho bastante por hoy&#8230;<\/p>\n<!-- AddThis Advanced Settings generic via filter on the_content --><!-- AddThis Share Buttons generic via filter on the_content -->","protected":false},"excerpt":{"rendered":"<p>Por Carlos Rilova Jeric\u00f3 La idea para este nuevo correo de la Historia me vino a ra\u00edz de la lectura de un art\u00edculo en una de esas revistas que solemos encontrar en las salas de espera y que contienen art\u00edculos de fondo llenos de -a qu\u00e9 negarlo- cuestiones bastante curiosas contadas de una manera bastante [&hellip;]<!-- AddThis Advanced Settings generic via filter on get_the_excerpt --><!-- AddThis Share Buttons generic via filter on get_the_excerpt --><\/p>\n","protected":false},"author":56,"featured_media":0,"comment_status":"open","ping_status":"closed","sticky":false,"template":"","format":"standard","meta":[],"categories":[1],"tags":[2734,1261,1350,3693],"_links":{"self":[{"href":"https:\/\/blogs.diariovasco.com\/correo-historia\/wp-json\/wp\/v2\/posts\/1639"}],"collection":[{"href":"https:\/\/blogs.diariovasco.com\/correo-historia\/wp-json\/wp\/v2\/posts"}],"about":[{"href":"https:\/\/blogs.diariovasco.com\/correo-historia\/wp-json\/wp\/v2\/types\/post"}],"author":[{"embeddable":true,"href":"https:\/\/blogs.diariovasco.com\/correo-historia\/wp-json\/wp\/v2\/users\/56"}],"replies":[{"embeddable":true,"href":"https:\/\/blogs.diariovasco.com\/correo-historia\/wp-json\/wp\/v2\/comments?post=1639"}],"version-history":[{"count":4,"href":"https:\/\/blogs.diariovasco.com\/correo-historia\/wp-json\/wp\/v2\/posts\/1639\/revisions"}],"predecessor-version":[{"id":3101,"href":"https:\/\/blogs.diariovasco.com\/correo-historia\/wp-json\/wp\/v2\/posts\/1639\/revisions\/3101"}],"wp:attachment":[{"href":"https:\/\/blogs.diariovasco.com\/correo-historia\/wp-json\/wp\/v2\/media?parent=1639"}],"wp:term":[{"taxonomy":"category","embeddable":true,"href":"https:\/\/blogs.diariovasco.com\/correo-historia\/wp-json\/wp\/v2\/categories?post=1639"},{"taxonomy":"post_tag","embeddable":true,"href":"https:\/\/blogs.diariovasco.com\/correo-historia\/wp-json\/wp\/v2\/tags?post=1639"}],"curies":[{"name":"wp","href":"https:\/\/api.w.org\/{rel}","templated":true}]}}