{"id":1666,"date":"2018-08-20T11:30:38","date_gmt":"2018-08-20T09:30:38","guid":{"rendered":"https:\/\/blogs.diariovasco.com\/correo-historia\/?p=1666"},"modified":"2024-03-31T13:58:50","modified_gmt":"2024-03-31T11:58:50","slug":"no-es-la-musica-de-master-commander-es-la-musica-de-goya-un-apunte-sobre-el-esnobismo-historico","status":"publish","type":"post","link":"https:\/\/blogs.diariovasco.com\/correo-historia\/2018\/08\/20\/no-es-la-musica-de-master-commander-es-la-musica-de-goya-un-apunte-sobre-el-esnobismo-historico\/","title":{"rendered":"No es la m\u00fasica de \u201cMaster &#038; commander\u201d, es la m\u00fasica de \u201cGoya\u201d. Un apunte sobre el esnobismo hist\u00f3rico"},"content":{"rendered":"<p><strong>Por Carlos Rilova Jeric\u00f3<\/strong><\/p>\n<p class=\"alignleft\" title=\"Retrato de Luigi Boccherini\"><img loading=\"lazy\" class=\"alignleft wp-image-1667 size-medium\" title=\"Retrato de Luigi Boccherini. Biblioteca de la Universidad de Leipzig\" src=\"https:\/\/static-blogs.diariovasco.com\/wp-content\/uploads\/sites\/34\/2018\/08\/Retrato-de-Luigi-Boccherini-257x300.jpg\" alt=\"retrato-de-luigi-boccherini\" width=\"257\" height=\"300\" srcset=\"https:\/\/static-blogs.diariovasco.com\/wp-content\/uploads\/sites\/34\/2018\/08\/Retrato-de-Luigi-Boccherini-257x300.jpg 257w, https:\/\/static-blogs.diariovasco.com\/wp-content\/uploads\/sites\/34\/2018\/08\/Retrato-de-Luigi-Boccherini.jpg 485w\" sizes=\"(max-width: 257px) 100vw, 257px\" \/>Como ya es habitual, desde hace m\u00e1s de una d\u00e9cada, estaba yo esta semana metido en cuestiones que tienen que ver con las guerras napole\u00f3nicas. Y eso me llev\u00f3 a ver, de principio a fin, la serie de Televisi\u00f3n titulada \u201cGoya\u201d.<\/p>\n<p>Es una coproducci\u00f3n de RTVE y de la RAI estrenada en el a\u00f1o 1985. Aunque conoc\u00eda la serie desde hac\u00eda a\u00f1os, no recordaba que la banda sonora utilizaba una pieza de \u00e9poca que, con el tiempo, se ha hecho muy c\u00e9lebre.<\/p>\n<p>Se trata de un fragmento de la \u201cM\u00fasica nocturna de las calles de Madrid\u201d. Justo el que aparece en la pel\u00edcula de Peter Weir \u201cMaster &amp; commander\u201d, en las \u00faltimas escenas de esa cinta, cuando el afortunado Jack Aubrey y el doctor Maturin est\u00e1n improvisando m\u00fasica (una diversi\u00f3n muy habitual en esa \u00e9poca, anterior a toda forma de reproducci\u00f3n mec\u00e1nica del sonido) en la c\u00e1mara del capit\u00e1n de la fragata <em>Surprise<\/em>.<\/p>\n<p>Desde ese a\u00f1o 2003, en el que se estren\u00f3 la pel\u00edcula, esa pegadiza melod\u00eda se ha hecho bastante c\u00e9lebre, como dec\u00eda, y as\u00ed es como se ha convertido -tambi\u00e9n- en una interesante pieza de esnobismo hist\u00f3rico.<\/p>\n<p>Una de esas muy habituales en la Espa\u00f1a actual en la que (basta con darse una vuelta por YouTube) esa magn\u00edfica pieza musical (interpretada espl\u00e9ndidamente en esa pel\u00edcula de Peter Weir) ha pasado a identificarse, casi exclusivamente, con \u201cMaster &amp; commander\u201d, con el mundo mar\u00edtimo (de hecho, una conocida marca de conservas de pescado la utiliz\u00f3 como sinton\u00eda no hace tanto en uno de sus anuncios) y, en general, a considerar -por pura inercia- que es algo relativo al mundo anglosaj\u00f3n de las guerras napole\u00f3nicas.<\/p>\n<p>La realidad hist\u00f3rica de ese fragmento musical, una vez m\u00e1s, no puede ser m\u00e1s distinta.<\/p>\n<p>Para empezar los personajes creados por Patrick O\u00b4Brien y recreados para la gran pantalla por Peter Weir, podr\u00edan haber elegido tocar cualquier otra pieza. De hecho, a lo largo de la pel\u00edcula se ve como interpretan fragmentos musicales de otros compositores que, poco o nada, tienen que ver con Boccherini. Salvo el haber coincidido, en alg\u00fan momento, en la misma \u00e9poca.<\/p>\n<p>Es decir, ese fragmento de la \u201cM\u00fasica nocturna de las calles de Madrid\u201d no tiene m\u00e1s relaci\u00f3n con el mundo que refleja \u201cMaster &amp; commander\u201d que, por ejemplo, el segundo movimiento de la S\u00e9ptima Sinfon\u00eda de Beethoven.<\/p>\n<p>De hecho, si Jack Aubrey y el doctor Maturin hubieran interpretado ese impresionante fragmento, seguramente no habr\u00edamos notado casi ninguna diferencia con respecto a la escena tal y como finalmente qued\u00f3.<\/p>\n<p>En efecto, y es que esa pieza musical es tan n\u00e1utica como lo puede ser ese hermoso Pasacalle de Boccherini que, despu\u00e9s de todo, fue el elegido para llenar esos brillantes compases finales de la pel\u00edcula de Peter Weir<\/p>\n<p>Con respecto a que esa pieza de la \u201cM\u00fasica nocturna de las calles de Madrid\u201d sea algo que tiene que ver con el mundo anglosaj\u00f3n de las guerras napole\u00f3nicas, ocurre lo mismo que con su car\u00e1cter n\u00e1utico.<\/p>\n<p>El Pasacalle de Boccherini es, ni m\u00e1s ni menos, que una obra compuesta por un m\u00fasico que estaba, en parte al menos, al servicio de la Corte espa\u00f1ola en unos momentos -finales del siglo XVIII y comienzos del XIX- en el que las relaciones entre los reinos de Espa\u00f1a y Gran Breta\u00f1a oscilaban como t\u00edteres en medio del revuelto panorama internacional de las guerras revolucionarias y el comienzo de las napole\u00f3nicas.<\/p>\n<p>Esta es, pues, la realidad de esa pieza musical. Es, desde luego, parte de la Historia de la Europa de esa \u00e9poca. Pero parte de la Historia de Espa\u00f1a m\u00e1s que de la de Gran Breta\u00f1a.<\/p>\n<p>Sin embargo, una vez m\u00e1s, eso que llaman la magia del Cine, ha desvirtuado las cosas, llev\u00e1ndolas a que se interprete -de nuevo- ese per\u00edodo en clave eminentemente anglosajona. Mutilando as\u00ed una parte sustancial de nuestra Historia com\u00fan que -como demuestra lo popular que se ha hecho el Pasacalle de Boccherini- de conocerse, no desmerecer\u00eda en absoluto respecto a lo que nos cuentan pel\u00edculas como \u201cMaster &amp; commander\u201d. Pero el esnobismo es as\u00ed.<\/p>\n<p>Una vez que ha localizado una fuente de supuesto prestigio, acepta acr\u00edticamente todo lo que viene de ella. Sin cuestionar, en lo m\u00e1s m\u00ednimo, si es verdadero o falso. Si hay otras versiones de esos hechos. Si se han interpretado correctamente o han sido rele\u00eddos de una manera que los ha deformado, desvirtu\u00e1ndolos.<\/p>\n<p>Uno de los m\u00e1s grandes escritores brit\u00e1nicos de la primera mitad del siglo XIX, William Thackeray -autor de \u201cBarry Lyndon\u201d y \u201cLa Feria de las vanidades\u201d- escribi\u00f3 tambi\u00e9n una obra sat\u00edrica titulada \u201cEl libro de los esnobs\u201d.<\/p>\n<p>En \u00e9l se recog\u00edan toda clase de esnobs de los muchos que, a su \u00e1cido parecer, pululaban por la Inglaterra del primer cuarto del siglo XIX.<\/p>\n<p>Sin duda, entre ellos podr\u00edamos ver reflejados a aquellos espa\u00f1oles que han contribuido, con verdadero ah\u00ednco, a que, por ejemplo, haya hoy miles de personas que piensen que una pieza de una obra titulada \u201cLa M\u00fasica nocturna de las calles de Madrid\u201d es algo m\u00e1s propio del camarote de un capit\u00e1n de la Royal Navy de las guerras napole\u00f3nicas, que de la Corte de Carlos III y Carlos IV. O de ese Madrid que, poco a poco, se va deslizando del amable mundo rococ\u00f3 de los cartones de Francisco de Goya (y la M\u00fasica de Boccherini) a la cruda, pero apasionante, realidad de la Europa de las guerras napole\u00f3nicas. De donde, al fin y al cabo, surgi\u00f3 el mundo tal y como lo conocemos hoy d\u00eda.<\/p>\n<p>Incluida una Espa\u00f1a en la que la ignorancia de la propia Historia y la asimilaci\u00f3n de la versi\u00f3n anglosajona de la misma (no demasiado exacta en muchas ocasiones) es la norma habitual.<\/p>\n<p>Como nos lo demuestran casos como el del Pasacalle de Boccherini. M\u00e1s conocido por la pel\u00edcula \u201cMaster &amp; commander\u201d que por la serie sobre Goya que tan voluntariosamente hizo RTVE -junto con la RAI- all\u00e1 por el a\u00f1o 1985 y que, pese a tener pasajes verdaderamente notables -a veces, aunque s\u00f3lo a veces, casi tan buenos como los de la pel\u00edcula de Weir- es evidente que no cuaj\u00f3 en nuestro, casi siempre, depauperado y maleado imaginario hist\u00f3rico.<\/p>\n<!-- AddThis Advanced Settings generic via filter on the_content --><!-- AddThis Share Buttons generic via filter on the_content -->","protected":false},"excerpt":{"rendered":"<p>Por Carlos Rilova Jeric\u00f3 Como ya es habitual, desde hace m\u00e1s de una d\u00e9cada, estaba yo esta semana metido en cuestiones que tienen que ver con las guerras napole\u00f3nicas. Y eso me llev\u00f3 a ver, de principio a fin, la serie de Televisi\u00f3n titulada \u201cGoya\u201d. Es una coproducci\u00f3n de RTVE y de la RAI estrenada [&hellip;]<!-- AddThis Advanced Settings generic via filter on get_the_excerpt --><!-- AddThis Share Buttons generic via filter on get_the_excerpt --><\/p>\n","protected":false},"author":56,"featured_media":0,"comment_status":"open","ping_status":"closed","sticky":false,"template":"","format":"standard","meta":[],"categories":[1],"tags":[2758,1013,1171,2755,2757,1620,1816,2756],"_links":{"self":[{"href":"https:\/\/blogs.diariovasco.com\/correo-historia\/wp-json\/wp\/v2\/posts\/1666"}],"collection":[{"href":"https:\/\/blogs.diariovasco.com\/correo-historia\/wp-json\/wp\/v2\/posts"}],"about":[{"href":"https:\/\/blogs.diariovasco.com\/correo-historia\/wp-json\/wp\/v2\/types\/post"}],"author":[{"embeddable":true,"href":"https:\/\/blogs.diariovasco.com\/correo-historia\/wp-json\/wp\/v2\/users\/56"}],"replies":[{"embeddable":true,"href":"https:\/\/blogs.diariovasco.com\/correo-historia\/wp-json\/wp\/v2\/comments?post=1666"}],"version-history":[{"count":4,"href":"https:\/\/blogs.diariovasco.com\/correo-historia\/wp-json\/wp\/v2\/posts\/1666\/revisions"}],"predecessor-version":[{"id":4231,"href":"https:\/\/blogs.diariovasco.com\/correo-historia\/wp-json\/wp\/v2\/posts\/1666\/revisions\/4231"}],"wp:attachment":[{"href":"https:\/\/blogs.diariovasco.com\/correo-historia\/wp-json\/wp\/v2\/media?parent=1666"}],"wp:term":[{"taxonomy":"category","embeddable":true,"href":"https:\/\/blogs.diariovasco.com\/correo-historia\/wp-json\/wp\/v2\/categories?post=1666"},{"taxonomy":"post_tag","embeddable":true,"href":"https:\/\/blogs.diariovasco.com\/correo-historia\/wp-json\/wp\/v2\/tags?post=1666"}],"curies":[{"name":"wp","href":"https:\/\/api.w.org\/{rel}","templated":true}]}}