{"id":1677,"date":"2018-08-27T11:30:32","date_gmt":"2018-08-27T09:30:32","guid":{"rendered":"https:\/\/blogs.diariovasco.com\/correo-historia\/?p=1677"},"modified":"2018-08-27T11:30:32","modified_gmt":"2018-08-27T09:30:32","slug":"exhumando-nuestra-historia-reciente-sobre-dictadores-declaraciones-y-manifiestos","status":"publish","type":"post","link":"https:\/\/blogs.diariovasco.com\/correo-historia\/2018\/08\/27\/exhumando-nuestra-historia-reciente-sobre-dictadores-declaraciones-y-manifiestos\/","title":{"rendered":"Exhumando nuestra Historia reciente. Sobre dictadores, declaraciones y manifiestos"},"content":{"rendered":"<p><strong>Por Carlos Rilova Jeric\u00f3<\/strong><\/p>\n<p class=\"alignleft\" title=\"El general Franco entrevist\u00e1ndose con Hitler en Hendaya, a\u00f1o 1940\"><img loading=\"lazy\" class=\"alignleft size-full wp-image-1671\" src=\"https:\/\/static-blogs.diariovasco.com\/wp-content\/uploads\/sites\/34\/2018\/08\/Franco-y-Hitler-cordialmente-reunidos.jpg\" alt=\"franco-y-hitler-cordialmente-reunidos\" width=\"299\" height=\"168\" \/>Mientras escribo estas l\u00edneas seguramente ya se habr\u00e1 procedido a aprobar el decreto-ley que, en breve, acabar\u00e1 exhumando los restos del dictador Francisco Franco Bahamonde del llamado \u201cValle de los Ca\u00eddos\u201d.<\/p>\n<p>Toda esta cuesti\u00f3n ha suscitado un agitado mar de fondo pol\u00edtico en Espa\u00f1a en el que, c\u00f3mo no, la Historia ha sido llamada a colaci\u00f3n.<\/p>\n<p>Una de las reacciones m\u00e1s llamativas ha sido la firma de una llamada \u201c<strong><em>Declaraci\u00f3n de respeto y desagravio al general Francisco Franco Bahamonde, soldado de Espa\u00f1a<\/em><\/strong>\u201d.<\/p>\n<p>Por si no lo saben esa declaraci\u00f3n ha sido promovida por la Asociaci\u00f3n de Militares Espa\u00f1oles (AME) y firmada por varios cientos de cargos militares desvinculados, en su mayor\u00eda, del Ministerio de Defensa. Es decir, retirados incluso de la reserva y, por tanto, como ellos mismos se\u00f1alan en ese documento, con pleno derecho para ejercer la llamada Libertad de expresi\u00f3n que las Reales Ordenanzas actualmente en vigor (y desde el a\u00f1o 2009) limitan para los militares en activo y en la reserva.<\/p>\n<p>En conjunto, la declaraci\u00f3n de esos antiguos militares pide que se trate con respeto la figura de Francisco Franco Bahamonde en tanto que militar con, seg\u00fan los autores de ese documento, una encomiable hoja de servicios.<\/p>\n<p>Los firmantes de esa declaraci\u00f3n de desagravio dejan muy claras sus posiciones pol\u00edticas. Tanto en ese texto como en intervenciones en diversos programas de Televisi\u00f3n, donde han sido profusamente entrevistados.<\/p>\n<p>En resumen, vienen a decir que los ataques contra la figura de Franco son producto de lo que ellos llaman la izquierda pol\u00edtica y, a m\u00e1s y m\u00e1s, de cierta conspiraci\u00f3n comunista que no perdona, seg\u00fan uno de los principales firmantes -Manuel Fern\u00e1ndez-Monz\u00f3n Altolaguirre- el hecho de que Franco la derrotase en los campos de batalla.<\/p>\n<p>De ah\u00ed, seg\u00fan la AME, vendr\u00eda todo. Incluida esa desasosegante medida legal destinada a sacar los restos del aludido Francisco Franco Bahamonde del monumento funerario del Valle de los Ca\u00eddos.<\/p>\n<p>Dicha declaraci\u00f3n, basada en tales premisas, apela, como dec\u00eda, una y otra vez, a la Historia, pero la construye s\u00f3lo a partir de dos documentos.<\/p>\n<p>Principalmente la hoja de servicios del citado militar -Franco- y los t\u00f3picos generados por la propia propaganda de su r\u00e9gimen. Unos que pasan, b\u00e1sicamente, por se\u00f1alar que el dictador se sublev\u00f3 contra el Gobierno espa\u00f1ol en unos momentos en los que -sin esa intervenci\u00f3n militar en la vida pol\u00edtica espa\u00f1ola- no s\u00f3lo la propia Espa\u00f1a, sino su Historia, ser\u00edan borradas del mapa como fruto de esa conspiraci\u00f3n comunista que el general Fern\u00e1ndez-Monz\u00f3n -y los dem\u00e1s firmantes- sacan a la palestra como verdadero art\u00edculo de fe. Insistiendo en que Franco fue un militar brillante y, como tal, y por esa raz\u00f3n, debe ser considerado y honrado por todos los espa\u00f1oles presentes y futuros. Desinteresada -en apariencia- actitud que ser\u00eda el principal motivo que habr\u00eda impulsado ese documento de desagravio.<\/p>\n<p>En la marea de declaraciones y contradeclaraciones que ha movido todo este asunto, alguien ha se\u00f1alado que cuando metes la mano en la Historia para fines como los de exhumar un dictador, \u00e9sta, la Historia, te puede morder. A lo que se puede a\u00f1adir -como vamos a ver- que la Historia tambi\u00e9n puede morder -y de gravedad- a manos como las que han firmado esa declaraci\u00f3n.<\/p>\n<p>En efecto, para empezar la Historia -a ser posible- se escribe con m\u00e1s de un documento y el general Fern\u00e1ndez-Monz\u00f3n deber\u00eda saber esto, pues es autor de alg\u00fan libro verdaderamente brillante sobre nuestra Historia reciente.<\/p>\n<p>En el caso que nos ocupa, la hoja de servicios de un militar puede ser ejemplar. Incluso traer valiosa informaci\u00f3n -lo s\u00e9 por propia experiencia, especialmente por lo relacionado con las guerras napole\u00f3nicas- pero no es un documento categ\u00f3rico, que permita fijar, de una vez y para siempre, qui\u00e9n fue o qu\u00e9 m\u00e9ritos hist\u00f3ricos avalan a una determinada figura. En este caso la del general Francisco Franco.<\/p>\n<p>Hay, en efecto, muchos otros documentos, que muestran que Franco podr\u00eda ser uno de los generales m\u00e1s j\u00f3venes de Europa, pero eso no hace de \u00e9l ning\u00fan genio t\u00e1ctico o estrat\u00e9gico, ni una figura admirable. De hecho, hay muchas m\u00e1s pruebas de que Franco fue un hombre de inteligencia mediocre, m\u00e1s bien roma.<\/p>\n<p>As\u00ed, por ejemplo, quienes conocen la Historia econ\u00f3mica de la Espa\u00f1a reciente seguramente ya habr\u00e1n le\u00eddo -en m\u00e1s de un libro dedicado a la cuesti\u00f3n- la sorprendente conversaci\u00f3n que Franco sostuvo con alguien muy poco sospechoso de estar alineado con la conspiraci\u00f3n comunista internacional que (al parecer) persigue al citado general incluso despu\u00e9s de muerto, seg\u00fan el tambi\u00e9n general Fern\u00e1ndez-Monz\u00f3n Altolaguirre. El interlocutor de Franco en dicha conversaci\u00f3n era Jos\u00e9 Calvo Sotelo, cuyo asesinato por guardias de asalto de la Rep\u00fablica en la noche del 13 al 14 de julio de 1936, detonar\u00eda una guerra civil que las fuerzas de la extrema derecha espa\u00f1ola llevaban fraguando desde hac\u00eda meses, casi a\u00f1os\u2026<\/p>\n<p>La conversaci\u00f3n en concreto gir\u00f3 en torno a los problemas del patr\u00f3n-oro y la Gran Depresi\u00f3n. Seg\u00fan Franco, si en lugar de oro en las reservas del Banco de Espa\u00f1a s\u00f3lo hab\u00eda piedras, pero nadie lo sab\u00eda\u2026 fin del problema econ\u00f3mico. La respuesta de Calvo Sotelo -en aquel entonces m\u00e1s o menos responsable del asunto- fue algo as\u00ed como \u201chaga el favor de dejarme en paz\u201d, irritado por la necedad que acababa de espetarle aquel joven general.<\/p>\n<p>Por lo dem\u00e1s, tambi\u00e9n se podr\u00eda a\u00f1adir un factor fundamental: el talento militar de Franco era tan limitado que como consta -tanto de documentos como de numerosos libros de Historia- hubiera sido incapaz de ganar la Guerra Civil de no ser por la masiva ayuda militar enviada en su favor por Benito Mussolini y Adolf Hitler.<\/p>\n<p>Ser\u00eda muy recomendable que los firmantes de esa declaraci\u00f3n de desagravio al citado Franco leyeran, por ejemplo, \u201c\u00a1Alerta los pueblos!\u201d. Obra de estrategia y an\u00e1lisis pol\u00edtico de un militar espa\u00f1ol -ferviente cat\u00f3lico por otra parte- y, adem\u00e1s, adornado con la virtud de haber sido leal al gobierno electo por las urnas en 1936.<\/p>\n<p>Es decir, el general Vicente Rojo, jefe de las fuerzas armadas leales que demuestra en esa obra -adem\u00e1s de su brillantez como estratega- las claves de la derrota del gobierno leg\u00edtimo. Yendo dichas causas desde la desuni\u00f3n pol\u00edtica en las fuerzas leales, hasta la aplastante capacidad militar y potencia de fuego facilitada a los sublevados por los fascistas italianos y los nazis alemanes. La misma que la entreguista Gran Breta\u00f1a de Chamberlain, neg\u00f3 al leg\u00edtimo gobierno espa\u00f1ol y que hubiera dado la vuelta a la Guerra Civil\u2026<\/p>\n<p>Esa, pues, considerada desde varios documentos y fuentes, ser\u00eda la escasa medida del supuesto talento militar de Francisco Franco Bahamonde. Hombre, por otra parte, de car\u00e1cter c\u00ednico y mezquino. Como demostrar\u00eda, por ejemplo, el modo infame en el que se trat\u00f3 al aludido general Vicente Rojo, cuando \u00e9ste pidi\u00f3 garant\u00edas para poder volver a Espa\u00f1a sin sufrir represalias por haber defendido su juramento de lealtad al gobierno electo.<\/p>\n<p>\u00bfEn qu\u00e9 punto exacto nos deja, pues, todo esto? En uno verdaderamente preocupante. La declaraci\u00f3n de la AME nos muestra que en la Espa\u00f1a actual, la de comienzos del siglo XXI, gran parte de su <em>intelligentsia<\/em>, de sus \u00e9lites, carecen de verdadera cultura hist\u00f3rica, sustituyendo \u00e9sta por un recitado de t\u00f3picos donde la propaganda tiene el mismo valor que un documento hist\u00f3rico.<\/p>\n<p>Todo esto nos muestra tambi\u00e9n un pa\u00eds que, desgraciadamente, ha sido incapaz de articular medidas pol\u00edticas y pedag\u00f3gicas para que la sociedad espa\u00f1ola asimilase y superase una verdadera cat\u00e1strofe hist\u00f3rica. La que la dividi\u00f3 profundamente, creando insondables odios y resentimientos, basados en ejecuciones sumarias -alentadas por el autoproclamado Gobierno de Burgos, a diferencia de lo que hizo el leg\u00edtimo de Madrid- y en una serie de incautaciones y despojos a los vencidos y represaliados (l\u00e9ase fusilados sumariamente) y a sus familias. Todo lo cual, evidentemente, tarde o temprano, ten\u00eda que hacer saltar por los aires el pacto de silencio establecido en el a\u00f1o 1978, planteando una vez m\u00e1s la cuesti\u00f3n pendiente desde 1939 y 1945.<\/p>\n<p>Es decir, si Espa\u00f1a iba a recuperar completamente -o no- la democracia abortada por la sublevaci\u00f3n de 1936, instaurando un r\u00e9gimen en el que, s\u00f3lo para empezar, la apolog\u00eda de Hitler y sus aliados (por ejemplo, Francisco Franco) fuera -como en Alemania o Francia- un delito perseguido por la ley.<\/p>\n<p>El \u00fanico rayo de esperanza en todo este panorama ha sido la reacci\u00f3n de otros militares espa\u00f1oles (especial menci\u00f3n merecen el capit\u00e1n Arturo Maira y Floren Dimas) por medio de otras declaraciones en las que demuestran que, al menos una parte de ese Ej\u00e9rcito, ha recuperado la cordura y los valores propios de una democracia que, en definitiva, era lo que se supon\u00eda se iba a restaurar en 1978.<\/p>\n<p>Un hito hist\u00f3rico que, necesariamente, tendr\u00eda (y tendr\u00e1) que pasar por remitir declaraciones como la de la AME (y las de muchos otros particulares y medios de comunicaci\u00f3n) al cap\u00edtulo dedicado al Fascismo en las obras de Historia y a los juzgados destinados -como en cualquier otra democracia occidental- a perseguir toda amenaza a un r\u00e9gimen de libertades\u2026<\/p>\n<p>&nbsp;<\/p>\n<!-- AddThis Advanced Settings generic via filter on the_content --><!-- AddThis Share Buttons generic via filter on the_content -->","protected":false},"excerpt":{"rendered":"<p>Por Carlos Rilova Jeric\u00f3 Mientras escribo estas l\u00edneas seguramente ya se habr\u00e1 procedido a aprobar el decreto-ley que, en breve, acabar\u00e1 exhumando los restos del dictador Francisco Franco Bahamonde del llamado \u201cValle de los Ca\u00eddos\u201d. Toda esta cuesti\u00f3n ha suscitado un agitado mar de fondo pol\u00edtico en Espa\u00f1a en el que, c\u00f3mo no, la Historia [&hellip;]<!-- AddThis Advanced Settings generic via filter on get_the_excerpt --><!-- AddThis Share Buttons generic via filter on get_the_excerpt --><\/p>\n","protected":false},"author":56,"featured_media":0,"comment_status":"open","ping_status":"closed","sticky":false,"template":"","format":"standard","meta":[],"categories":[1],"tags":[2763,2761,2759,1190,1272,2762,2764,2760,2234],"_links":{"self":[{"href":"https:\/\/blogs.diariovasco.com\/correo-historia\/wp-json\/wp\/v2\/posts\/1677"}],"collection":[{"href":"https:\/\/blogs.diariovasco.com\/correo-historia\/wp-json\/wp\/v2\/posts"}],"about":[{"href":"https:\/\/blogs.diariovasco.com\/correo-historia\/wp-json\/wp\/v2\/types\/post"}],"author":[{"embeddable":true,"href":"https:\/\/blogs.diariovasco.com\/correo-historia\/wp-json\/wp\/v2\/users\/56"}],"replies":[{"embeddable":true,"href":"https:\/\/blogs.diariovasco.com\/correo-historia\/wp-json\/wp\/v2\/comments?post=1677"}],"version-history":[{"count":3,"href":"https:\/\/blogs.diariovasco.com\/correo-historia\/wp-json\/wp\/v2\/posts\/1677\/revisions"}],"predecessor-version":[{"id":1680,"href":"https:\/\/blogs.diariovasco.com\/correo-historia\/wp-json\/wp\/v2\/posts\/1677\/revisions\/1680"}],"wp:attachment":[{"href":"https:\/\/blogs.diariovasco.com\/correo-historia\/wp-json\/wp\/v2\/media?parent=1677"}],"wp:term":[{"taxonomy":"category","embeddable":true,"href":"https:\/\/blogs.diariovasco.com\/correo-historia\/wp-json\/wp\/v2\/categories?post=1677"},{"taxonomy":"post_tag","embeddable":true,"href":"https:\/\/blogs.diariovasco.com\/correo-historia\/wp-json\/wp\/v2\/tags?post=1677"}],"curies":[{"name":"wp","href":"https:\/\/api.w.org\/{rel}","templated":true}]}}