{"id":1788,"date":"2018-12-24T12:30:18","date_gmt":"2018-12-24T10:30:18","guid":{"rendered":"https:\/\/blogs.diariovasco.com\/correo-historia\/?p=1788"},"modified":"2019-08-23T10:47:53","modified_gmt":"2019-08-23T08:47:53","slug":"galeria-de-retratos-historicos-bernardo-de-galvez-y-otros-1780-2018","status":"publish","type":"post","link":"https:\/\/blogs.diariovasco.com\/correo-historia\/2018\/12\/24\/galeria-de-retratos-historicos-bernardo-de-galvez-y-otros-1780-2018\/","title":{"rendered":"Galer\u00eda de retratos hist\u00f3ricos. Bernardo de G\u00e1lvez y otros (1780-2018)"},"content":{"rendered":"<p><strong>Por Carlos Rilova Jeric\u00f3<\/strong><\/p>\n<p class=\"alignleft\" title=\"Portada de la nueva biograf\u00eda de Jos\u00e9 Joaqu\u00edn de Ferrer y Cafranga. Kutxabank-Instituto de historia donostiarra dr. Camino\"><img loading=\"lazy\" class=\"alignleft size-medium wp-image-1791\" src=\"https:\/\/static-blogs.diariovasco.com\/wp-content\/uploads\/sites\/34\/2018\/12\/FerreryCafranga_-portada-218x300.jpg\" alt=\"ferrerycafranga_-portada\" width=\"218\" height=\"300\" srcset=\"https:\/\/static-blogs.diariovasco.com\/wp-content\/uploads\/sites\/34\/2018\/12\/FerreryCafranga_-portada-218x300.jpg 218w, https:\/\/static-blogs.diariovasco.com\/wp-content\/uploads\/sites\/34\/2018\/12\/FerreryCafranga_-portada.jpg 392w\" sizes=\"(max-width: 218px) 100vw, 218px\" \/>No es la primera vez que Bernardo de G\u00e1lvez, el general G\u00e1lvez, aparece en las p\u00e1ginas del correo de la Historia. Si hoy, v\u00edspera de Navidad, vuelve, es porque dos personas al menos -una de ellas mi padre- me recordaron su existencia y las razones por las que no ha sido olvidado -en cierto modo- dos siglos despu\u00e9s de su muerte.<\/p>\n<p>Una de esas razones, en concreto, es que el 2 de diciembre de 2018 el diario ABC recordaba algunos detalles sobre este general que particip\u00f3 en la Guerra de Independencia de Estados Unidos. Por ejemplo, que hubo quien (como la ferrolana Teresa Valcarce), en 2014, se preocup\u00f3 de que finalmente su retrato llegase a las paredes del Congreso de Estados Unidos reservadas para recordar a los h\u00e9roes extranjeros que ayudaron a que, la que hoy es primera potencia occidental, se convirtiera en un pa\u00eds independiente del naciente Imperio brit\u00e1nico, en el a\u00f1o 1783.<\/p>\n<p>No quisiera pecar de excesivo optimismo, pero noticias como esas parecen indicar que, poco a poco, vamos recuperando el retraso que por estas latitudes cispirenaicas llevamos con respecto al manejo y buena administraci\u00f3n de la propia Historia.<\/p>\n<p>Con ese acto de 2014 se consigui\u00f3, hasta cierto punto, claro est\u00e1, culminar una lenta -y algo espasm\u00f3dica- labor que es el producto de a\u00f1os de trabajo de muchos investigadores -y algunos escritores- que decidieron no dejar pasar de largo ese relevante hecho hist\u00f3rico.<\/p>\n<p>Es decir, el de c\u00f3mo la extensa monarqu\u00eda imperial espa\u00f1ola facilit\u00f3, de manera decisiva, que la actual primera potencia del hemisferio occidental, se convirtiera en una naci\u00f3n independiente.<\/p>\n<p>A ese respecto, la lista es verdaderamente larga. Se pueden citar exposiciones como \u201cLa Majestad de Espa\u00f1a\u201d o bien obras como la de Carmen de Reparaz sobre Bernardo de G\u00e1lvez o la de Gonzalo M. Quintero Saravia. Esta \u00faltima, adem\u00e1s, publicada en ingl\u00e9s en primer lugar, alcanzando as\u00ed directamente al p\u00fablico anglosaj\u00f3n que, hasta ahora al menos, segu\u00eda barajando t\u00f3picos de bajo perfil sobre esa parte de su pasado. En gran medida a causa de que los principales interesados -es decir, los descendientes pol\u00edticos de Bernardo de G\u00e1lvez- no han hecho demasiado por evitarlo. Al menos hasta fechas muy recientes.<\/p>\n<p>Esos esfuerzos y sus resultados pueden parecer escasos y tard\u00edos. Incluso, en un ambiente tan desestructurado como el de la actual opini\u00f3n p\u00fablica espa\u00f1ola -fruto de una devastaci\u00f3n intelectual m\u00e1s que notable durante cerca de ocho d\u00e9cadas- podr\u00edan \u00a0acabar siendo considerados tan s\u00f3lo eso que algunos llamar\u00edan \u201cuna frikada\u201d. Es decir, un esfuerzo propio de nost\u00e1lgicos trasnochados y con una ejecutoria pol\u00edtica sospechosamente azulada.<\/p>\n<p>Esas circunstancias, sin embargo, hacen a\u00fan m\u00e1s notable lo conseguido. Sobre todo si realmente es -y lo vemos- como un paso m\u00e1s desde un aut\u00e9ntico erial intelectual hacia una pol\u00edtica cultural estructurada y decidida, al fin, a crear una s\u00f3lida base com\u00fan. Una por encima de cuestiones partidistas -un tanto absurdas- que socavan hasta el m\u00ednimo consenso, imprescindible para mantener una sociedad cohesionada.<\/p>\n<p>Espa\u00f1a no ha sido un terreno f\u00e9rtil para eso. Endosa, en efecto, un retraso abismal en estas cuestiones. Basta, por ejemplo, con comparar la situaci\u00f3n que viv\u00eda en el a\u00f1o 1936 con lo que sabemos de la Gran Breta\u00f1a de esa misma fecha a trav\u00e9s de pel\u00edculas como \u201cLloyd\u00b4s de Londres\u201d, que ahora son ya un verdadero documento hist\u00f3rico m\u00e1s que ficci\u00f3n cinematogr\u00e1fica.<\/p>\n<p>En esa pel\u00edcula un agente comercial de esta hoy c\u00e9lebre firma de seguros -c\u00e9lebre precisamente gracias a esa clase de pel\u00edculas- daba a lo largo de todo el metraje una verdadera lecci\u00f3n de sentido hist\u00f3rico y cohesi\u00f3n patri\u00f3tica, mostrando c\u00f3mo esa empresa -Lloyd\u00b4s- hab\u00eda hecho lo indecible para que el almirante Nelson lograse su gran victoria de Trafalgar. Una que la pel\u00edcula, con la inestimable ayuda del historiador oficial de esa compa\u00f1\u00eda de seguros -tal y como indicaban los cr\u00e9ditos iniciales de \u201cLloyd\u00b4s de Londres\u201d- demostraba como fundamental para que Gran Breta\u00f1a se hubiera consolidado como el s\u00f3lido pa\u00eds que era en 1936, a las puertas de uno de los mayores desaf\u00edos que tendr\u00eda que afrontar en su ya larga Historia.<\/p>\n<p>Esa buena base -que duda cabe- ha faltado, durante casi el mismo tiempo, en el pa\u00eds del que emergi\u00f3 en su d\u00eda Bernardo de G\u00e1lvez.<\/p>\n<p>Pero por esa misma raz\u00f3n, por la ausencia de una base tan s\u00f3lida, como dec\u00eda, cualquier esfuerzo coronado por el \u00e9xito, aunque sea relativo -como puede serlo el colgar, al fin, un retrato de ese general en el Congreso de Estados Unidos- puede verse, desde un optimismo relativamente bien informado, como un avance sustancial.<\/p>\n<p>Evidentemente a\u00fan es mucho el camino por recorrer. Lo s\u00e9 bien, personalmente. La segunda persona que me habl\u00f3 de la cuesti\u00f3n de G\u00e1lvez lo hizo este jueves 20 despu\u00e9s de que yo diera una peque\u00f1a disertaci\u00f3n sobre alguien ya casi habitual en estas p\u00e1ginas. No otro que el astr\u00f3nomo pasaitarra Jos\u00e9 Joaqu\u00edn de Ferrer y Cafranga que tambi\u00e9n jug\u00f3 un papel, fundamental, en la consolidaci\u00f3n de la nueva rep\u00fablica norteamericana. Aunque en su caso como cient\u00edfico de alto nivel, no como militar.<\/p>\n<p>Ese libro, editado por Kutxa Fundazioa y el Instituto dr. Camino, que hab\u00eda dado pie a esa disertaci\u00f3n -y que qued\u00f3 presentado p\u00fablicamente en ese acto- como el retrato de G\u00e1lvez tambi\u00e9n viene a colmar un vac\u00edo historiogr\u00e1fico que ha durado -nada m\u00e1s y nada menos- que los a\u00f1os que van de 1858 a este de 2018 que ahora acaba.<\/p>\n<p>M\u00e1s de un siglo y medio, en el que nada nuevo se ha escrito sobre ese influyente astr\u00f3nomo desde que Antonio Alcal\u00e1 Galiano pusiera punto final a la biograf\u00eda que Joaqu\u00edn Mar\u00eda de Ferrer -hermano del astr\u00f3nomo- le encarg\u00f3 escribir para que los notables logros de \u00e9ste no se perdieran en la nada.<\/p>\n<p>Si consideramos que esa nueva biograf\u00eda -que yo presentaba este jueves pasado- apenas da para sumar con ella doce t\u00edtulos distintos sobre la Historia de la Ciencia en la Espa\u00f1a del siglo XIX, quiz\u00e1s parezca un logro muy peque\u00f1o. Pero en realidad es un gran paso. Y lo es por la misma raz\u00f3n por la que tambi\u00e9n es un gran paso hacer que, al fin, Bernardo de G\u00e1lvez estuviese en las paredes del Congreso de Estados Unidos.<\/p>\n<p>Es decir, porque eso, ese libro, esa biograf\u00eda de uno de los astr\u00f3nomos m\u00e1s influyentes del siglo XIX, se ha hecho desde un pa\u00eds que lleva 80 a\u00f1os de retraso con respecto a otros que, como Gran Breta\u00f1a, daban lustre y esplendor a su propia Historia con producciones como \u201cLloyd\u00b4s de Londres\u201d en las mismas fechas en las que el pa\u00eds natal de Bernardo de G\u00e1lvez -y de muchos otros como Jos\u00e9 Joaqu\u00edn de Ferrer- estaba a punto de destrozarse en una nueva guerra civil. Acaso la m\u00e1s devastadora, por sus consecuencias, de las tres que hab\u00eda sufrido desde el siglo XIX\u2026<\/p>\n<p>As\u00ed, aunque sea con ochenta a\u00f1os de retraso -o m\u00e1s- parece, o va pareciendo, que el pa\u00eds que dio origen a Bernardo de G\u00e1lvez o a Jos\u00e9 Joaqu\u00edn de Ferrer entre muchos otros personajes notables -sin los que el Mundo actual no se comprende o se comprende mal- empieza a normalizarse. A ponerse en pie, otra vez, entre los pa\u00edses avanzados en los que, indudablemente, estaba en 1782 o en 1810. En los tiempos del general G\u00e1lvez, en los d\u00edas del eminente astr\u00f3nomo Jos\u00e9 Joaqu\u00edn de Ferrer\u2026<\/p>\n<p>&nbsp;<\/p>\n<!-- AddThis Advanced Settings generic via filter on the_content --><!-- AddThis Share Buttons generic via filter on the_content -->","protected":false},"excerpt":{"rendered":"<p>Por Carlos Rilova Jeric\u00f3 No es la primera vez que Bernardo de G\u00e1lvez, el general G\u00e1lvez, aparece en las p\u00e1ginas del correo de la Historia. Si hoy, v\u00edspera de Navidad, vuelve, es porque dos personas al menos -una de ellas mi padre- me recordaron su existencia y las razones por las que no ha sido [&hellip;]<!-- AddThis Advanced Settings generic via filter on get_the_excerpt --><!-- AddThis Share Buttons generic via filter on get_the_excerpt --><\/p>\n","protected":false},"author":56,"featured_media":0,"comment_status":"open","ping_status":"closed","sticky":false,"template":"","format":"standard","meta":[],"categories":[1],"tags":[2842,2844,581,668,1013,2845,1198,1261,2838,2834,2841,1786,2839,2840,2843],"_links":{"self":[{"href":"https:\/\/blogs.diariovasco.com\/correo-historia\/wp-json\/wp\/v2\/posts\/1788"}],"collection":[{"href":"https:\/\/blogs.diariovasco.com\/correo-historia\/wp-json\/wp\/v2\/posts"}],"about":[{"href":"https:\/\/blogs.diariovasco.com\/correo-historia\/wp-json\/wp\/v2\/types\/post"}],"author":[{"embeddable":true,"href":"https:\/\/blogs.diariovasco.com\/correo-historia\/wp-json\/wp\/v2\/users\/56"}],"replies":[{"embeddable":true,"href":"https:\/\/blogs.diariovasco.com\/correo-historia\/wp-json\/wp\/v2\/comments?post=1788"}],"version-history":[{"count":6,"href":"https:\/\/blogs.diariovasco.com\/correo-historia\/wp-json\/wp\/v2\/posts\/1788\/revisions"}],"predecessor-version":[{"id":2108,"href":"https:\/\/blogs.diariovasco.com\/correo-historia\/wp-json\/wp\/v2\/posts\/1788\/revisions\/2108"}],"wp:attachment":[{"href":"https:\/\/blogs.diariovasco.com\/correo-historia\/wp-json\/wp\/v2\/media?parent=1788"}],"wp:term":[{"taxonomy":"category","embeddable":true,"href":"https:\/\/blogs.diariovasco.com\/correo-historia\/wp-json\/wp\/v2\/categories?post=1788"},{"taxonomy":"post_tag","embeddable":true,"href":"https:\/\/blogs.diariovasco.com\/correo-historia\/wp-json\/wp\/v2\/tags?post=1788"}],"curies":[{"name":"wp","href":"https:\/\/api.w.org\/{rel}","templated":true}]}}