{"id":2456,"date":"2020-06-15T11:30:04","date_gmt":"2020-06-15T09:30:04","guid":{"rendered":"https:\/\/blogs.diariovasco.com\/correo-historia\/?p=2456"},"modified":"2024-04-18T22:12:43","modified_gmt":"2024-04-18T20:12:43","slug":"sobre-sir-thomas-picton-del-ayer-al-hoy-de-la-batalla-de-waterloo-1815-2020","status":"publish","type":"post","link":"https:\/\/blogs.diariovasco.com\/correo-historia\/2020\/06\/15\/sobre-sir-thomas-picton-del-ayer-al-hoy-de-la-batalla-de-waterloo-1815-2020\/","title":{"rendered":"Sobre sir Thomas Picton. Del ayer al hoy de la Batalla de Waterloo. (1815-2020)"},"content":{"rendered":"<p><strong>Por Carlos Rilova Jeric\u00f3 <\/strong><\/p>\n<p><img loading=\"lazy\" class=\"alignleft wp-image-2457 size-medium\" title=\"El general Thomas Picton, por W. Beechey. National Gallery of Art (c. 1815)\" src=\"https:\/\/static-blogs.diariovasco.com\/wp-content\/uploads\/sites\/34\/2020\/06\/Thomas-Picton-por-W.-Beechey.-National-Gallery-of-Art-c.-1815-244x300.jpg\" alt=\"\" width=\"244\" height=\"300\" srcset=\"https:\/\/static-blogs.diariovasco.com\/wp-content\/uploads\/sites\/34\/2020\/06\/Thomas-Picton-por-W.-Beechey.-National-Gallery-of-Art-c.-1815-244x300.jpg 244w, https:\/\/static-blogs.diariovasco.com\/wp-content\/uploads\/sites\/34\/2020\/06\/Thomas-Picton-por-W.-Beechey.-National-Gallery-of-Art-c.-1815-768x944.jpg 768w, https:\/\/static-blogs.diariovasco.com\/wp-content\/uploads\/sites\/34\/2020\/06\/Thomas-Picton-por-W.-Beechey.-National-Gallery-of-Art-c.-1815-511x628.jpg 511w, https:\/\/static-blogs.diariovasco.com\/wp-content\/uploads\/sites\/34\/2020\/06\/Thomas-Picton-por-W.-Beechey.-National-Gallery-of-Art-c.-1815.jpg 800w\" sizes=\"(max-width: 244px) 100vw, 244px\" \/>Este lunes pensaba escribir sobre la Batalla de Waterloo, pues este jueves se cumplen 205 a\u00f1os de ese hecho que, qu\u00e9 duda cabe, cambi\u00f3 la Historia del Mundo.<\/p>\n<p>As\u00ed que, probablemente, habr\u00eda escrito aqu\u00ed \u00fanica y exclusivamente de esos hechos. Por ejemplo, de la toma de la granja de Hougoumont a golpe de hacha por unos heroicos soldados de Infanter\u00eda franceses, de su defensa por las tropas aliadas, de la muerte \u00e9pica de muchos personajes an\u00f3nimos en las sucesivas cargas y contracargas que se dieron ese d\u00eda\u2026 O de los olvidados de aquellos hechos. O de c\u00f3mo lo vivi\u00f3 el vizconde de Chateaubriand. O de los cuadros de Infanter\u00eda brit\u00e1nicos y de la carga desesperada de Ney contra ellos. O de que Wellington no quiso disparar sobre Napole\u00f3n, aunque sus bater\u00edas lo ten\u00edan a tiro al comienzo de la batalla. Favor que los franceses le devolvieron bombardeando a placer -y con f\u00fanebres resultados- el puesto de mando brit\u00e1nico hasta que, al final de la batalla, tan s\u00f3lo quedaban ilesos dos oficiales: el propio Wellington y uno de sus enlaces, el general espa\u00f1ol \u00c1lava.<\/p>\n<p>Podr\u00eda tambi\u00e9n haber hablado de que aquella batalla fue, en realidad, una campa\u00f1a, en la que, a veces, se gan\u00f3 la guerra sin disparar un s\u00f3lo tiro. Como les ocurri\u00f3 a las tropas espa\u00f1olas desplegadas en los Pirineos. O de c\u00f3mo se vio todo esto en pel\u00edculas como la magn\u00edfica \u201cWaterloo\u201d de Sergei Bondarchuk.<\/p>\n<p>Sin embargo, como vivimos en tiempos an\u00f3malos, en lugar de centrarme en tan atractivas cuestiones hist\u00f3ricas, este lunes voy a tener que hablar s\u00f3lo -o casi- de un \u00fanico protagonista de los hechos: el general brit\u00e1nico <em>sir<\/em> Thomas Picton. Seguro que les suena mucho a fecha de hoy, porque hay ahora por todo el Mundo gente pidiendo su cabeza -con efecto retroactivo- por esclavista y presunto brutal racista\u2026<\/p>\n<p>La pol\u00e9mica ya saben de d\u00f3nde viene. Las muy leg\u00edtimas protestas por la muerte de un ciudadano negro estadounidense -George Floyd- a manos de agentes de la Polic\u00eda de Mine\u00e1polis -ciudad bajo control del Partido Dem\u00f3crata que ahora carga, por si acaso, contra Donald Trump &#8211; han derivado en la exigencia de algunos demagogos de que se quiten de en medio ciertas estatuas. Por ejemplo la de <em>sir<\/em> Winston Churchill o la de Thomas Picton. Las de Col\u00f3n tambi\u00e9n han sido v\u00edctimas propiciatorias. Sin embargo, incomprensiblemente (perd\u00f3n por el sarcasmo), mientras escribo este nuevo correo de la Historia, nada han dicho esos indocumentados demagogos de aniquilar estatuas como las de Thomas Jefferson o las de George Washington, que tambi\u00e9n fueron notorios esclavistas\u2026 Tampoco han dicho nada sobre demoler los monumentos nacionales erigidos en Estados Unidos a los llamados \u201csoldados b\u00fafalo\u201d. Tropas de raza negra del 9\u00ba y 10\u00ba de Caballer\u00eda estadounidense que masacraron a miembros de las naciones sioux, cheyenne y otras entre 1866 y 1890. En claras agresiones racistas de blancos y negros unidos contra esos americanos nativos cuyas vidas, al parecer, nada importan. O quedar\u00edan revindicadas haciendo pagar la cuenta a las estatuas de Crist\u00f3bal Col\u00f3n que, para 1866 -eso es hist\u00f3ricamente innegable- llevaba bastante tiempo muerto\u2026<\/p>\n<p>As\u00ed pues, con algo de resignaci\u00f3n y esperando a que vengan tiempos mejores, m\u00e1s democr\u00e1ticos y libres, nos centraremos hoy en la Batalla de Waterloo, pero para hablar, sobre todo, de <em>sir <\/em>Thomas Picton, devenido enemigo p\u00fablico n\u00famero 1 de gentes que -eso no hace falta mucho esfuerzo para verlo- no tienen mucha idea de en qu\u00e9 consiste realmente la Historia. Algo que, sin duda, es lo que les lleva a valorar en tan poco, tambi\u00e9n, la democracia y las libertades p\u00fablicas b\u00e1sicas de las que ellos usan y abusan.<\/p>\n<p>Empecemos pues a hablar del Picton real, no del imaginado. <em>Sir <\/em>Thomas naci\u00f3 en Gales en 1758 y muri\u00f3 en Waterloo. Esa fue su \u00faltima acci\u00f3n y fue ciertamente flamante. As\u00ed es. Thomas Picton muri\u00f3 al frente de una carga en esa batalla de Waterloo, a caballo y vestido con ropas de civil de esa \u00e9poca. Es decir, con sombrero de copa alta, frac\u2026 y, dicen, con un paraguas en lugar de con el sable de oficial reglamentario.<\/p>\n<p>No era la primera vez que eso le ocurr\u00eda al general Picton. Como veterano de la Guerra de Independencia espa\u00f1ola (la que los brit\u00e1nicos llaman \u201cPeninsular War\u201d) hubo otros enfrentamientos con los franceses a los que acudi\u00f3 con un atuendo nada militar. Incluso tocado con su gorro de dormir\u2026<\/p>\n<p>Todo esto, que podr\u00eda parecer anecd\u00f3tico, no es sino una serie de pinceladas que tratan de mostrar lo complicado que es un personaje hist\u00f3rico y lo inadmisible que es que masas enfurecidas -\u00bftal vez tambi\u00e9n convenientemente manipuladas por determinados poderes totalitarios con afanes de conquista mundial?- se crean con derecho a impartir lecciones de Historia con una piqueta de demolici\u00f3n en la mano y mostrando un nauseabundo desconocimiento de una ciencia compleja como la Historia.<\/p>\n<p>Centr\u00e9monos, as\u00ed pues, en lo que realmente hizo el general Picton un 18 de junio de 1815 en los campos de Waterloo. All\u00ed <em>sir<\/em> Thomas y muchos otros oficiales y soldados de distintas nacionalidades -brit\u00e1nicos, austriacos, alemanes, espa\u00f1oles, belgas, holandeses\u2026- formaron en l\u00ednea. Para jugarse la vida -y perderla, como fue el caso de Thomas Picton- a fin de derrotar a un dictador. El dictador en concreto era Napole\u00f3n Bonaparte.<\/p>\n<p>En su lista de logros dictatoriales (por si no lo saben esos airados manifestantes que han pasado de defender una causa justa a reescribir la Historia faltando a la verdad) estaban los de cerrar los peri\u00f3dicos que le criticaban, encerrar en manicomios a posibles opositores a su r\u00e9gimen y, ya que estamos en ello, restaurar la esclavitud en las colonias de las Antillas francesas, despu\u00e9s de que fuera abolida por la revoluci\u00f3n de 1789 con no poco debate. Del cual, por cierto, salen bastante mal retratados -para el gusto de esos manifestantes demoledores- algunos individuos que hoy disfrutan, tranquilamente, de calles y estatuas a las que nadie ha echado el ojo inquistorial encima. Seguramente por esa ignorancia en la materia bien demostrada durante toda esta semana\u2026<\/p>\n<p>Vistas as\u00ed las cosas, la estatua de <em>sir<\/em> Thomas Picton, ser\u00eda la de un aut\u00e9ntico h\u00e9roe que, jug\u00e1ndose la vida, como muchos otros oficiales y soldados aliados, nos libr\u00f3 de la evidente amenaza que supon\u00eda un aut\u00f3crata que, llen\u00e1ndose la boca con la ret\u00f3rica incautada a la revoluci\u00f3n francesa, no ten\u00eda problema, en cambio, en decretar que la esclavitud negra siguiese campando por sus respetos en sus dominios imperiales\u2026<\/p>\n<p>As\u00ed pues, \u00bfqu\u00e9 vamos a hacer este 18 de junio de 2020, cuando se cumplan 205 a\u00f1os de la muerte de <em>sir<\/em> Thomas Picton? \u00bfRecordarlo como el acusado de brutalidad racial llevado ante los tribunales brit\u00e1nicos por esta causa, en 1803, para ser exonerado despu\u00e9s? \u00bfQue tortur\u00f3 legalmente a la mulata Luisa Calder\u00f3n de acuerdo a la Ley espa\u00f1ola en Trinidad? \u00bfO que Picton era amante de otra mulata, la traficante de esclavos Rosetta Smith, se\u00f1alada como la principal inductora de muchos actos cuestionables del general?<\/p>\n<p>La insensatez en torno a esta cuesti\u00f3n de la supresi\u00f3n de la estatua de Picton, es evidente pues. Si comenzamos a andar sobre semejante terreno, si autoridades leg\u00edtimamente elegidas -como el Ayuntamiento de Cardiff- empiezan a ceder ante esa visi\u00f3n plana y torticera de la realidad, lo que puede venir es un mundo de pesadilla.<\/p>\n<p>Uno en el que plataformas de Cine como HBO tendr\u00e1n que empezar a pensar no s\u00f3lo en eliminar de su cat\u00e1logo -o subtitular en neolengua orwelliana- pel\u00edculas como \u201cLo que el viento se llev\u00f3\u201d o \u201cFahrenheit 451\u201d, sino tambi\u00e9n la versi\u00f3n cinematogr\u00e1fica de George Pal de \u201cLa m\u00e1quina del tiempo\u201d de H. G. Wells (socialista militante, por cierto). Pues en ella -y en el libro- se cuentan cosas que podr\u00edan llevar a terribles asociaciones de ideas hoy d\u00eda. Por ejemplo, que en el futuro la clase obrera -revolucionaria, progresista en su d\u00eda\u2026- evoluciona hasta convertirse en una casta de se\u00f1ores -los Morlocks- que, a golpe de l\u00e1tigo, dominan a una \u00e9lite inerte -los Eloi- que ha permitido que las bibliotecas se pudran y s\u00f3lo sirven para quedar hipnotizados por unas sirenas de alarma que avisan de un peligro que ya pas\u00f3 hace mucho tiempo\u2026 Las mismas que los conducen de cabeza a los mataderos donde los Morlock los convierten en carne picada para alimentarse con ella en una forma de siniestro canibalismo\u2026<\/p>\n<p>As\u00ed pues \u00bfempezamos por aniquilar las estatuas de <em>sir<\/em> Thomas Picton este 18 de junio de 2020, en el 205 aniversario de su muerte en Waterloo y seguimos despu\u00e9s con las de H. G, Wells? \u00bfQuemamos tambi\u00e9n sus libros? \u00bfY por qu\u00e9 detenerse ah\u00ed? \u00bfNo habr\u00eda que borrar tambi\u00e9n de la existencia y del recuerdo libros sobre la Batalla de Waterloo como el \u201cNapole\u00f3n y Wellington\u201d del historiador Andrew Roberts?<\/p>\n<p>Tengamos presente que ese libro de Historia tiene la desfachatez de recordar que en Londres, en junio de 1815, cuando iban llegando noticias como la de la muerte de Picton, los liberales brit\u00e1nicos creyeron que Napole\u00f3n hab\u00eda ganado la batalla y se dedicaron a celebrar por todo lo alto el triunfo de aquel tirano militar. El mismo que restaur\u00f3 la esclavitud negra en las Antillas\u2026 As\u00ed las cosas, alguien podr\u00eda sentirse ofendido, de nuevo, por tal asociaci\u00f3n de ideas hist\u00f3ricas. Pues en buena l\u00f3gica ese alguien, por su inquina hacia Picton, se ver\u00eda en compa\u00f1\u00eda hist\u00f3rica de Napole\u00f3n. Lo cual lo retratar\u00eda como un antifascista amigo, despu\u00e9s de todo, de dictadores esclavistas\u2026<\/p>\n<p>El 18 de junio de 1815 muchos dieron su vida para que Europa no acabase bajo la tiran\u00eda napole\u00f3nica, que arruin\u00f3 miles de vidas disfrazando afanes depredadores bajo la bandera de la revoluci\u00f3n francesa. Gracias a esos soldados y oficiales, en apenas quince a\u00f1os, la monarqu\u00eda parlamentaria brit\u00e1nica sobrevivi\u00f3 y avanz\u00f3 hacia la democracia tal y como la hemos conocido hasta este a\u00f1o 2020. No s\u00f3lo eso. Ayud\u00f3 tambi\u00e9n, derramando m\u00e1s sangre, a que en Espa\u00f1a, Francia, B\u00e9lgica y Portugal se asentasen nuevas monarqu\u00edas parlamentarias que tambi\u00e9n avanzaron en esa direcci\u00f3n.<\/p>\n<p><em>Sir <\/em>Thomas Picton, al margen de los sucesos de las Antillas, fue uno de esos hombres que, finalmente, dio la vida por esa causa. Cuidado pues con atacar estatuas de personas con una historia personal tan compleja como la que he rese\u00f1ado aqu\u00ed.<\/p>\n<p>El resultado podr\u00eda ser una pavorosa distop\u00eda en la que el Fascismo ser\u00eda impuesto ahora por v\u00eda de un presunto antifascismo y entre las ruinas humeantes de archivos y bibliotecas. Entre los restos de todo lo que significa hoy, todav\u00eda, la palabra \u201ccivilizaci\u00f3n\u201d. Esa que ha ido evolucionando para impedir abusos tales como la esclavitud -tanto de blancos como de negros o asi\u00e1ticos- y para mostrar que las dictaduras -sean del signo que sean- no son la soluci\u00f3n a nada. Y menos a\u00fan a una organizaci\u00f3n de la vida en com\u00fan que merezca el calificativo de verdaderamente humana \u2026<\/p>\n<!-- AddThis Advanced Settings generic via filter on the_content --><!-- AddThis Share Buttons generic via filter on the_content -->","protected":false},"excerpt":{"rendered":"<p>Por Carlos Rilova Jeric\u00f3 Este lunes pensaba escribir sobre la Batalla de Waterloo, pues este jueves se cumplen 205 a\u00f1os de ese hecho que, qu\u00e9 duda cabe, cambi\u00f3 la Historia del Mundo. As\u00ed que, probablemente, habr\u00eda escrito aqu\u00ed \u00fanica y exclusivamente de esos hechos. Por ejemplo, de la toma de la granja de Hougoumont a [&hellip;]<!-- AddThis Advanced Settings generic via filter on get_the_excerpt --><!-- AddThis Share Buttons generic via filter on get_the_excerpt --><\/p>\n","protected":false},"author":56,"featured_media":0,"comment_status":"open","ping_status":"closed","sticky":false,"template":"","format":"standard","meta":[],"categories":[1],"tags":[3308,2898,209,3310,563,886,3305,899,2591,3311,3307,3302,1223,3309,3303,3313,3304,3306,3312],"_links":{"self":[{"href":"https:\/\/blogs.diariovasco.com\/correo-historia\/wp-json\/wp\/v2\/posts\/2456"}],"collection":[{"href":"https:\/\/blogs.diariovasco.com\/correo-historia\/wp-json\/wp\/v2\/posts"}],"about":[{"href":"https:\/\/blogs.diariovasco.com\/correo-historia\/wp-json\/wp\/v2\/types\/post"}],"author":[{"embeddable":true,"href":"https:\/\/blogs.diariovasco.com\/correo-historia\/wp-json\/wp\/v2\/users\/56"}],"replies":[{"embeddable":true,"href":"https:\/\/blogs.diariovasco.com\/correo-historia\/wp-json\/wp\/v2\/comments?post=2456"}],"version-history":[{"count":8,"href":"https:\/\/blogs.diariovasco.com\/correo-historia\/wp-json\/wp\/v2\/posts\/2456\/revisions"}],"predecessor-version":[{"id":4263,"href":"https:\/\/blogs.diariovasco.com\/correo-historia\/wp-json\/wp\/v2\/posts\/2456\/revisions\/4263"}],"wp:attachment":[{"href":"https:\/\/blogs.diariovasco.com\/correo-historia\/wp-json\/wp\/v2\/media?parent=2456"}],"wp:term":[{"taxonomy":"category","embeddable":true,"href":"https:\/\/blogs.diariovasco.com\/correo-historia\/wp-json\/wp\/v2\/categories?post=2456"},{"taxonomy":"post_tag","embeddable":true,"href":"https:\/\/blogs.diariovasco.com\/correo-historia\/wp-json\/wp\/v2\/tags?post=2456"}],"curies":[{"name":"wp","href":"https:\/\/api.w.org\/{rel}","templated":true}]}}