{"id":3777,"date":"2023-04-03T11:30:00","date_gmt":"2023-04-03T09:30:00","guid":{"rendered":"https:\/\/blogs.diariovasco.com\/correo-historia\/?p=3777"},"modified":"2023-04-03T11:46:00","modified_gmt":"2023-04-03T09:46:00","slug":"guerra-y-propaganda-los-cien-mil-hijos-de-san-luis-en-el-bidasoa-6-de-abril-de-1823","status":"publish","type":"post","link":"https:\/\/blogs.diariovasco.com\/correo-historia\/2023\/04\/03\/guerra-y-propaganda-los-cien-mil-hijos-de-san-luis-en-el-bidasoa-6-de-abril-de-1823\/","title":{"rendered":"Guerra y propaganda: los Cien Mil Hijos de San Luis en el Bidasoa (6 de abril de 1823)"},"content":{"rendered":"<p><strong>Por Carlos Rilova Jeric\u00f3<\/strong><\/p>\n<p><img loading=\"lazy\" class=\"alignleft wp-image-3778 size-medium\" title=\"Retrato del general Louis Vallin en uniforme de h\u00fasar. En 7 de abril de 1823, como parte del Ej\u00e9rcito de Angulema, ordenar\u00e1 disparar el primer ca\u00f1onazo en Behobia\" src=\"https:\/\/static-blogs.diariovasco.com\/wp-content\/uploads\/sites\/34\/2023\/04\/El-general-Louis-Vallin-en-uniforme-de-h\u00fasar-225x300.gif\" alt=\"\" width=\"225\" height=\"300\" \/>Esta misma semana se cumplen dos siglos de un hecho hist\u00f3rico importante que, no s\u00e9 muy bien, cu\u00e1nto eco medi\u00e1tico tendr\u00e1 m\u00e1s all\u00e1 de peri\u00f3dicos como \u00e9ste.<\/p>\n<p>El acontecimiento en cuesti\u00f3n es el de la sentencia definitiva de la Europa absolutista contra la Espa\u00f1a liberal de ese a\u00f1o 1823, enviando contra ella al Ej\u00e9rcito de los llamados Cien Mil Hijos de San Luis.<\/p>\n<p>La fecha m\u00e1s com\u00fanmente aceptada como el inicio de esa represalia del Absolutismo europeo contra la Espa\u00f1a revolucionaria, suele ser el 7 de abril pero -como es habitual en estas cuestiones- hay discrepancias a tener en cuenta.<\/p>\n<p>As\u00ed un trabajo avalado por el Ministerio de Defensa espa\u00f1ol consultable en este enlace https:\/\/www.omniamutantur.es\/wp-content\/uploads\/Los-cien-mil-hijos-de-San-Luis-por-Melody-Rubio-Hern%C3%A1ndez-1-ilovepdf-compressed.pdf, cita el d\u00eda 5 como el del comienzo de las operaciones de invasi\u00f3n de los Cien Mil Hijos de San Luis. En otro interesante art\u00edculo sobre el apoyo al gobierno liberal espa\u00f1ol por parte de generales y parlamentarios brit\u00e1nicos -publicado por el acad\u00e9mico de la Historia Antonio Meijide Pardo en el n\u00famero 26 del \u201cAnuario Brigantino\u201d- se indica que, en realidad, los primeros contingentes hab\u00edan cruzado la frontera hoy mismo hace doscientos a\u00f1os. Es decir: el 3 de abril.<\/p>\n<p>La fecha m\u00e1s razonable del paso del grueso de esos Cien Mil Hijos de San Luis parece ser, en cualquier caso, entre el d\u00eda 6 y el 7 de abril a tenor del volumen log\u00edstico del contingente, de datos como esos y de otros que estudiaremos en este nuevo correo de la Historia.<\/p>\n<p>Sea en una fecha u otra (o en todas ellas) lo que ocurre a partir de esa primera semana de abril es el fin, por tanto, del llamado Trienio Liberal durante el que los partidarios de la monarqu\u00eda constitucional, de la constituci\u00f3n del gobierno del Pueblo por el Pueblo y para el Pueblo, consiguen doblegar por medio de un pronunciamiento revolucionario -en enero de 1820- la voluntad del sinuoso Fernando VII y obligarle a jurar la Constituci\u00f3n y marchar, como dicen que dijo el mismo soberano, todos juntos -y \u00e9l el primero- por la senda constitucional.<\/p>\n<p>Llevo a\u00f1os estudiando el caso, y publicando (aqu\u00ed y en otras tribunas) sobre \u00e9l, en la estela de otros historiadores como F\u00e9lix Llanos Aramburu o de grandes plumas de la Literatura espa\u00f1ola -y por ende vasca- como P\u00edo Baroja y otras menos conocidas -pero no por eso menos sustanciosas- como la del que el mismo Baroja llamaba \u201ccapit\u00e1n aventurero\u201d. No otro que, en efecto, el muy aventurero Juan Van Halen. Un liberal irreductible que recorrer\u00e1 todas las insurrecciones contra gobiernos tir\u00e1nicos desde el 2 de mayo de 1808 -aunque luego decide unirse por breve tiempo a las filas napole\u00f3nicas- hasta la revoluci\u00f3n belga de 1830 que crear\u00e1 ese pa\u00eds. No es la primera vez que hablo de \u00e9l. Ni aqu\u00ed ni en otros soportes. Probablemente -bien lo merece- no ser\u00e1 la \u00faltima.<\/p>\n<p>Lo que m\u00e1s me llama la atenci\u00f3n, hoy por hoy, de Van Halen durante esa crisis de abril de 1823, son afirmaciones suyas que recog\u00eda yo en el a\u00f1o 2015 en un art\u00edculo sobre el tema para el Bolet\u00edn de Estudios Hist\u00f3ricos sobre San Sebasti\u00e1n.<\/p>\n<p>Van Halen defender\u00e1 a ultranza, jug\u00e1ndose la propia vida, aquel r\u00e9gimen liberal. Sin embargo en sus memorias, en la parte relativa a esos a\u00f1os en los que combate en la divisi\u00f3n del general navarro Mina a las facciones absolutistas, reconoce que el r\u00e9gimen liberal iba a caer de todos modos. Sin que el congreso de Verona mandase ni un solo hijo de San Luis o de otro pa\u00eds de los muchos absolutistas que abundaban en Europa en esos a\u00f1os.<\/p>\n<p>\u00bfCu\u00e1l era la raz\u00f3n? Una muy a tener en cuenta por quienes de un modo algo inocente, tal vez rom\u00e1ntico, identifican ese periodo de tres a\u00f1os con un vergel de Libertad frente a una dictadura protofascista ejercida, con sa\u00f1a, por Fernando VII entre 1814 y 1820 y despu\u00e9s entre 1823 y 1833.<\/p>\n<p>Seg\u00fan Van Halen, poco sospechoso de admiraci\u00f3n por el Absolutismo o tiran\u00eda de ninguna clase, el r\u00e9gimen liberal se corrompi\u00f3 pronto. \u00c9l habla de \u201centes ambiciosos\u201d, de gente que tendr\u00eda mucho que callar por sus acciones pasadas y que barrenan el sistema liberal desde dentro, convirti\u00e9ndolo en algo m\u00e1s odioso y tir\u00e1nico que la Tiran\u00eda fernandina contra la que dec\u00edan haberse levantado en armas. Algo que genera sentimientos muy l\u00f3gicos de rechazo que llevan a pasarse a las l\u00edneas contrarias. Como el mismo Van Halen podr\u00e1 ver en Catalu\u00f1a mientras combate a los reaccionarios que carecer\u00e1n de verdadera fuerza hasta la llegada, entre el 3 y el 7 de abril de 1823, de esos Cien Mil Hijos de San Luis.<\/p>\n<p>Una frustraci\u00f3n l\u00f3gica -tanto en 1823 como en 2023- pues si la Tiran\u00eda genuina suele ser rechazada por su mismo car\u00e1cter tir\u00e1nico, un sistema que declara ser justo lo contrario se hace m\u00e1s repulsivo a\u00fan -como bien anotaba Juan Van Halen- cuando act\u00faa, de hecho, como aquello que dec\u00eda ir a combatir. En la Espa\u00f1a y la Europa actual tenemos numerosos ejemplos de eso mismo, doscientos a\u00f1os despu\u00e9s\u2026 Frente a eso, como dec\u00eda Van Halen, las tiran\u00edas genuinas no hacen sino reforzarse.<\/p>\n<p>Curiosamente en las orillas mismas del Bidasoa el 6 de abril de 1823 tenemos un gran ejemplo de ese refuerzo de las tiran\u00edas genuinas merced a la degradaci\u00f3n de quienes se califican a s\u00ed mismos como defensores de la Libertad.<\/p>\n<p>Los hechos los podemos encontrar en un libro de \u201cSouvenirs\u201d -ese es el t\u00edtulo que se le da- escritos \u201cen caliente\u201d por uno de esos Cien Mil hijos de San Luis, Nicolas Lebeaud (farmac\u00e9utico en el Ej\u00e9rcito de Angulema, seg\u00fan nos dice su ficha en la Biblioteca Nacional francesa), que lo publica r\u00e1pidamente en Par\u00eds y lo distribuye en su propia casa de la calle Four-Saint-Honor\u00e9 n.\u00ba 47, en el librero Ponthieu del Palais Royal y en el establecimiento de A. Guyot en el n.\u00ba 2 de la calle Mignon Saint-Andr\u00e9-des-Arcs. Una de sus copias se conserva hoy en la Biblioteca Koldo Mitxelena de San Sebasti\u00e1n bajo la signatura 47590, que es la que, una vez m\u00e1s, seguir\u00e9 hoy aqu\u00ed.<\/p>\n<p>Lebeaud nace con la revoluci\u00f3n en su propio pa\u00eds, en el a\u00f1o 1793, y sobrevive dos a la de 1830 que liquida -al menos hasta la actualidad- el Absolutismo en Francia dando paso a la monarqu\u00eda liberal y constitucional de Luis Felipe de Orleans.<\/p>\n<p>Parad\u00f3jico destino para quien en 6 de abril de 1823, a las puertas del Bidasoa, se muestra como un absolutista fan\u00e1tico.<\/p>\n<p>Algo sobre lo que no deja duda desde la primera p\u00e1gina que escribe, dedicando el libro a la decidida duquesa de Angulema (admirada hasta por Napole\u00f3n) a la que Lebeaud describe en estos elocuentes t\u00e9rminos: la mujer del libertador de Espa\u00f1a&#8230;<\/p>\n<p>Nos puede parecer chocante hoy d\u00eda, pero as\u00ed ve Lebeaud la cuesti\u00f3n en esos momentos en los que el grueso de los Cien Mil Hijos de San Luis se apresta a cruzar el Bidasoa.<\/p>\n<p>Puede decirse que de manera diametralmente opuesta a nuestra idealizaci\u00f3n de los liberales de ese momento que corre -a sus anchas- hoy d\u00eda y que lo reduce todo a t\u00e9rminos bastante simples en los que Fernando VII (y quienes le apoyan) encarnan el mal absoluto -la abominaci\u00f3n pol\u00edtica para sociedades ya completamente permeadas por las ideas liberales- y quienes se oponen a ellos como el bien absoluto, sin matices, precisamente por oponerse a ellos. Dogma hist\u00f3rico que, record\u00e9moslo de nuevo, no tiene en cuenta la opini\u00f3n de decididos liberales, como Juan Van Halen, que en esas mismas fechas se aprestan a defender un r\u00e9gimen liberal que, en el fondo, ellos saben ya corrupto y cada vez m\u00e1s tir\u00e1nico y menos liberal.<\/p>\n<p>Un terreno abonado ese para los propagandistas del Absolutismo templado. Como Lebeaud, que escribe en su libro p\u00e1ginas que los ministerios de propaganda de dictaduras totalitarias como la nazi o la estalinista hubieran envidiado.<\/p>\n<p>As\u00ed, por ejemplo, la impresi\u00f3n general que da del Ej\u00e9rcito de Angulema ya desplegado en el Bidasoa el 6 de abril de 1823, es la de que, gracias a la expedici\u00f3n contra los liberales espa\u00f1oles, la Francia de ese a\u00f1o, la del ben\u00e9volo y semiconstitucional Luis XVIII, se ha vuelto a unir fraternalmente. Lebeaud llena as\u00ed ese Ej\u00e9rcito a orillas del Bidasoa de viejos veteranos, de Marengo, de Austerlitz&#8230; que ahora piden a sus jefes que los lleven ante el enemigo.<\/p>\n<p>Lebeaud se atreve incluso a tomar como testigo de sus afirmaciones propagand\u00edsticas al vizconde de Chateaubriand, al que cita cuando habla en la discusi\u00f3n sobre si se deb\u00eda intervenir o no en aquella Espa\u00f1a de 1823 que estaba haciendo el mismo papel que la Francia revolucionaria de 1792, extendiendo su \u201cmal\u201d ejemplo al resto del continente. As\u00ed Lebeaud se alboroza recordando que Chateaubriand, ministro de Exteriores franc\u00e9s en ese momento, ve la expedici\u00f3n como un medio de unir en una causa com\u00fan a franceses que hab\u00edan luchado en bandos opuestos\u2026 Ciertamente Chateaubriand sab\u00eda bien de qu\u00e9 hablaba, pues en sus \u201cMemorias de ultratumba\u201d recog\u00eda episodios que en nada recordaban a las enf\u00e1ticas palabras de Lebeaud sobre, por ejemplo, veteranos granaderos del 10 de l\u00ednea encantados de servir, ahora, bajo la bandera blanca de los Borbones\u2026<\/p>\n<p>En definitiva hasta tal punto hab\u00edan llegado las cosas en la Espa\u00f1a liberal de 1823, como dec\u00eda Van Halen, como para que esta faramalla protogoebelsiana, aventada por obras como la de Lebeaud, tuviera posibilidades de sostenerse en pie en un libro vendido en una capital tan sofisticada como Par\u00eds con m\u00e1s solidez que un simple espantap\u00e1jaros.<\/p>\n<p>Cabr\u00eda, eso s\u00ed, lanzar aqu\u00ed la pregunta de si todos los liberales que toman las armas en la mano para defender el pa\u00eds de esos entusiastas de Angulema, eran realmente tan rastreros como Van Halen los describe, justamente abocados, por eso mismo, a su derrota. Es una pregunta que tratar\u00e9 de responder en cosa de unos d\u00edas en otro canal de este mismo peri\u00f3dico dedicado a la Historia de esa provincia -Guip\u00fazcoa- que, a partir del 6 de abril, es poco menos que arrollada por esos soldados del duque de Angulema.<\/p>\n<!-- AddThis Advanced Settings generic via filter on the_content --><!-- AddThis Share Buttons generic via filter on the_content -->","protected":false},"excerpt":{"rendered":"<p>Por Carlos Rilova Jeric\u00f3 Esta misma semana se cumplen dos siglos de un hecho hist\u00f3rico importante que, no s\u00e9 muy bien, cu\u00e1nto eco medi\u00e1tico tendr\u00e1 m\u00e1s all\u00e1 de peri\u00f3dicos como \u00e9ste. El acontecimiento en cuesti\u00f3n es el de la sentencia definitiva de la Europa absolutista contra la Espa\u00f1a liberal de ese a\u00f1o 1823, enviando contra [&hellip;]<!-- AddThis Advanced Settings generic via filter on get_the_excerpt --><!-- AddThis Share Buttons generic via filter on get_the_excerpt --><\/p>\n","protected":false},"author":56,"featured_media":0,"comment_status":"open","ping_status":"closed","sticky":false,"template":"","format":"standard","meta":[],"categories":[1],"tags":[344,588,710,3234,1013,1462,4043,1764,1877,2185],"_links":{"self":[{"href":"https:\/\/blogs.diariovasco.com\/correo-historia\/wp-json\/wp\/v2\/posts\/3777"}],"collection":[{"href":"https:\/\/blogs.diariovasco.com\/correo-historia\/wp-json\/wp\/v2\/posts"}],"about":[{"href":"https:\/\/blogs.diariovasco.com\/correo-historia\/wp-json\/wp\/v2\/types\/post"}],"author":[{"embeddable":true,"href":"https:\/\/blogs.diariovasco.com\/correo-historia\/wp-json\/wp\/v2\/users\/56"}],"replies":[{"embeddable":true,"href":"https:\/\/blogs.diariovasco.com\/correo-historia\/wp-json\/wp\/v2\/comments?post=3777"}],"version-history":[{"count":5,"href":"https:\/\/blogs.diariovasco.com\/correo-historia\/wp-json\/wp\/v2\/posts\/3777\/revisions"}],"predecessor-version":[{"id":3783,"href":"https:\/\/blogs.diariovasco.com\/correo-historia\/wp-json\/wp\/v2\/posts\/3777\/revisions\/3783"}],"wp:attachment":[{"href":"https:\/\/blogs.diariovasco.com\/correo-historia\/wp-json\/wp\/v2\/media?parent=3777"}],"wp:term":[{"taxonomy":"category","embeddable":true,"href":"https:\/\/blogs.diariovasco.com\/correo-historia\/wp-json\/wp\/v2\/categories?post=3777"},{"taxonomy":"post_tag","embeddable":true,"href":"https:\/\/blogs.diariovasco.com\/correo-historia\/wp-json\/wp\/v2\/tags?post=3777"}],"curies":[{"name":"wp","href":"https:\/\/api.w.org\/{rel}","templated":true}]}}