{"id":3806,"date":"2023-05-01T11:30:02","date_gmt":"2023-05-01T09:30:02","guid":{"rendered":"https:\/\/blogs.diariovasco.com\/correo-historia\/?p=3806"},"modified":"2023-05-01T10:58:31","modified_gmt":"2023-05-01T08:58:31","slug":"el-dia-despues-del-2-de-mayo-de-1808-los-primeros-ejercitos-patriotas-en-el-valle-de-roncal","status":"publish","type":"post","link":"https:\/\/blogs.diariovasco.com\/correo-historia\/2023\/05\/01\/el-dia-despues-del-2-de-mayo-de-1808-los-primeros-ejercitos-patriotas-en-el-valle-de-roncal\/","title":{"rendered":"El d\u00eda despu\u00e9s del 2 de mayo de 1808. Los primeros ej\u00e9rcitos patriotas en el Valle de Roncal"},"content":{"rendered":"<p><strong>Por Carlos Rilova Jeric\u00f3<\/strong><\/p>\n<p><img loading=\"lazy\" class=\"alignleft wp-image-3807 size-medium\" title=\"Mariano Renovales hacia 1808. (Asociaci\u00f3n Sitios de Zaragoza)\" src=\"https:\/\/static-blogs.diariovasco.com\/wp-content\/uploads\/sites\/34\/2023\/05\/Mariano-Renovales-hacia-1808-Asociaci\u00f3n-sitios-de-Zaragoza-208x300.jpg\" alt=\"\" width=\"208\" height=\"300\" srcset=\"https:\/\/static-blogs.diariovasco.com\/wp-content\/uploads\/sites\/34\/2023\/05\/Mariano-Renovales-hacia-1808-Asociaci\u00f3n-sitios-de-Zaragoza-208x300.jpg 208w, https:\/\/static-blogs.diariovasco.com\/wp-content\/uploads\/sites\/34\/2023\/05\/Mariano-Renovales-hacia-1808-Asociaci\u00f3n-sitios-de-Zaragoza.jpg 225w\" sizes=\"(max-width: 208px) 100vw, 208px\" \/>Ma\u00f1ana mismo se cumplir\u00e1 otro aniversario del mot\u00edn en Madrid que, el 2 de mayo de 1808, dar\u00eda la se\u00f1al para una resistencia general en Espa\u00f1a contra la invasi\u00f3n de los ej\u00e9rcitos de Napole\u00f3n. Ese emperador que hab\u00eda impuesto silencio y obediencia a toda Europa mediante su comprobado genio militar.<\/p>\n<p>Los detalles sobre ese asunto han sido contados muchas veces. Por testigos presenciales y participantes en \u00e9l como aquel Juan Van Halen que P\u00edo Baroja llam\u00f3 \u201ccapit\u00e1n aventurero\u201d. Por escritores como Benito P\u00e9rez Gald\u00f3s. Y tambi\u00e9n, desde luego, por historiadores que son los que han matizado hasta qu\u00e9 punto aquel mot\u00edn era popular, hasta qu\u00e9 punto estaba manejado por los partidarios del pr\u00edncipe Fernando y muchos otros detalles sobre esa especie de Toma de la Bastilla espa\u00f1ola.<\/p>\n<p>Todos ellos han desfilado, ya varias veces, por las p\u00e1ginas del correo de la Historia. Por tanto hoy no volver\u00e9 sobre esto. Prefiero hablar de algo que rara vez se pone en conexi\u00f3n con los acontecimientos del 2 y 3 de mayo de 1808 en Madrid.<\/p>\n<p>Es decir: qu\u00e9 pasa despu\u00e9s de que las tropas napole\u00f3nicas ahogan en sangre esa rebeli\u00f3n m\u00e1s o menos popular entre esos dos d\u00edas de principios de mayo de 1808.<\/p>\n<p>Si lo miramos bien, en t\u00e9rminos hist\u00f3ricos, todo pod\u00eda haber acabado ah\u00ed. Murat y Napole\u00f3n habr\u00edan tenido una discusi\u00f3n de cu\u00f1ados sobre aquel pueblo ingobernable, salvaje, casi iletrado, guiado por monjes oscurantistas y fan\u00e1ticos y que no reflejaba el sentir de lo mejor y m\u00e1s culto y avanzado de la naci\u00f3n espa\u00f1ola. Esos que esperaban salir de esas tinieblas goyescas gracias a la sabia tutela de la Francia napole\u00f3nica. Acaso Murat no habr\u00eda renunciado al trono espa\u00f1ol y \u00e9l y la bella Carolina Bonaparte hubieran reinado, felices y contentos, en el Palacio de Oriente en una Europa que, a partir de ah\u00ed, ser\u00eda bastante distinta a la que conocemos desde 1815.<\/p>\n<p>Es decir: el 2 de mayo de 1808 podr\u00eda haber sido perfectamente una nota a pie de p\u00e1gina, un hecho irrelevante desde el 4 de mayo. Poco menos, incluso, que las haza\u00f1as del hostelero tirol\u00e9s Andreas Hofer que liderar\u00e1 una notable rebeli\u00f3n antinapol\u00e9onica en esas latitudes europeas m\u00e1s o menos en las mismas fechas del levantamiento de Madrid.<\/p>\n<p>Pero ya sabemos que no fue as\u00ed. Y esto, como todo en Historia, tiene un porqu\u00e9. Algo que sin embargo ha quedado un poco desdibujado, ensombrecido por la semileyenda guerrillera que ha sido explotada -por espa\u00f1oles y extranjeros, por amigos y enemigos- hasta la n\u00e1usea.<\/p>\n<p>Es as\u00ed como desaparecen, para muchos millones de espa\u00f1oles, los minuciosos planes que el partido patriota espa\u00f1ol -o fernandino, o antinapole\u00f3nico- comienza a desplegar a partir de los fusilamientos del 3 de mayo.<\/p>\n<p>Y es que el bajo pueblo de Madrid que ha ca\u00eddo combatiendo en las calles el 2 de mayo o al d\u00eda siguiente en las ejecuciones \u201cejemplares\u201d, no ha sido, ni mucho menos, la \u00fanica parte de Espa\u00f1a que se niega a aceptar las imposiciones de Napole\u00f3n que en otras partes de Europa -y adem\u00e1s gracias a la ayuda espa\u00f1ola desde 1795- han sido acatadas aunque fuera de p\u00e9sima gana.<\/p>\n<p>En efecto, pronto, en mayo de 1808, comienzan a aparecer funcionarios y militares de carrera espa\u00f1oles que se niegan a seguir aceptando la cruel pantomima dise\u00f1ada por el emperador.<\/p>\n<p>El caso del valle navarro de Roncal es uno de los que -por razones de trabajo- m\u00e1s me ha llamado la atenci\u00f3n \u00faltimamente. Fue estudiado muy a fondo por Rafael Gambra, descendiente de uno de los protagonistas de los hechos (del que hablar\u00e9 enseguida) en un muy pulcro art\u00edculo titulado \u201cEl Valle de Roncal en la Guerra de la Independencia. Los or\u00edgenes de la Guerra en Navarra y el \u201cProyecto Secreto\u201d (*)\u201d.<\/p>\n<p>Lo que escribir\u00e9 a continuaci\u00f3n es tan s\u00f3lo un resumen de ese esmerado trabajo (muy ajeno a la ideolog\u00eda ultratradicionalista del autor) que fue publicado en el a\u00f1o 1959, como comunicaci\u00f3n a un congreso en Zaragoza.<\/p>\n<p>Rafael Gambra nos explica en esas p\u00e1ginas, a partir de un notorio archivo familiar entre otras fuentes (francesas incluidas por supuesto), c\u00f3mo se organiza en Roncal la resistencia b\u00e9lica contra las tropas invasoras.<\/p>\n<p>Los que entran en escena en ese momento, al menos como jefes y organizadores, no son precisamente los toscos majos y chisperos de Madrid, ni los asilvestrados guerrilleros dirigidos por un clero que bendice -con ojos y gesto enfebrecido- sus masacres de franceses como a la propaganda napole\u00f3nica le hubiera gustado.<\/p>\n<p>Muy al contrario aqu\u00ed hablamos de ricos propietarios y empresarios como Pedro Vicente de Gambra, due\u00f1o de m\u00e1s de 20.000 cabezas de ganado e interesado en proyectos propios de la Europa y la Espa\u00f1a del Siglo de las Luces. Como el Canal Imperial de Arag\u00f3n ideado por el tambi\u00e9n ilustrado can\u00f3nigo zaragozano Pignatelli, que es quien pone en marcha ese proyecto para hacer llegar madera de los valles del Norte a los astilleros del Mediterr\u00e1neo. Labor en la que Pedro Vicente de Gambra intervendr\u00e1 con obras hidr\u00e1ulicas que hagan realidad la salida de esa materia prima que \u00e9l explota en Roncal.<\/p>\n<p>La resistencia antinapole\u00f3nica, como vemos, no es aqu\u00ed cosa de un pueblo amorfo, inculto y dirigido por un clero que parece saber poco m\u00e1s que \u00e9l. La vida de Pedro Vicente de Gambra nos trae ecos, indudables, de la Espa\u00f1a y la Europa ilustrada. Y de la mano de un cl\u00e9rigo, Pignatelli, que encaja muy mal en la propaganda napole\u00f3nica.<\/p>\n<p>Este ilustrado propietario navarro, Gambra, saliendo en defensa de sus propios intereses, ser\u00e1 quien vertebre, en base a su experiencia b\u00e9lica durante la Guerra de la Convenci\u00f3n, las iras populares -tambi\u00e9n bien aventadas- contra la invasi\u00f3n napole\u00f3nica.<\/p>\n<p>En esa tarea no estar\u00e1 solo. Contar\u00e1 con la constante ayuda de su futuro yerno. Un militar de carrera, de origen v\u00edzcaino, que ha pasado a la Historia como mariscal de esas guerras napole\u00f3nicas y que respond\u00eda al nombre de Mariano Renovales.<\/p>\n<p>Renovales, y sus dos futuros cu\u00f1ados, se foguear\u00e1n primero durante los sitios de Zaragoza. Cuando la ciudad capitule, todos ellos se las arreglar\u00e1n para continuar la lucha en otros frentes. En este caso en el Valle de Roncal.<\/p>\n<p>As\u00ed es como Mariano Renovales -que entonces s\u00f3lo es un teniente coronel del Ej\u00e9rcito espa\u00f1ol que ha permanecido fiel al juramento a Carlos IV- lograr\u00e1 poner en jaque a nada menos que, entre otros, el selecto regimiento de la Guardia Nacional francesa que act\u00faa como fuerza ocupante en Navarra en esos momentos.<\/p>\n<p>\u00bfLo har\u00e1 con espectaculares golpes de mano y emboscadas? Pues siento decepcionar a quienes a\u00fan piensan que la guerra la ganaron los \u201cguerrilleros\u201d, porque en esos comienzos del a\u00f1o 1809 las t\u00e1cticas usadas por Renovales y su estado mayor con las levas populares hechas en Roncal, ser\u00e1n de verdadero manual militar europeo de la \u00e9poca. Es decir: combaten en batalla campal, en secciones de orden cerrado para aprovechar bien la descarga de mosqueter\u00eda por l\u00edneas, se despliegan de manera escalonada y operan en movimientos de marcha y contramarcha para flanquear y embolsar al enemigo que, en ese caso, les da numerosos prisioneros \u2026<\/p>\n<p>Eso, ni m\u00e1s ni menos es lo que ocurre en el Roncal de 1809, d\u00edas, semanas, meses\u2026 despu\u00e9s de que la guerra ya sea abierta y declarada, cuando cae el \u00faltimo ejecutado en Madrid el 3 de mayo\u2026<\/p>\n<p>Y as\u00ed, y no de otro modo, ser\u00e1 como, a\u00f1os despu\u00e9s, tras esfuerzos constantes como esos, se gane la guerra al que, en 1808, parec\u00eda invencible emperador Napole\u00f3n.<\/p>\n<!-- AddThis Advanced Settings generic via filter on the_content --><!-- AddThis Share Buttons generic via filter on the_content -->","protected":false},"excerpt":{"rendered":"<p>Por Carlos Rilova Jeric\u00f3 Ma\u00f1ana mismo se cumplir\u00e1 otro aniversario del mot\u00edn en Madrid que, el 2 de mayo de 1808, dar\u00eda la se\u00f1al para una resistencia general en Espa\u00f1a contra la invasi\u00f3n de los ej\u00e9rcitos de Napole\u00f3n. Ese emperador que hab\u00eda impuesto silencio y obediencia a toda Europa mediante su comprobado genio militar. Los [&hellip;]<!-- AddThis Advanced Settings generic via filter on get_the_excerpt --><!-- AddThis Share Buttons generic via filter on get_the_excerpt --><\/p>\n","protected":false},"author":56,"featured_media":0,"comment_status":"open","ping_status":"closed","sticky":false,"template":"","format":"standard","meta":[],"categories":[1],"tags":[338,359,1216,1261,4069,4064,4066,4065,4068,4067],"_links":{"self":[{"href":"https:\/\/blogs.diariovasco.com\/correo-historia\/wp-json\/wp\/v2\/posts\/3806"}],"collection":[{"href":"https:\/\/blogs.diariovasco.com\/correo-historia\/wp-json\/wp\/v2\/posts"}],"about":[{"href":"https:\/\/blogs.diariovasco.com\/correo-historia\/wp-json\/wp\/v2\/types\/post"}],"author":[{"embeddable":true,"href":"https:\/\/blogs.diariovasco.com\/correo-historia\/wp-json\/wp\/v2\/users\/56"}],"replies":[{"embeddable":true,"href":"https:\/\/blogs.diariovasco.com\/correo-historia\/wp-json\/wp\/v2\/comments?post=3806"}],"version-history":[{"count":4,"href":"https:\/\/blogs.diariovasco.com\/correo-historia\/wp-json\/wp\/v2\/posts\/3806\/revisions"}],"predecessor-version":[{"id":3811,"href":"https:\/\/blogs.diariovasco.com\/correo-historia\/wp-json\/wp\/v2\/posts\/3806\/revisions\/3811"}],"wp:attachment":[{"href":"https:\/\/blogs.diariovasco.com\/correo-historia\/wp-json\/wp\/v2\/media?parent=3806"}],"wp:term":[{"taxonomy":"category","embeddable":true,"href":"https:\/\/blogs.diariovasco.com\/correo-historia\/wp-json\/wp\/v2\/categories?post=3806"},{"taxonomy":"post_tag","embeddable":true,"href":"https:\/\/blogs.diariovasco.com\/correo-historia\/wp-json\/wp\/v2\/tags?post=3806"}],"curies":[{"name":"wp","href":"https:\/\/api.w.org\/{rel}","templated":true}]}}