{"id":3832,"date":"2023-05-29T11:30:53","date_gmt":"2023-05-29T09:30:53","guid":{"rendered":"https:\/\/blogs.diariovasco.com\/correo-historia\/?p=3832"},"modified":"2023-05-29T11:00:22","modified_gmt":"2023-05-29T09:00:22","slug":"no-me-hable-vd-mas-de-blas-de-lezo-o-el-abaratamiento-de-la-historia-de-espana","status":"publish","type":"post","link":"https:\/\/blogs.diariovasco.com\/correo-historia\/2023\/05\/29\/no-me-hable-vd-mas-de-blas-de-lezo-o-el-abaratamiento-de-la-historia-de-espana\/","title":{"rendered":"\u201cNo me hable vd. m\u00e1s de Blas de Lezo\u201d o el abaratamiento de la Historia de Espa\u00f1a"},"content":{"rendered":"<p class=\"Textbody\" style=\"margin-left: 9.05pt; text-align: left;\" align=\"left\"><b>Por Carlos Rilova Jeric\u00f3<\/b><\/p>\n<p class=\"Textbody\" style=\"margin-left: 9.05pt; text-align: left;\" align=\"left\"><img loading=\"lazy\" class=\"alignleft wp-image-3833 size-medium\" title=\"Portada de uno de los numerosos libros dedicados a la Batalla de Cartagena de Indias. En este caso por la editorial Osprey-Del Prado\" src=\"https:\/\/static-blogs.diariovasco.com\/wp-content\/uploads\/sites\/34\/2023\/05\/Portada-de-uno-de-los-numerosos-libros-dedicados-a-la-Batalla-de-Cartagena-de-Indias-Osprey-Del-Prado-222x300.jpg\" alt=\"\" width=\"222\" height=\"300\" srcset=\"https:\/\/static-blogs.diariovasco.com\/wp-content\/uploads\/sites\/34\/2023\/05\/Portada-de-uno-de-los-numerosos-libros-dedicados-a-la-Batalla-de-Cartagena-de-Indias-Osprey-Del-Prado-222x300.jpg 222w, https:\/\/static-blogs.diariovasco.com\/wp-content\/uploads\/sites\/34\/2023\/05\/Portada-de-uno-de-los-numerosos-libros-dedicados-a-la-Batalla-de-Cartagena-de-Indias-Osprey-Del-Prado-768x1039.jpg 768w, https:\/\/static-blogs.diariovasco.com\/wp-content\/uploads\/sites\/34\/2023\/05\/Portada-de-uno-de-los-numerosos-libros-dedicados-a-la-Batalla-de-Cartagena-de-Indias-Osprey-Del-Prado-464x628.jpg 464w\" sizes=\"(max-width: 222px) 100vw, 222px\" \/>Este lunes 29 de mayo me ha parecido una fecha ineludible para hablar de la cuesti\u00f3n a la que se va a dedicar este nuevo correo de la Historia.<\/p>\n<p class=\"Textbody\" style=\"margin-left: 9.05pt; text-align: left;\" align=\"left\">Es decir, como ya se ve en su t\u00edtulo, al almirante guipuzcoano Blas de Lezo y al precio tan devaluado al que hoy se vende y se compra la Historia de Espa\u00f1a, que es a la -triste- conclusi\u00f3n a la que llegamos algunos historiadores cuando vemos en qu\u00e9 ha acabado la cuesti\u00f3n de Blas de Lezo y la Batalla de Cartagena de Indias del a\u00f1o 1741.<\/p>\n<p class=\"Textbody\" style=\"margin-left: 9.05pt; text-align: left;\" align=\"left\">S\u00e9 que no es \u00e9sta la primera vez que hablo del asunto. No s\u00e9 si ser\u00e1 la \u00faltima. Hay cosas, personas y temas que llegan a un punto casi de n\u00e1usea. No porque lo que han hecho para ser recordados no tuviera m\u00e9rito, sino porque la vulgarizaci\u00f3n de ese hecho se acaba convirtiendo en una especie de m\u00fasica de verbena, resultona, bailable, pero que acaba por empalagar. Como ocurre con todas las piezas musicales simples.<\/p>\n<p class=\"Textbody\" style=\"margin-left: 9.05pt; text-align: left;\" align=\"left\">Es lo que ocurri\u00f3, seg\u00fan parece, con la victoria en el Tour de Francia de 1959 de Bahamontes. Me contaba mi padre que, en su juventud, en Pamplona, habr\u00eda habido quien, en un rasgo de humor m\u00e1s negro que sarc\u00e1stico, se hizo imprimir unas tarjetas de visita con la frase \u201cNo me hable vd. m\u00e1s de Bahamontes\u201d para repartir en caso de emergencia cuando en un bar alguien iba a empezar (por en\u00e9sima vez) una conversaci\u00f3n hablando de lo que el gran Federico Mart\u00edn Bahamontes hab\u00eda hecho en aquel a\u00f1o 1959.<\/p>\n<p class=\"Textbody\" style=\"margin-left: 9.05pt; text-align: left;\" align=\"left\">Hasta ese punto parece ser hab\u00eda llegado a hartar el pasear lo que, sin duda, era una gran haza\u00f1a deportiva espa\u00f1ola. Inevitablemente sobredorada (y exhibida cual fen\u00f3meno de feria) en aquella Espa\u00f1a que apenas empezaba a levantar cabeza desde la Guerra Civil y la elecci\u00f3n (excepciones aparte) del bando equivocado en la Segunda Guerra Mundial.<\/p>\n<p class=\"Textbody\" style=\"margin-left: 9.05pt; text-align: left;\" align=\"left\">Con el almirante Blas de Lezo parece haber ocurrido algo semejante. Lo asombroso es que ese fen\u00f3meno se ha dado con un personaje de hace m\u00e1s de trescientos a\u00f1os y en una Espa\u00f1a que, se supon\u00eda, desde 1978 hab\u00eda ido haci\u00e9ndose valer y poni\u00e9ndose, otra vez, al nivel del resto de la opulenta, avanzada y democr\u00e1tica Europa.<\/p>\n<p class=\"Textbody\" style=\"margin-left: 9.05pt; text-align: left;\" align=\"left\">\u00bfHemos sufrido alguna clase de espejismo? Parece ser que s\u00ed. O que las cosas, como muchos denuncian ahora, se han hecho torcidamente a partir de ese a\u00f1o 1978, engendrando una sociedad m\u00e1s rica, m\u00e1s \u201ceuropea\u201d, pero enteramente vac\u00eda (o m\u00e1s bien vaciada) de contenido y personalidad.<\/p>\n<p class=\"Textbody\" style=\"margin-left: 9.05pt; text-align: left;\" align=\"left\">El asunto de Blas de Lezo, de hecho, fue puesto en el disparadero por un pol\u00edtico colombiano, Pablo Victoria, y nada menos que en el a\u00f1o 2005. Desde entonces Blas de Lezo, como una especie de nuevo Bahamontes coronado de laurel en el Par\u00eds de 1959, se ha convertido en un tema de conversaci\u00f3n recurrente de casi cualquiera. Incluso de gente que, probablemente, antes de esa revelaci\u00f3n dec\u00eda eso de que la Historia es un rollo o un cuento contado por los vencedores y dem\u00e1s manidos t\u00f3picos que s\u00f3lo revelan escaso conocimiento de \u00e9sta (en la Espa\u00f1a actual) sufrida ciencia social.<\/p>\n<p class=\"Textbody\" style=\"margin-left: 9.05pt; text-align: left;\" align=\"left\">Y, c\u00f3mo no, pronto Blas de Lezo ha sido motivo de controversia entre espa\u00f1oles. Parece ser que hay qui\u00e9n cree que eso que llaman \u201cultraderecha\u201d se ha apropiado de \u00e9l. Ante eso al menos dos historiadoras, Mariela Beltr\u00e1n y Carolina Aguado, han tratado de atemperar un poco tanto entusiasmo pol\u00edtico -merced a un libro sobre don Blas de bibliograf\u00eda algo incompleta- y, por lo que s\u00e9, la \u00faltima de las dos, no hace mucho (el 11 de febrero de 2023) lleg\u00f3 a afirmar, finalmente, en la nave insignia de la \u201cAnti Espa\u00f1ita ultra\u201d -es decir: \u201cLa Sexta\u201d- que se ha puesto por las nubes al almirante y general guipuzcoano sin demasiado fundamento\u2026<\/p>\n<p class=\"Textbody\" style=\"margin-left: 9.05pt; text-align: left;\" align=\"left\">Y as\u00ed podr\u00eda seguir hasta llenar p\u00e1ginas y m\u00e1s p\u00e1ginas con ese zarandear a Blas de Lezo, que s\u00f3lo demostrar\u00eda, en mi humilde opini\u00f3n de historiador, que en Espa\u00f1a, hoy mismo, en pleno siglo XXI, sigue habiendo un grave problema con el aprendizaje, docencia y divulgaci\u00f3n de su Historia. Todo ello comprado y vendido a barato.<\/p>\n<p class=\"Textbody\" style=\"margin-left: 9.05pt; text-align: left;\" align=\"left\">Estas diatribas en torno a Blas de Lezo s\u00f3lo demuestran, en efecto, el verdadero derroche y desprecio que se est\u00e1 haciendo de recursos hist\u00f3ricos trabajados por decenas de historiadores durante a\u00f1os. Algunos de ellos anglosajones. Como Christopher Storrs.<\/p>\n<p class=\"Textbody\" style=\"margin-left: 9.05pt; text-align: left;\" align=\"left\">Con eso lo que se ha conseguido con el almirante guipuzcoano es, para empezar, cometer el peor error que se puede cometer a la hora de enfrentarse a la Historia y comprenderla como una persona culta. En el caso de Blas de Lezo esa ola de entusiasmo popular, lo que ha hecho, efectivamente, es sacarlo de su contexto hist\u00f3rico que es, cr\u00e9anme, palabra de historiador, lo \u00fanico que en su caso -y en el de todos- permite entender lo que realmente hizo y su verdadero y justo valor y alcance hist\u00f3rico,<\/p>\n<p class=\"Textbody\" style=\"margin-left: 9.05pt; text-align: left;\" align=\"left\">Ese contexto hist\u00f3rico de los hechos de Cartagena de Indias en 1741, es el de una guerra mundial (la de Sucesi\u00f3n austriaca) entre Gran Breta\u00f1a y sus aliados y el combinado de Espa\u00f1a y Francia, e, insisto, s\u00f3lo as\u00ed se puede comprender lo que realmente hizo Blas de Lezo, entre discusi\u00f3n y discusi\u00f3n con su superior militar, en aquella estrat\u00e9gica plaza fuerte americana. Cartagena de Indias fue, en definitiva, una de las grandes batallas de esa guerra y una estrepitosa derrota para una Gran Breta\u00f1a, que -eso no puede regate\u00e1rsele- aguant\u00f3 con verdadera flema brit\u00e1nica el casi constante vapuleo al que la sometieron, entre Francia y Espa\u00f1a, en los m\u00e1s diversos frentes del planeta de 1739 a 1748.<\/p>\n<p class=\"Textbody\" style=\"margin-left: 9.05pt; text-align: left;\" align=\"left\">Partiendo de ese punto deber\u00eda reflexionar esa Espa\u00f1a que ahora se parte la cara por la gran (\u00bfo era insignificante?) haza\u00f1a de Cartagena de Indias, si la Segunda Guerra Mundial deber\u00eda ser contada exclusivamente en base a lo que los generales Omar Bradley o Anthony McAuliffe hicieron en las Ardenas en 1944. Absurdo, \u00bfverdad? Pues eso mismo parece estar pasando con el virrey Eslava, Blas de Lezo y Cartagena de Indias.<\/p>\n<p class=\"Textbody\" style=\"margin-left: 9.05pt; text-align: left;\" align=\"left\">Los incidentes en los que Gran Breta\u00f1a fue derrotada por Espa\u00f1a se sucedieron uno tras otro en los ocho a\u00f1os que dur\u00f3 la Guerra de Sucesi\u00f3n austriaca. \u00bfAlguien quiere haza\u00f1as asombrosas m\u00e1s all\u00e1 de Cartagena de Indias? Pues las hay. Son bien f\u00e1ciles de encontrar. Y sin moverse de la provincia natal de Blas de Lezo. Quienes tan necesitados est\u00e9n de ellas pueden echar un vistazo, para empezar, a lo que la conspicua Wikipedia dice de otro militar guipuzcoano: Gabriel Jos\u00e9 de Zuloaga. Seguramente muchos de los admiradores de Blas de Lezo habr\u00e1n incluso pasado ante su casa en la Calle Mayor de la hoy ciudad de Hondarribia. De hecho actualmente es la biblioteca de esa localidad.<\/p>\n<p class=\"Textbody\" style=\"margin-left: 9.05pt; text-align: left;\" align=\"left\">Zuloaga, general de Brigada destinado en esa guerra del Asiento -o de Sucesi\u00f3n austriaca- a la actual Venezuela, rechaz\u00f3 en 1739 (dos a\u00f1os antes de Cartagena de Indias) un intento de desembarco brit\u00e1nico en La Guaira. Defender\u00e1 ese puerto nuevamente en 1743 en la que ser\u00e1 llamada Batalla de La Guaira y poco m\u00e1s de un mes despu\u00e9s en otra batalla en suelo venezolano, en Puerto Cabello. Operaciones todas ellas en las que la Royal Navy y las tropas brit\u00e1nicas que transporta, ser\u00e1n derrotadas nuevamente\u2026<\/p>\n<p class=\"Textbody\" style=\"margin-left: 9.05pt; text-align: left;\" align=\"left\">En definitiva deber\u00eda constatarse, por ese sencillo m\u00e9todo, en esta Espa\u00f1a que tanto deval\u00faa su propia Historia, que, ya desde 1739, Gran Breta\u00f1a no hac\u00eda sino encadenar una derrota naval tras otra. Y no s\u00f3lo en Cartagena de Indias en 1741.<\/p>\n<p class=\"Textbody\" style=\"margin-left: 9.05pt; text-align: left;\" align=\"left\">Alguna de ellas tuvo adem\u00e1s como escenario la bah\u00eda de la Concha, en el San Sebasti\u00e1n natal de Blas de Lezo, entre un 29 y un 30 de mayo de 1743, donde los servidores donostiarras de la Artiller\u00eda de esa plaza, con escas\u00edsimo gasto de p\u00f3lvora, volvieron a recordar qui\u00e9n estaba ganando esa guerra desde 1739. Algo sobre lo que, si quieren, podr\u00e1n leer ma\u00f1ana mismo en la secci\u00f3n \u201cHistorias de Gipuzkoa\u201d de este mismo peri\u00f3dico\u2026<\/p>\n<!-- AddThis Advanced Settings generic via filter on the_content --><!-- AddThis Share Buttons generic via filter on the_content -->","protected":false},"excerpt":{"rendered":"<p>Por Carlos Rilova Jeric\u00f3 Este lunes 29 de mayo me ha parecido una fecha ineludible para hablar de la cuesti\u00f3n a la que se va a dedicar este nuevo correo de la Historia. Es decir, como ya se ve en su t\u00edtulo, al almirante guipuzcoano Blas de Lezo y al precio tan devaluado al que [&hellip;]<!-- AddThis Advanced Settings generic via filter on get_the_excerpt --><!-- AddThis Share Buttons generic via filter on get_the_excerpt --><\/p>\n","protected":false},"author":56,"featured_media":0,"comment_status":"open","ping_status":"closed","sticky":false,"template":"","format":"standard","meta":[],"categories":[1],"tags":[333,600,4089,670,4087,1207,2385,1261,4088],"_links":{"self":[{"href":"https:\/\/blogs.diariovasco.com\/correo-historia\/wp-json\/wp\/v2\/posts\/3832"}],"collection":[{"href":"https:\/\/blogs.diariovasco.com\/correo-historia\/wp-json\/wp\/v2\/posts"}],"about":[{"href":"https:\/\/blogs.diariovasco.com\/correo-historia\/wp-json\/wp\/v2\/types\/post"}],"author":[{"embeddable":true,"href":"https:\/\/blogs.diariovasco.com\/correo-historia\/wp-json\/wp\/v2\/users\/56"}],"replies":[{"embeddable":true,"href":"https:\/\/blogs.diariovasco.com\/correo-historia\/wp-json\/wp\/v2\/comments?post=3832"}],"version-history":[{"count":4,"href":"https:\/\/blogs.diariovasco.com\/correo-historia\/wp-json\/wp\/v2\/posts\/3832\/revisions"}],"predecessor-version":[{"id":3837,"href":"https:\/\/blogs.diariovasco.com\/correo-historia\/wp-json\/wp\/v2\/posts\/3832\/revisions\/3837"}],"wp:attachment":[{"href":"https:\/\/blogs.diariovasco.com\/correo-historia\/wp-json\/wp\/v2\/media?parent=3832"}],"wp:term":[{"taxonomy":"category","embeddable":true,"href":"https:\/\/blogs.diariovasco.com\/correo-historia\/wp-json\/wp\/v2\/categories?post=3832"},{"taxonomy":"post_tag","embeddable":true,"href":"https:\/\/blogs.diariovasco.com\/correo-historia\/wp-json\/wp\/v2\/tags?post=3832"}],"curies":[{"name":"wp","href":"https:\/\/api.w.org\/{rel}","templated":true}]}}