{"id":4002,"date":"2023-10-02T11:30:04","date_gmt":"2023-10-02T09:30:04","guid":{"rendered":"https:\/\/blogs.diariovasco.com\/correo-historia\/?p=4002"},"modified":"2023-10-02T11:30:04","modified_gmt":"2023-10-02T09:30:04","slug":"de-verdad-la-historia-importa-tan-poco-las-declaraciones-de-la-aljaferia-29-09-2023","status":"publish","type":"post","link":"https:\/\/blogs.diariovasco.com\/correo-historia\/2023\/10\/02\/de-verdad-la-historia-importa-tan-poco-las-declaraciones-de-la-aljaferia-29-09-2023\/","title":{"rendered":"\u00bfDe verdad la Historia importa tan poco? Las declaraciones de la Aljafer\u00eda (29-09-2023)"},"content":{"rendered":"<p><strong>\u00a0Por Carlos Rilova Jeric\u00f3<\/strong><\/p>\n<p><img loading=\"lazy\" class=\"alignleft wp-image-4003 size-medium\" title=\"Portada de una de las primeras ediciones de &quot;Las brujas y su mundo&quot; de Julio Caro Baroja. Alianza (1969)\" src=\"https:\/\/static-blogs.diariovasco.com\/wp-content\/uploads\/sites\/34\/2023\/10\/Portada-de-una-de-las-primeras-ediciones-de-la-principal-obra-de-Julio-Caro-Baroja-sobre-Brujer\u00eda.-Alianza-1969-183x300.jpg\" alt=\"\" width=\"183\" height=\"300\" srcset=\"https:\/\/static-blogs.diariovasco.com\/wp-content\/uploads\/sites\/34\/2023\/10\/Portada-de-una-de-las-primeras-ediciones-de-la-principal-obra-de-Julio-Caro-Baroja-sobre-Brujer\u00eda.-Alianza-1969-183x300.jpg 183w, https:\/\/static-blogs.diariovasco.com\/wp-content\/uploads\/sites\/34\/2023\/10\/Portada-de-una-de-las-primeras-ediciones-de-la-principal-obra-de-Julio-Caro-Baroja-sobre-Brujer\u00eda.-Alianza-1969-383x628.jpg 383w, https:\/\/static-blogs.diariovasco.com\/wp-content\/uploads\/sites\/34\/2023\/10\/Portada-de-una-de-las-primeras-ediciones-de-la-principal-obra-de-Julio-Caro-Baroja-sobre-Brujer\u00eda.-Alianza-1969.jpg 554w\" sizes=\"(max-width: 183px) 100vw, 183px\" \/>Al igual que el personaje protagonista del poema de Edgar Allan Poe \u201cEl cuervo\u201d, meditaba este historiador sobre qu\u00e9 tema tratar en este nuevo correo de la Historia. No ante un volumen de viejos conocimientos olvidados, sino ante su ordenador y no en una noche tempestuosa sino en un espl\u00e9ndido d\u00eda del verano de San Miguel. Fue entonces cuando ese lodazal que son las redes sociales me ofreci\u00f3 mucho sobre qu\u00e9 escribir.<\/p>\n<p>La casi siempre pol\u00e9mica secretaria de Estado del Ministerio de Igualdad Angela Pam, hab\u00eda dado que hablar entrando esta vez en un tema de Historia que a todos gusta, interesa o llama la atenci\u00f3n. Me refiero, naturalmente, al de las brujas y la Brujer\u00eda. Concretamente a la llamada \u201cdemon\u00edaca\u201d y que caus\u00f3, en efecto, miles de muertes en Europa y sus colonias entre el siglo XV y comienzos del XVIII. Nada nuevo desde luego. Ni para los libros de Historia, ni para este correo de la Historia, donde el asunto se ha tratado varias veces.<\/p>\n<p>Para ponernos en antecedentes ha resultado que esa joven, \u00c1ngela Rodr\u00edguez Pam, que ejerce tan alto cargo pol\u00edtico, cometi\u00f3 una serie de errores como confundir el nombre del zaragozano Palacio de la Aljafer\u00eda y a ello a\u00f1adir que en la sala en la que se hab\u00eda celebrado el acto solemne al que hab\u00eda acudido fue el escenario de la detenci\u00f3n, enjuiciamiento y sentencia de un gran, pero indeterminado, n\u00famero mujeres a cargo de la Inquisici\u00f3n por sospechas de Brujer\u00eda y pr\u00e1cticas de aborto.<\/p>\n<p>R\u00e1pidamente esa c\u00e1mara de eco que son las redes sociales y en especial esa que ahora su megamillonario due\u00f1o ha rebautizado como \u201cX\u201d (antiguo Twitter), respondieron airadamente a\u00f1adiendo contexto al tuit de \u00c1ngela Pam, corrigiendo tanto el error en la denominaci\u00f3n del palacio como en la algo fant\u00e1stica y sobrevenida idea acerca de lo que hab\u00eda hecho realmente la Inquisici\u00f3n con las acusadas de Brujer\u00eda.<\/p>\n<p>El resultado de esa nueva tormenta en un vaso de agua ha sido, para el historiador, descubrir el estado deprimente, deplorable, lamentable\u2026 en el que se encuentra tanto el nivel de instrucci\u00f3n de personas que cobran sueldos de miles y miles de euros al a\u00f1o por presuntamente gestionar la cosa p\u00fablica y, asimismo, el de muchos de sus administrados.<\/p>\n<p>El panorama es, sencillamente, preocupante. Y revela que hay quien est\u00e1 jugando al aprendiz de brujo. Y no s\u00f3lo desde esa desorientada Izquierda identitaria (que tan bien representa la secretaria de Estado) sino desde la banda pol\u00edtica contraria y, probablemente, desde las salas donde los estrategas del mundo llamado \u201coccidental\u201d ensayan eso precisamente: sus teor\u00edas de juegos.<\/p>\n<p>En efecto la respuesta a la secretaria de Estado desde la Derecha fue m\u00e1s bien una vocinglera y chocarrera refutaci\u00f3n de la Leyenda Negra espa\u00f1ola\u00a0 (ahora sustituida por una Leyenda Rosa que, creo, tiene como objetivo ridiculizar a\u00fan m\u00e1s a Espa\u00f1a y a los espa\u00f1oles). As\u00ed se alud\u00eda desde m\u00e1s o menos esa Derecha a Gustav Henningsen pero tan s\u00f3lo porque la fil\u00f3loga Roca Barea lo menciona en sus escritos de baratillo hist\u00f3rico.<\/p>\n<p>Es m\u00e1s: dentro de ese \u00e1mbito la respuesta a las enormidades de \u00c1ngela Pam no iba m\u00e1s lejos. Al menos en el volumen de respuesta. Para el s\u00e1bado s\u00f3lo hab\u00eda un art\u00edculo en \u201cThe Objective\u201d y poco m\u00e1s m\u00e1s all\u00e1 de lo dicho en las redes sociales. El art\u00edculo en cuesti\u00f3n estaba escrito por\u2026 un arquitecto. Profesi\u00f3n a la que, como a la de m\u00e9dico, no se le exige lo mismo que se nos exige a historiadores y dem\u00e1s comunes mortales. Es decir: no ejercer una profesi\u00f3n sin el correspondiente t\u00edtulo so pena de ser denunciado por delito contra la salud p\u00fablica, estafa y no sabr\u00eda decir cu\u00e1ntas cosas m\u00e1s puesto que no soy abogado, ni he estudiado Derecho, y no voy a sentar c\u00e1tedra sobre el tema. Como tampoco me voy a poner a ejercer la Medicina por saber, con exactitud, cu\u00e1nto tardaba un cirujano napole\u00f3nico en amputar una pierna o cu\u00e1ntos muertos hab\u00eda en los hospitales de campa\u00f1a de la \u00e9poca por falta de asepsia, imitando, al rev\u00e9s, a esos otros historiadores amateurs que sobrenadan en ese peligroso vac\u00edo legal con respecto a la Historia, que s\u00f3lo puede darse en pa\u00edses culturalmente atrasados. Por ejemplo en los que se cobran miles de euros al a\u00f1o sin tener ni idea de estos temas pero opinando, a bombo y platillo y en voz muy alta, sobre ellos sin temor ni al rid\u00edculo ni a la dimisi\u00f3n.<\/p>\n<p>Esa clase de pa\u00eds en el que o no se tiene ni idea de estos temas m\u00ednimamente exigibles a quien dice querer gobernar ese pa\u00eds o, para terminar de arreglarlo, quienes quieren salvar a dicho pa\u00eds del problema demuestran no estar mucho m\u00e1s lejos de esos funcionarios p\u00fablicos sin miedo ni al rid\u00edculo ni a la dimisi\u00f3n. Reducido todo su conocimiento sobre un tema hist\u00f3rico tan complejo como el de la Gran Caza de Brujas europea, a informaci\u00f3n de tercera mano sustra\u00edda a un especialista en el tema como Gustav Henningsen. Y eso sin tener ni idea de qui\u00e9n es \u00c1ngel Gari Lacruz -antrop\u00f3logo aragon\u00e9s para m\u00e1s se\u00f1as, como la Aljafer\u00eda- que lleva a\u00f1os investigando y publicando sobre el tema. O ignorar, tambi\u00e9n, y de manera supina, la cantidad de trabajos que Julio Caro Baroja public\u00f3 desde ese mismo campo profesional y que hoy son respetados a escala internacional por todos los especialistas en ese per\u00edodo hist\u00f3rico.<\/p>\n<p>De los historiadores que hemos trabajado sobre la cuesti\u00f3n por debajo de ese nivel, por supuesto, ya no hablamos pues, a esos efectos, ni siquiera existimos al parecer&#8230;<\/p>\n<p>\u00bfImporta mucho todo esto? En un ambiente tan rancio, tan pobre intelectualmente como el que reflejan tanto las declaraciones de la secretaria de Estado como las r\u00e9plicas que se le han dado, probablemente no.<\/p>\n<p>Lo cual no significa que ese desprecio, ese amateurismo en el campo de la Historia en la Espa\u00f1a actual, no sea un verdadero peligro para quienes conocemos (precisamente por ser historiadores titulados, como cualquier arquitecto o m\u00e9dico) el alcance de una situaci\u00f3n as\u00ed. Es una peque\u00f1a aver\u00eda en la nave del Estado, pero peque\u00f1as aver\u00edas en superpetroleros ya sabemos a qu\u00e9 conducen: a su embarrancamiento y al desastre.<\/p>\n<p>En este caso el que causar\u00eda esa peque\u00f1a aver\u00eda en el motor de la nave del estado espa\u00f1ol, ser\u00eda el fomento y acrecentamiento (como un rizoma maligno) de un cuadro tan lamentable como este que han revelado las imaginaciones de la secretaria de Estado sobre la Inquisici\u00f3n y la defensa que se ha hecho de dicha instituci\u00f3n (sin saber nada de los trabajos de Gari Lacruz, Caro Baroja\u2026, de los juicios por blasfemia, de la persecuci\u00f3n de satanistas m\u00e1s all\u00e1 de la doctrina de Salazar en 1611\u2026). De esto s\u00f3lo puede salir la quiebra de la cohesi\u00f3n social a medio plazo, la balcanizaci\u00f3n de un pa\u00eds al que nadie le importa nada porque, al parecer, es un desastre hist\u00f3rico que van a arreglar quienes, seg\u00fan parece, para empezar desconocen su Historia -y as\u00ed est\u00e1n dispuestos a recortar su mapa por donde haga falta- y a ellos s\u00f3lo se enfrentan, tambi\u00e9n al parecer, nost\u00e1lgicos del Franquismo y la Enciclopedia \u00c1lvarez\u2026.<\/p>\n<p>Si alguien, en alguna sala de geoestrategas, est\u00e1 pensando que el fomento y sostenimiento de una situaci\u00f3n as\u00ed en Espa\u00f1a es controlable y se puede sacar finalmente provecho de ella, habr\u00e1 que decirle que su nivel intelectual no est\u00e1 muy lejos de los amateurs de la Historia espa\u00f1oles y recomendarle encarecidamente que lea las memorias de Carlton J. H. Hayes, el embajador de Roosevelt en la Espa\u00f1a de 1940\u2026<\/p>\n<p>Por parte de ese historiador ser\u00eda un verdadero sue\u00f1o hecho realidad el que dichas fuerzas (que parecen fomentar todo ese absurdo) reaccionasen positivamente ante advertencias as\u00ed y por tanto que, como al cuervo de Poe, le facilitasen el no tener que hablar de esto nunca m\u00e1s. nunca m\u00e1s, nunca m\u00e1s. Principalmente porque no hubiera motivo para hacerlo. Que ser\u00eda la \u00fanica soluci\u00f3n inteligente y \u00fatil al grave problema que las declaraciones de la Aljafer\u00eda han puesto de manifiesto. Otra vez\u2026<\/p>\n<!-- AddThis Advanced Settings generic via filter on the_content --><!-- AddThis Share Buttons generic via filter on the_content -->","protected":false},"excerpt":{"rendered":"<p>\u00a0Por Carlos Rilova Jeric\u00f3 Al igual que el personaje protagonista del poema de Edgar Allan Poe \u201cEl cuervo\u201d, meditaba este historiador sobre qu\u00e9 tema tratar en este nuevo correo de la Historia. No ante un volumen de viejos conocimientos olvidados, sino ante su ordenador y no en una noche tempestuosa sino en un espl\u00e9ndido d\u00eda [&hellip;]<!-- AddThis Advanced Settings generic via filter on get_the_excerpt --><!-- AddThis Share Buttons generic via filter on get_the_excerpt --><\/p>\n","protected":false},"author":56,"featured_media":0,"comment_status":"open","ping_status":"closed","sticky":false,"template":"","format":"standard","meta":[],"categories":[1],"tags":[4169,4170,615,666,1219,1261,4168,1468,2867,4167],"_links":{"self":[{"href":"https:\/\/blogs.diariovasco.com\/correo-historia\/wp-json\/wp\/v2\/posts\/4002"}],"collection":[{"href":"https:\/\/blogs.diariovasco.com\/correo-historia\/wp-json\/wp\/v2\/posts"}],"about":[{"href":"https:\/\/blogs.diariovasco.com\/correo-historia\/wp-json\/wp\/v2\/types\/post"}],"author":[{"embeddable":true,"href":"https:\/\/blogs.diariovasco.com\/correo-historia\/wp-json\/wp\/v2\/users\/56"}],"replies":[{"embeddable":true,"href":"https:\/\/blogs.diariovasco.com\/correo-historia\/wp-json\/wp\/v2\/comments?post=4002"}],"version-history":[{"count":2,"href":"https:\/\/blogs.diariovasco.com\/correo-historia\/wp-json\/wp\/v2\/posts\/4002\/revisions"}],"predecessor-version":[{"id":4005,"href":"https:\/\/blogs.diariovasco.com\/correo-historia\/wp-json\/wp\/v2\/posts\/4002\/revisions\/4005"}],"wp:attachment":[{"href":"https:\/\/blogs.diariovasco.com\/correo-historia\/wp-json\/wp\/v2\/media?parent=4002"}],"wp:term":[{"taxonomy":"category","embeddable":true,"href":"https:\/\/blogs.diariovasco.com\/correo-historia\/wp-json\/wp\/v2\/categories?post=4002"},{"taxonomy":"post_tag","embeddable":true,"href":"https:\/\/blogs.diariovasco.com\/correo-historia\/wp-json\/wp\/v2\/tags?post=4002"}],"curies":[{"name":"wp","href":"https:\/\/api.w.org\/{rel}","templated":true}]}}