{"id":4057,"date":"2023-11-27T11:30:57","date_gmt":"2023-11-27T10:30:57","guid":{"rendered":"https:\/\/blogs.diariovasco.com\/correo-historia\/?p=4057"},"modified":"2023-11-27T11:09:19","modified_gmt":"2023-11-27T10:09:19","slug":"historia-de-una-palabra-medieval-estafermo","status":"publish","type":"post","link":"https:\/\/blogs.diariovasco.com\/correo-historia\/2023\/11\/27\/historia-de-una-palabra-medieval-estafermo\/","title":{"rendered":"Historia de una palabra medieval: estafermo"},"content":{"rendered":"<p class=\"western\"><b>Por Carlos Rilova Jeric\u00f3<\/b><\/p>\n<p class=\"western\"><img loading=\"lazy\" class=\"alignleft wp-image-4058\" title=\"Estafermo con forma de sarraceno. Madera policromada (siglos XVII-XVIII). Anticuario Cabral Moncada (Lisboa)\" src=\"https:\/\/static-blogs.diariovasco.com\/wp-content\/uploads\/sites\/34\/2023\/11\/Estafermo-con-forma-de-sarraceno-siglos-XVII-XVIII.-Anticuario-Cabral-Moncada-Lisboa-200x300.jpg\" alt=\"\" width=\"243\" height=\"365\" srcset=\"https:\/\/static-blogs.diariovasco.com\/wp-content\/uploads\/sites\/34\/2023\/11\/Estafermo-con-forma-de-sarraceno-siglos-XVII-XVIII.-Anticuario-Cabral-Moncada-Lisboa-200x300.jpg 200w, https:\/\/static-blogs.diariovasco.com\/wp-content\/uploads\/sites\/34\/2023\/11\/Estafermo-con-forma-de-sarraceno-siglos-XVII-XVIII.-Anticuario-Cabral-Moncada-Lisboa-418x628.jpg 418w, https:\/\/static-blogs.diariovasco.com\/wp-content\/uploads\/sites\/34\/2023\/11\/Estafermo-con-forma-de-sarraceno-siglos-XVII-XVIII.-Anticuario-Cabral-Moncada-Lisboa.jpg 533w\" sizes=\"(max-width: 243px) 100vw, 243px\" \/>Ha habido correos de la Historia en los que, hace a\u00f1os, escrib\u00eda sobre la Historia de algunas palabras, o expresiones, con mucha Historia detr\u00e1s de ellas. Por ejemplo \u201ca palo seco\u201d&#8230;<\/p>\n<p class=\"western\">Vuelvo hoy sobre ello huyendo de temas vitri\u00f3licos como los torpes manejos de la OMS, que lleva -ya casi noventa a\u00f1os- demostrando que parece ser incapaz de controlar eficazmente focos seculares de enfermedades infecciosas, o el aniversario del tambi\u00e9n bastante in\u00fatil acuerdo de partici\u00f3n de Palestina en 1947&#8230;<\/p>\n<p class=\"western\">Olvidando tan tristes temas hist\u00f3ricos, vayamos, pues, a la cuesti\u00f3n: \u00bfqu\u00e9 es o, mejor dicho, qu\u00e9 era un \u201cestafermo\u201d y qu\u00e9 parte de la Historia est\u00e1 detr\u00e1s de esa palabra fundamentalmente asociada a la Edad Media?<\/p>\n<p class=\"western\">Seg\u00fan el Diccionario de la Real Academia Espa\u00f1ola su significado secundario es el que seguro ya habr\u00e1n o\u00eddo alguna vez.<\/p>\n<p class=\"western\">Es decir: una persona que est\u00e1 pasmada y convertida as\u00ed en un obst\u00e1culo en la calle o en una estancia.<\/p>\n<p class=\"western\">El primer significado que da ese diccionario, en cambio, es el m\u00e1s curioso (y el m\u00e1s interesante) desde el punto de vista de la Historia, que, como siempre, es de lo que aqu\u00ed se trata.<\/p>\n<p class=\"western\">El estafermo original, nos dice el DRAE, era algo que se utilizaba en la Edad Media para entrenar a los futuros caballeros. La etimolog\u00eda deriva del italiano medieval. Traducido de ah\u00ed \u201cst\u00e0 fermo\u201d tan s\u00f3lo resaltaba lo obvio: era algo que estaba quieto, firme&#8230;<\/p>\n<p class=\"western\">Y es que el estafermo era un mu\u00f1eco o maniqu\u00ed, casi como un espantap\u00e1jaros, que simulaba tener dos brazos formados -en realidad- por un travesa\u00f1o r\u00edgido en uno de cuyos extremos portaba un escudo y en el otro alg\u00fan instrumento ofensivo, similar a los temibles \u201crompecabezas\u201d. Esas bolas de acero -lisas o erizadas de puntas- que, ligadas con una cadena a un mango, serv\u00edan para hender las armaduras de la Caballer\u00eda feudal con resultados notoriamente devastadores para el caballero o jinete m\u00e1s o menos acorazado que recib\u00eda el impacto.<\/p>\n<p class=\"western\">Naturalmente, como m\u00e1quina de entrenamiento que era el verdadero estafermo, \u00e9ste no causaba realmente da\u00f1os graves con lo que sujetaba en la parte del travesa\u00f1o donde no llevaba el escudo.<\/p>\n<p class=\"western\">Como nos dice el mismo diccionario de la Real Academia, el estafermo llevaba s\u00f3lo peque\u00f1os sacos de arena que pod\u00edan dar un buen golpe, pero sin consecuencias realmente graves. O letales. Aunque con el tiempo, cuando ya s\u00f3lo se usaban para justas y torneos m\u00e1s festivos que b\u00e9licos, en el siglo XVII, algunos se volvieron m\u00e1s sofisticados y, adem\u00e1s, con figuras muy elaboradas. Como, por ejemplo, el sarraceno subastado por el anticuario portugu\u00e9s Cabral Moncada en marzo de 2023 por una considerable suma, que es la imagen que ilustra este nuevo correo de la Historia.<\/p>\n<p class=\"western\">Lo m\u00e1s llamativo (y educativo), desde el punto de vista de la Historia, con esta palabra -estafermo- es el modo en el que ha evolucionado su significado a lo largo de la Historia, pasando de ser esa m\u00e1quina de adiestramiento militar a identificarse con una persona est\u00f3lida, molesta. Como una roca o un \u00e1rbol ca\u00eddo en medio del camino o un mueble abandonado en una acera.<\/p>\n<p class=\"western\">El estafermo original, por el contrario, era una m\u00e1quina que preparaba a la Caballer\u00eda pesada medieval para combatir con destreza, para saber golpear en la defensa del enemigo, derrib\u00e1ndolo de su montura a ser posible, y evitar a la vez el contragolpe tambi\u00e9n posible que ese enemigo dar\u00eda como respuesta.<\/p>\n<p class=\"western\">Se trataba de una t\u00e9cnica de combate realmente sofisticada. En el Cine puede parecer sumamente f\u00e1cil sostener las riendas de un \u201cdestrier\u201d (el nombre \u201coficial\u201d de los caballos de batalla en la Edad Media) mientras se empu\u00f1a una pesada espada o una lanza y se trata de mantener el equilibrio vistiendo malla de acero y armadura del mismo material de un peso, naturalmente, muy considerable. En la vida real no era f\u00e1cil en absoluto.<\/p>\n<p class=\"western\">En efecto, en la pr\u00e1ctica, tener alguna oportunidad de sobrevivir en semejantes condiciones, exig\u00eda un duro entrenamiento a los caballeros y soldados de Caballer\u00eda. A ese respecto el humilde estafermo era, evidentemente, una ayuda m\u00e1s que notable que debi\u00f3 salvar la vida a m\u00e1s de un jinete de la \u00e9poca en la que esa Caballer\u00eda pesada era una de las principales armas de guerra.<\/p>\n<p class=\"western\">Y sin embargo, como vemos, el paso del tiempo, el paso de la Historia, maltrat\u00f3 bastante a la palabra y al objeto que estaba detr\u00e1s de esas letras, \u201cestafermo\u201d, convirti\u00e9ndolo en un artefacto pesado, molesto, en sin\u00f3nimo de cosa o persona que estorba.<\/p>\n<p class=\"western\">Toda una lecci\u00f3n de Historia, de c\u00f3mo \u00e9sta evoluciona, de c\u00f3mo cada \u00e9poca, a medida que cambian sus circunstancias, va variando su opini\u00f3n sobre objetos, m\u00e1quinas, instrumentos&#8230;<\/p>\n<p class=\"western\">Unos que, como en el caso del estafermo, pueden pasar de ser muy \u00fatiles y necesarios, cuesti\u00f3n de vida o muerte, a convertirse en un estorbo que no se sabe ya muy bien d\u00f3nde puede ponerse en otras \u00e9pocas en las que la supervivencia en la Guerra ya no depende de la habilidad para mantenerse a caballo vestido con una pesada armadura y blandiendo armas igualmente pesadas, sino de la capacidad de moverse con rapidez, desplegando y replegando l\u00edneas de Caballer\u00eda armadas mucho m\u00e1s ligeramente. O una Infanter\u00eda igualmente \u00e1gil, capaz de contener a esa Caballer\u00eda pesada entrenada con los estafermos, desmontarla y finalmente aniquilarla sobre el polvo&#8230;<\/p>\n<p class=\"western\">Algo que, tambi\u00e9n, nos ha dejado otras palabras con Historia que nos evocan esa \u00e9poca de caballeros recubiertos de acero y de se\u00f1ales her\u00e1ldicas. Caso de la expresi\u00f3n \u201cmorder el polvo\u201d de la que, quiz\u00e1s, hablemos alg\u00fan otro d\u00eda en alg\u00fan otro correo de la Historia dedicado a las palabras con Historia&#8230;<\/p>\n<!-- AddThis Advanced Settings generic via filter on the_content --><!-- AddThis Share Buttons generic via filter on the_content -->","protected":false},"excerpt":{"rendered":"<p>Por Carlos Rilova Jeric\u00f3 Ha habido correos de la Historia en los que, hace a\u00f1os, escrib\u00eda sobre la Historia de algunas palabras, o expresiones, con mucha Historia detr\u00e1s de ellas. Por ejemplo \u201ca palo seco\u201d&#8230; Vuelvo hoy sobre ello huyendo de temas vitri\u00f3licos como los torpes manejos de la OMS, que lleva -ya casi noventa [&hellip;]<!-- AddThis Advanced Settings generic via filter on get_the_excerpt --><!-- AddThis Share Buttons generic via filter on get_the_excerpt --><\/p>\n","protected":false},"author":56,"featured_media":0,"comment_status":"open","ping_status":"closed","sticky":false,"template":"","format":"standard","meta":[],"categories":[1],"tags":[921,4207,4204,4205,1261,4208,4206],"_links":{"self":[{"href":"https:\/\/blogs.diariovasco.com\/correo-historia\/wp-json\/wp\/v2\/posts\/4057"}],"collection":[{"href":"https:\/\/blogs.diariovasco.com\/correo-historia\/wp-json\/wp\/v2\/posts"}],"about":[{"href":"https:\/\/blogs.diariovasco.com\/correo-historia\/wp-json\/wp\/v2\/types\/post"}],"author":[{"embeddable":true,"href":"https:\/\/blogs.diariovasco.com\/correo-historia\/wp-json\/wp\/v2\/users\/56"}],"replies":[{"embeddable":true,"href":"https:\/\/blogs.diariovasco.com\/correo-historia\/wp-json\/wp\/v2\/comments?post=4057"}],"version-history":[{"count":4,"href":"https:\/\/blogs.diariovasco.com\/correo-historia\/wp-json\/wp\/v2\/posts\/4057\/revisions"}],"predecessor-version":[{"id":4062,"href":"https:\/\/blogs.diariovasco.com\/correo-historia\/wp-json\/wp\/v2\/posts\/4057\/revisions\/4062"}],"wp:attachment":[{"href":"https:\/\/blogs.diariovasco.com\/correo-historia\/wp-json\/wp\/v2\/media?parent=4057"}],"wp:term":[{"taxonomy":"category","embeddable":true,"href":"https:\/\/blogs.diariovasco.com\/correo-historia\/wp-json\/wp\/v2\/categories?post=4057"},{"taxonomy":"post_tag","embeddable":true,"href":"https:\/\/blogs.diariovasco.com\/correo-historia\/wp-json\/wp\/v2\/tags?post=4057"}],"curies":[{"name":"wp","href":"https:\/\/api.w.org\/{rel}","templated":true}]}}