{"id":4598,"date":"2024-11-04T11:30:44","date_gmt":"2024-11-04T10:30:44","guid":{"rendered":"https:\/\/blogs.diariovasco.com\/correo-historia\/?p=4598"},"modified":"2024-11-04T10:21:12","modified_gmt":"2024-11-04T09:21:12","slug":"recuerden-recuerden-recuerden-el-4-de-noviembre-saqueo-y-leyenda-negra-en-amberes","status":"publish","type":"post","link":"https:\/\/blogs.diariovasco.com\/correo-historia\/2024\/11\/04\/recuerden-recuerden-recuerden-el-4-de-noviembre-saqueo-y-leyenda-negra-en-amberes\/","title":{"rendered":"Recuerden, recuerden, recuerden, el 4 de noviembre, saqueo y leyenda negra en Amberes"},"content":{"rendered":"<p class=\"western\"><b>Por Carlos Rilova Jeric\u00f3<\/b><\/p>\n<p class=\"western\"><img loading=\"lazy\" class=\"alignleft wp-image-4599 \" title=\"Detalle del cuadro &quot;La Furia Espa\u00f1ola&quot;, sobre el saqueo de Amberes desde la perspectiva de la propaganda rebelde. Museo aan de Stroom. An\u00f3nimo (c. 1585)\" src=\"https:\/\/static-blogs.diariovasco.com\/wp-content\/uploads\/sites\/34\/2024\/11\/Detalle-del-cuadro-La-Furia-Espa\u00f1ola-del-Museo-aan-de-Stroom.-An\u00f3nimo-c.-1585.jpg\" alt=\"\" width=\"298\" height=\"270\" \/>Buscando un nuevo tema para este nuevo correo de la Historia me di, m\u00e1s o menos de bruces, otra vez, con lo que parece ser el gran, \u00fanico, tema de la Historia de Espa\u00f1a. Es decir: aparte del almirante Blas de Lezo, la Leyenda Negra.<\/p>\n<p class=\"western\">En esta ocasi\u00f3n el asunto estaba relacionado con la efem\u00e9ride de hoy, 4 de noviembre, porque tal d\u00eda como este, pero del a\u00f1o 1576, fue cuando los tercios del rey de Espa\u00f1a, amotinados cerca de la ciudad belga de Amberes, desencadenaron un saqueo en esa localidad que tuvo un largo eco y repercusi\u00f3n esperable dadas las consecuencias del mismo.<\/p>\n<p class=\"western\">Me ha sorprendido que, salvo excepciones ya algo a\u00f1osas, la vida de Espa\u00f1a, y parte del extranjero, no haya girado en los d\u00edas previos a este 4 de noviembre, alrededor de ese acontecimiento, tan estrechamente relacionado con la Leyenda Negra, como s\u00ed ha girado, de nuevo, el 12 de octubre en el que ambos bandos contendientes -los negrolegendarios y los leyendarrosistas- se han lanzado a la palestra para demostrar cu\u00e1nto saben de Historia (que generalmente es exactamente casi nada) y c\u00f3mo hay, en el caso de los primeros, que destrozar Espa\u00f1a a martillazos como esa odiosa potencia fascista que, para ellos, siempre ha sido desde, por lo menos, los tiempos del asedio a Numancia. O, desde la otra banda, amarla como ese pa\u00eds maravilloso en el que nuestros ancestros se dedicaban a fundar universidades, civilizar indios paganos y, con paternal cuidado, mandarlos a estudiar, bien vestidos y lavados, a alguna de las cien mil (m\u00e1s o menos) universidades fundadas por Espa\u00f1a en Am\u00e9rica, mientras los despiadados anglosajones exterminaban a mansalva en sus colonias del Norte indios, b\u00fafalos y, seguramente, hasta a los perritos de las praderas de Ohio\u2026<\/p>\n<p class=\"western\">\u00c1cidas iron\u00edas aparte sobre el lamentable estado cultural de Espa\u00f1a con respecto a su propia Historia, lo cierto es que asombra, s\u00ed, que hechos como el del saqueo o saco de Amberes no hayan salido a dar aliento a esos pseudohistoriadores que padece hoy Espa\u00f1a. Tanto a los que se dedican a sentenciar su Historia como una ristra purulenta de desastres inconmensurables -desde siempre y sin remedio posible- como a los que -para rematar el problema- tan s\u00f3lo hablan de una Am\u00e9rica id\u00edlica bastante imaginaria y tambi\u00e9n bastante infantiloide. Porque ciertamente el asunto del saqueo de Amberes del 4 de noviembre de 1576 es parte fundamental de esa Leyenda Negra tan controvertida.<\/p>\n<p class=\"western\">Pero, vayamos a los hechos constatados y admitidos, que, en general, son que, en 1575, la Espa\u00f1a de Felipe II ten\u00eda que declarar la bancarrota de su deuda p\u00fablica.<\/p>\n<p class=\"western\">Estas noticias, aunque viajaban m\u00e1s lentamente que hoy d\u00eda, finalmente alcanzaron lo que hoy es B\u00e9lgica. Es decir, las provincias de los Pa\u00edses Bajos de mayor\u00eda cat\u00f3lica y lengua tambi\u00e9n mayoritariamente latina -francesa en este caso- que permanec\u00edan fieles a la casa de Habsburgo representada por Felipe II. Al recibir dicha noticia, las tropas leales a esos Habsburgo, o Austrias, que llevaban a\u00f1os sin cobrar sus pagas atrasadas, decidir\u00e1n recurrir a un mot\u00edn para resarcirse. Pr\u00e1ctica tan habitual como nefasta. Tal y como reconoc\u00eda uno de los altos oficiales a su mando. El catal\u00e1n Luis de Requesens, que ve\u00eda esas revueltas militares como un castigo de Dios por tirar por tierra cualquier plan militar siquiera medianamente concebido.<\/p>\n<p class=\"western\">Eso es justo lo que ocurri\u00f3 en Amberes. Las tropas estacionadas all\u00ed bajo mando de Sancho D\u00e1vila, quedaron cercadas en la ciudadela de esa ciudad debido a que los rebeldes de las provincias del Norte encontraron campo abonado por los desmanes de los tercios al servicio del rey de Espa\u00f1a.<\/p>\n<p class=\"western\">As\u00ed, en ese oto\u00f1o de 1576, se pudo azuzar a la poblaci\u00f3n de Amberes contra Felipe II y sus tropas y ponerla sobre las armas que, por supuesto, se repartieron generosamente.<\/p>\n<p class=\"western\">As\u00ed, el 4 de noviembre de 1576 la situaci\u00f3n no pod\u00eda ser peor para los intereses de ese rey en aquellos Pa\u00edses Bajos. No s\u00f3lo no se hab\u00eda sofocado la rebeli\u00f3n de las provincias del Norte, sino que las leales hab\u00edan sido exasperadas por la reacci\u00f3n de los soldados a su servicio que, airados por las miserias que sufr\u00edan, se cobraban los atrasos en las pagas avasallando a esas poblaciones en principio pac\u00edficas y amigas.<\/p>\n<p class=\"western\">As\u00ed Amberes se hab\u00eda levantado en armas y rodeado en su ciudadela a los pocos soldados a\u00fan no amotinados que le quedaban a Espa\u00f1a en tan estrat\u00e9gica plaza.<\/p>\n<p class=\"western\">Por suerte para Felipe II y, en general los intereses de la poderosa casa Austria, los amotinados se\u00f1ores soldados -pues as\u00ed se dirig\u00edan a ellos, dicen, sus oficiales- recordaron su honor de hombres de armas -algo fundamental en aquella \u00e9poca y en ese oficio- y viendo a sus compa\u00f1eros rodeados en la ciudadela de Amberes, acudieron en su ayuda sin esperar a las pagas\u2026<\/p>\n<p class=\"western\">Claro que, a fin de no refutar una leyenda negra con una boba leyenda rosa sobre la Historia de Espa\u00f1a, como las que infestan hoy Internet, es preciso tener en cuenta que tan -en apariencia- noble y pr\u00edstino gesto, ten\u00eda su lado pr\u00e1ctico. Amberes era una ciudad opulenta y aquellos se\u00f1ores soldados bien pod\u00edan imaginar que, en medio del combate contra civiles rebeldes que, adem\u00e1s, apoyaban a notorios traidores al rey que les hab\u00eda contratado, el saqueo estaba garantizado y ser\u00eda fruct\u00edfero.<\/p>\n<p class=\"western\">Y as\u00ed fue. Sumados los amotinados a los acorralados en la ciudadela, eran una fuerza formidable de varios miles de soldados veteranos. Los civiles armados y el a\u00fan inexperto Ej\u00e9rcito de los rebeldes holandeses no ten\u00edan muchas posibilidades de resistirse a lo que se llam\u00f3 la \u201cFuria espa\u00f1ola\u201d, pese a que en aquellos tercios s\u00f3lo un peque\u00f1o porcentaje eran espa\u00f1oles, predominando en cambio los\u00a0 italianos, alemanes&#8230;<\/p>\n<p class=\"western\">As\u00ed las cosas autores de la m\u00e1s dispar ideolog\u00eda y formaci\u00f3n coinciden en se\u00f1alar que Amberes sufri\u00f3 a manos de aquellos se\u00f1ores soldados una verdadera masacre. Si bien aqu\u00ed es preciso otro matiz. Esta vez contra las leyendas negras: la m\u00e1quina de propaganda de los rebeldes holandeses magnific\u00f3 enormemente lo ocurrido con el fin de dorar su causa y envilecer los justos derechos que el rey espa\u00f1ol pudiera tener a esas tierras de los Pa\u00edses Bajos.<\/p>\n<p class=\"western\">Los hechos posteriores parecen dar la raz\u00f3n (sin necesidad de leyendas rosas) a esa afirmaci\u00f3n discutible como todo en Historia. Amberes tuvo que ser retomada por las fuerzas de la corona espa\u00f1ola a\u00f1os despu\u00e9s tras un asedio notable que dura de julio de 1584 a agosto de 1585, pero tras la toma de la ciudad -y la prohibici\u00f3n f\u00e9rrea de saquear dada por el comandante en jefe del asalto, Alejandro Farnesio- esa ciudad se mostr\u00f3 como una de las m\u00e1s fieles plazas a la corona espa\u00f1ola en una guerra, contra los rebeldes holandeses y sus aliados, que iba a durar hasta 1648, marcando la divisoria religiosa, pol\u00edtica, territorial&#8230; justo all\u00ed. Echando las bases para crear, siglos despu\u00e9s, dos pa\u00edses tan distintos como hoy lo son B\u00e9lgica y Holanda\u2026<\/p>\n<p class=\"western\">Hasta ah\u00ed, pues, llegaba en 4 de noviembre de 1576 la Leyenda Negra espa\u00f1ola y, hoy, hasta ah\u00ed y no m\u00e1s deber\u00eda llegar la nociva Leyenda Rosa. Incapaz de asimilar que las cosas en las guerras de religi\u00f3n del siglo XVI (o en la conquista de Am\u00e9rica) jam\u00e1s deber\u00edan verse con una mirada pueril, indocumentada, que lo \u00fanico que hace, en realidad, es denigrar a\u00fan m\u00e1s a esa Espa\u00f1a que tanto se dice amar y dar as\u00ed la raz\u00f3n -sobrevenida y siglos despu\u00e9s- a los que fabricaron la ya tan manida Leyenda Negra antiespa\u00f1ola.<\/p>\n<!-- AddThis Advanced Settings generic via filter on the_content --><!-- AddThis Share Buttons generic via filter on the_content -->","protected":false},"excerpt":{"rendered":"<p>Por Carlos Rilova Jeric\u00f3 Buscando un nuevo tema para este nuevo correo de la Historia me di, m\u00e1s o menos de bruces, otra vez, con lo que parece ser el gran, \u00fanico, tema de la Historia de Espa\u00f1a. Es decir: aparte del almirante Blas de Lezo, la Leyenda Negra. En esta ocasi\u00f3n el asunto estaba [&hellip;]<!-- AddThis Advanced Settings generic via filter on get_the_excerpt --><!-- AddThis Share Buttons generic via filter on get_the_excerpt --><\/p>\n","protected":false},"author":56,"featured_media":0,"comment_status":"open","ping_status":"closed","sticky":false,"template":"","format":"standard","meta":[],"categories":[1],"tags":[4427,1013,1058,3950,1261,1273,1522,4293,4426,4428],"_links":{"self":[{"href":"https:\/\/blogs.diariovasco.com\/correo-historia\/wp-json\/wp\/v2\/posts\/4598"}],"collection":[{"href":"https:\/\/blogs.diariovasco.com\/correo-historia\/wp-json\/wp\/v2\/posts"}],"about":[{"href":"https:\/\/blogs.diariovasco.com\/correo-historia\/wp-json\/wp\/v2\/types\/post"}],"author":[{"embeddable":true,"href":"https:\/\/blogs.diariovasco.com\/correo-historia\/wp-json\/wp\/v2\/users\/56"}],"replies":[{"embeddable":true,"href":"https:\/\/blogs.diariovasco.com\/correo-historia\/wp-json\/wp\/v2\/comments?post=4598"}],"version-history":[{"count":2,"href":"https:\/\/blogs.diariovasco.com\/correo-historia\/wp-json\/wp\/v2\/posts\/4598\/revisions"}],"predecessor-version":[{"id":4601,"href":"https:\/\/blogs.diariovasco.com\/correo-historia\/wp-json\/wp\/v2\/posts\/4598\/revisions\/4601"}],"wp:attachment":[{"href":"https:\/\/blogs.diariovasco.com\/correo-historia\/wp-json\/wp\/v2\/media?parent=4598"}],"wp:term":[{"taxonomy":"category","embeddable":true,"href":"https:\/\/blogs.diariovasco.com\/correo-historia\/wp-json\/wp\/v2\/categories?post=4598"},{"taxonomy":"post_tag","embeddable":true,"href":"https:\/\/blogs.diariovasco.com\/correo-historia\/wp-json\/wp\/v2\/tags?post=4598"}],"curies":[{"name":"wp","href":"https:\/\/api.w.org\/{rel}","templated":true}]}}