{"id":5377,"date":"2026-04-27T11:30:06","date_gmt":"2026-04-27T09:30:06","guid":{"rendered":"https:\/\/blogs.diariovasco.com\/correo-historia\/?p=5377"},"modified":"2026-04-27T11:19:26","modified_gmt":"2026-04-27T09:19:26","slug":"el-centenario-olvidado-9-de-abril-de-2026","status":"publish","type":"post","link":"https:\/\/blogs.diariovasco.com\/correo-historia\/2026\/04\/27\/el-centenario-olvidado-9-de-abril-de-2026\/","title":{"rendered":"El centenario olvidado: 9 de abril de 2026"},"content":{"rendered":"<p class=\"western\"><b>Por Carlos Rilova Jeric\u00f3<\/b><\/p>\n<p class=\"western\"><span style=\"font-family: 'Times New Roman', serif; font-size: 14pt;\"><img loading=\"lazy\" class=\"alignleft wp-image-5378 size-medium\" title=\"Francis Bacon retratado como vizconde de Saint Albans a partir de un cuadro de hacia el a\u00f1o 1618. National Portrait Gallery\" src=\"https:\/\/static-blogs.diariovasco.com\/wp-content\/uploads\/sites\/34\/2026\/04\/Francis-Bacon-retratado-como-vizconde-de-Saint-Albans-basado-en-una-pintura-de-hacia-1618.-National-Portrait-Gallery-240x300.jpg\" alt=\"\" width=\"240\" height=\"300\" srcset=\"https:\/\/static-blogs.diariovasco.com\/wp-content\/uploads\/sites\/34\/2026\/04\/Francis-Bacon-retratado-como-vizconde-de-Saint-Albans-basado-en-una-pintura-de-hacia-1618.-National-Portrait-Gallery-240x300.jpg 240w, https:\/\/static-blogs.diariovasco.com\/wp-content\/uploads\/sites\/34\/2026\/04\/Francis-Bacon-retratado-como-vizconde-de-Saint-Albans-basado-en-una-pintura-de-hacia-1618.-National-Portrait-Gallery.jpg 500w\" sizes=\"(max-width: 240px) 100vw, 240px\" \/>Acaba esta semana el mes de abril de 2026. Es una fecha que parece irrelevante, sin importancia. Los \u00faltimos d\u00edas de otro mes de los doce que componen el a\u00f1o y que se va acercando al verano. Poco m\u00e1s. \u00bfO tal vez no?<\/span><\/p>\n<p class=\"western\"><span style=\"font-family: 'Times New Roman', serif; font-size: 14pt;\">La respuesta a esa pregunta es que no, que el mes de abril del a\u00f1o 2026 no es un mes cualquiera. Sin embargo ese detalle ha pasado bastante desapercibido pese a que en \u00e9l, el d\u00eda 9, se cumpl\u00eda uno de esos centenarios \u201credondos\u201d en los que, como ya dec\u00eda en un correo de la Historia de enero, este a\u00f1o es rico. <\/span><\/p>\n<p class=\"western\"><span style=\"font-family: 'Times New Roman', serif; font-size: 14pt;\">Ese centenario, el que se cumpl\u00eda hace tres semanas ya, era adem\u00e1s uno de importancia universal. Nada menos que el del fallecimiento del hombre que sistematiz\u00f3, por no decir invent\u00f3, el m\u00e9todo cient\u00edfico en el que se basa nuestro actual desarrollo econ\u00f3mico y social.<\/span><\/p>\n<p class=\"western\"><span style=\"font-family: 'Times New Roman', serif; font-size: 14pt;\">Ese hombre, curiosamente, era ingl\u00e9s (tomen nota aqu\u00ed quienes dicen que s\u00f3lo las grandes figuras hist\u00f3ricas espa\u00f1olas son olvidadas). Y adem\u00e1s era un noble de alto rango en la corte inglesa de finales del siglo XVI y comienzos del XVII. Su nombre era Francis Bacon y ten\u00eda t\u00edtulo de cabalero (\u201c<i>sir<\/i>\u201d) y de miembro de la C\u00e1mara de los Lores inglesa, donde se le conoc\u00eda como Lord Verulam.<\/span><\/p>\n<p class=\"western\"><span style=\"font-family: 'Times New Roman', serif; font-size: 14pt;\"><i>Sir <\/i>Francis Bacon no es (o no deber\u00eda de ser) precisamente alguien desconocido. Todos los estudiantes de Bachillerato lo conocen (o deber\u00edan conocerlo). Bien sea por las asignaturas \u201cde ciencias\u201d, bien sea para los que siguen la incierta (y denostada) senda \u201cde letras\u201d.<\/span><\/p>\n<p class=\"western\"><span style=\"font-family: 'Times New Roman', serif; font-size: 14pt;\">En efecto, <i>sir<\/i> Francis Bacon siempre ha sido una presencia habitual en asignaturas como la F\u00edsica, la Literatura y la Filosof\u00eda.<\/span><\/p>\n<p class=\"western\"><span style=\"font-family: 'Times New Roman', serif; font-size: 14pt;\">Como hombre de eso que, en el siglo XIX, empezamos a llamar \u201cRenacimiento\u201d, <i>sir<\/i> Francis Bacon era hombre instruido en muchas materias. Todo un fil\u00f3sofo seg\u00fan el significado que se daba a esa palabra en su \u00e9poca. Es decir: alguien como, por ejemplo, el matem\u00e1tico italiano Girolamo Cardano. Tan capaz de crear un sistema de c\u00e1lculo que a\u00fan se sigue estudiando y utilizando, como de codearse con notorios magos como John Dee con el que se plante\u00f3 crear algo tan imposible, hoy por hoy, como una m\u00e1quina de movimiento continuo\u2026<\/span><\/p>\n<p class=\"western\"><span style=\"font-family: 'Times New Roman', serif; font-size: 14pt;\">Hay que constatar aqu\u00ed que <i>sir<\/i> Francis Bacon ten\u00eda expectativas m\u00e1s realistas a ese respecto, aunque no puede perderse de vista que la mayor parte de figuras como la suya, consideradas hoy como casi sagradas en temas de Ciencia (Newton, Leibniz, Boyle\u2026), cre\u00edan que lo que nos parece simple (e inerte) Magia, era tan v\u00e1lida como las ecuaciones de segundo grado, la inexorable Ley de la Gravedad o las primitivas m\u00e1quinas de calcular antepasadas de ordenadores como \u00e9ste en el que escribo.<\/span><\/p>\n<p class=\"western\"><span style=\"font-family: 'Times New Roman', serif; font-size: 14pt;\">Por el contrario<i> s<\/i><i>ir<\/i> Francis Bacon pas\u00f3 a la Historia por, entre otras razones, haber escrito un libro titulado \u201c<i>Novum Organum Scientiarum<\/i>\u201d. Es decir: el \u201c<i>Nuevo \u00f3rgano de las Ciencias<\/i>\u201d.<\/span><\/p>\n<p class=\"western\"><span style=\"font-family: 'Times New Roman', serif; font-size: 14pt;\">\u00bfCu\u00e1l era la gran virtud de ese legado intelectual del hombre que dejaba este mundo un 9 de abril de 1626? Pues sencillamente que en esa \u00e9poca en la que a\u00fan no se distingu\u00eda entre Alquimia, Magia, Ciencia&#8230;, <i>sir<\/i> Francis sistematiz\u00f3 ah\u00ed lo que llamamos \u201cm\u00e9todo cient\u00edfico\u201d. Una \u00fatil manera de pensar que es lo que nos ha llevado a un conocimiento del mundo y un avance material -y espiritual- que en 1600 hubiera parecido, en efecto, cosa de Magia.<\/span><\/p>\n<p class=\"western\"><span style=\"font-family: 'Times New Roman', serif; font-size: 14pt;\">Frente a las divisas alqu\u00edmicas que trataban de transmutar la \u201cOpus Nigrum\u201d en oro por medio de una especie de conjuro, el Lord Verulam propon\u00eda indagar racionalmente el modo de llevar las cosas a t\u00e9rmino ensayando m\u00e9todos racionales como la experimentaci\u00f3n de causas que conduc\u00edan a determinados efectos a fin de dar con el que se quer\u00eda encontrar para, por ejemplo, fundir m\u00e1s eficazmente un metal o darle una forma deseada o encontrar un tipo de embarcaci\u00f3n m\u00e1s durable y eficaz por medio de nuevas formas de labrar los cascos. O incluso aparatos que pudieran transmitir imagen y sonido a grandes distancias&#8230;<\/span><\/p>\n<p class=\"western\"><span style=\"font-family: 'Times New Roman', serif; font-size: 14pt;\"><i>S<\/i><i>ir<\/i> Francis Bacon adem\u00e1s no se conform\u00f3 con escribir un tratado tan serio, y tan influyente con el paso de los siglos, como el \u201c<i>Novum Organum Scientiarum<\/i>\u201d. Adem\u00e1s de eso lo convirti\u00f3 en Literatura. De hecho en una de las primeras novelas de eso que en el siglo XX se llam\u00f3 \u201cciencia-ficci\u00f3n\u201d.<\/span><\/p>\n<p class=\"western\"><span style=\"font-family: 'Times New Roman', serif; font-size: 14pt;\">Ese otro libro se titul\u00f3 en lat\u00edn, de nuevo, \u201c<i>Nova Atlantis<\/i>\u201d o, traducido, \u201c<i>La Nueva Atl<\/i><i>\u00e1<\/i><i>ntida<\/i>\u201d. En \u00e9l, Bacon, siguiendo la estela de otros autores ingleses como Santo Tom\u00e1s Moro y su \u201c<i>Utop\u00eda<\/i>\u201d, describ\u00eda una nueva Atl\u00e1ntida, una isla, Bensalem, habitada por una sociedad que se reg\u00eda seg\u00fan los principios del \u201c<i>Novum Organum Scientiarum<\/i>\u201d y que con el desarrollo de eso que llamamos \u201cCiencia\u201d hab\u00eda logrado avances t\u00e9cnicos muy similares a los que disfrutamos ahora.<\/span><\/p>\n<p class=\"western\"><span style=\"font-family: 'Times New Roman', serif; font-size: 14pt;\">Dec\u00eda \u201c<i>La Nueva Atl<\/i><i>\u00e1<\/i><i>ntida<\/i>\u201d que en aquella isla afortunada por esa aplicaci\u00f3n del racional m\u00e9todo de Bacon, exist\u00edan las llamadas \u201cCasas de Salom\u00f3n\u201d donde las mentes preclaras, \u201ccient\u00edficas\u201d, eran instruidas para desarrollar mejor todas esas maravillas.<\/span><\/p>\n<p class=\"western\"><span style=\"font-family: 'Times New Roman', serif; font-size: 14pt;\"><i>S<\/i><i>ir<\/i> Francis Bacon describ\u00eda as\u00ed, por activa y por pasiva, las bondades de ese pensamiento racional que creaba m\u00e1s bienestar material y, s\u00ed, tambi\u00e9n mayor desarrollo espiritual producto de esa opulencia y seguridad y prosperidad econ\u00f3mica.<\/span><\/p>\n<p class=\"western\"><span style=\"font-family: 'Times New Roman', serif; font-size: 14pt;\">Puede decirse as\u00ed que <i>sir<\/i> Francis Bacon es alguien con el que todo ese mundo que llamamos desarrollado (y el que aspira a serlo) estar\u00eda hoy, en 2026, en deuda.<\/span><\/p>\n<p class=\"western\"><span style=\"font-family: 'Times New Roman', serif; font-size: 14pt;\">Sin embargo, este 9 de abril de ese a\u00f1o, cuando se cumpl\u00edan 400 (nada menos) de la muerte del autor de tan grandes logros intelectuales (y al final materiales) apenas se dijo nada sobre ello. No hubo grandes celebraciones, ni ceremonias, ni nada de lo que se asocia, por ejemplo, a otras efem\u00e9rides relacionadas con grandes batallas como Trafalgar o Waterloo.<\/span><\/p>\n<p class=\"western\"><span style=\"font-family: 'Times New Roman', serif; font-size: 14pt;\">Algunas referencias se han hecho en redes sociales, en peri\u00f3dicos tan inesperados como \u201cEl Nacional.cat\u201d y, lo m\u00e1s llamativo, apenas ha habido alusiones a esa conmemoraci\u00f3n en un pa\u00eds tan dado a recordar a sus glorias nacionales como Gran Breta\u00f1a. Las pocas que se hicieron han sido de estilo espa\u00f1ol actual. Es decir: de \u00e1mbito local, no nacional, siendo recordado el genio autor del \u201c<i>Novum Organum Scientiarum<\/i>\u201d m\u00e1s en Saint Albans (la localidad de la que fue vizconde) o en Gray\u00b4s Inn (el colegio de abogados donde aprendi\u00f3 su oficio) que en los aleda\u00f1os de palacios, ministerios y cadenas de esa Televisi\u00f3n que \u00e9l intuy\u00f3 en \u201c<i>La Nueva Atl<\/i><i>\u00e1<\/i><i>ntida<\/i>\u201d.<\/span><\/p>\n<p class=\"western\"><span style=\"font-family: 'Times New Roman', serif; font-size: 14pt;\">Un olvido de la efem\u00e9rides sorprendente desde luego. Y no s\u00f3lo por la actitud brit\u00e1nica, sino por la de todos los pa\u00edses que se llaman \u201cdesarrollados\u201d y hoy no lo ser\u00edan de no haber sido por la aportaci\u00f3n capital de aquel hombre, <i>sir<\/i> Francis Bacon, el Lord Verulam, que dejaba este mundo hace 400 a\u00f1os, un 9 de abril de 1626, tras habernos legado la manera cient\u00edfica de pensar, de resolver muchas de nuestras humanas, muy humanas, carencias&#8230; <\/span><\/p>\n<!-- AddThis Advanced Settings generic via filter on the_content --><!-- AddThis Share Buttons generic via filter on the_content -->","protected":false},"excerpt":{"rendered":"<p>Por Carlos Rilova Jeric\u00f3 Acaba esta semana el mes de abril de 2026. Es una fecha que parece irrelevante, sin importancia. Los \u00faltimos d\u00edas de otro mes de los doce que componen el a\u00f1o y que se va acercando al verano. Poco m\u00e1s. \u00bfO tal vez no? La respuesta a esa pregunta es que no, [&hellip;]<!-- AddThis Advanced Settings generic via filter on get_the_excerpt --><!-- AddThis Share Buttons generic via filter on get_the_excerpt --><\/p>\n","protected":false},"author":56,"featured_media":0,"comment_status":"open","ping_status":"closed","sticky":false,"template":"","format":"standard","meta":[],"categories":[1],"tags":[4748,4749,2797,3834,4255,4747,1261,2725,2547],"_links":{"self":[{"href":"https:\/\/blogs.diariovasco.com\/correo-historia\/wp-json\/wp\/v2\/posts\/5377"}],"collection":[{"href":"https:\/\/blogs.diariovasco.com\/correo-historia\/wp-json\/wp\/v2\/posts"}],"about":[{"href":"https:\/\/blogs.diariovasco.com\/correo-historia\/wp-json\/wp\/v2\/types\/post"}],"author":[{"embeddable":true,"href":"https:\/\/blogs.diariovasco.com\/correo-historia\/wp-json\/wp\/v2\/users\/56"}],"replies":[{"embeddable":true,"href":"https:\/\/blogs.diariovasco.com\/correo-historia\/wp-json\/wp\/v2\/comments?post=5377"}],"version-history":[{"count":2,"href":"https:\/\/blogs.diariovasco.com\/correo-historia\/wp-json\/wp\/v2\/posts\/5377\/revisions"}],"predecessor-version":[{"id":5380,"href":"https:\/\/blogs.diariovasco.com\/correo-historia\/wp-json\/wp\/v2\/posts\/5377\/revisions\/5380"}],"wp:attachment":[{"href":"https:\/\/blogs.diariovasco.com\/correo-historia\/wp-json\/wp\/v2\/media?parent=5377"}],"wp:term":[{"taxonomy":"category","embeddable":true,"href":"https:\/\/blogs.diariovasco.com\/correo-historia\/wp-json\/wp\/v2\/categories?post=5377"},{"taxonomy":"post_tag","embeddable":true,"href":"https:\/\/blogs.diariovasco.com\/correo-historia\/wp-json\/wp\/v2\/tags?post=5377"}],"curies":[{"name":"wp","href":"https:\/\/api.w.org\/{rel}","templated":true}]}}