{"id":872,"date":"2015-04-06T11:41:31","date_gmt":"2015-04-06T09:41:31","guid":{"rendered":"http:\/\/blogs.diariovasco.com\/correo-historia\/?p=872"},"modified":"2015-04-06T11:41:31","modified_gmt":"2015-04-06T09:41:31","slug":"una-historia-de-la-historia-de-la-moda-la-manga-ranglan-1815-2015","status":"publish","type":"post","link":"https:\/\/blogs.diariovasco.com\/correo-historia\/2015\/04\/06\/una-historia-de-la-historia-de-la-moda-la-manga-ranglan-1815-2015\/","title":{"rendered":"Una historia de la Historia de la Moda: la manga \u201cRangl\u00e1n\u201d (1815-2015)"},"content":{"rendered":"<p><strong>Por Carlos Rilova Jeric\u00f3<\/strong><\/p>\n<p><a href=\"\/correo-historia\/wp-content\/uploads\/sites\/34\/2015\/04\/Cine-y-raccord.-Lord-Raglan-recupera-su-brazo-derechio-en-esta-imagen-de-La-\u00faltima-carga-1968.jpg\"><img loading=\"lazy\" class=\"alignleft size-medium wp-image-873\" title=\"Cine y raccord. Lord Raglan recupera su brazo derecho en esta imagen de \"La \u00faltima carga\" (1968) de Tony Richardson\" src=\"\/correo-historia\/wp-content\/uploads\/sites\/34\/2015\/04\/Cine-y-raccord.-Lord-Raglan-recupera-su-brazo-derechio-en-esta-imagen-de-La-\u00faltima-carga-1968-300x194.jpg\" alt=\"\" width=\"300\" height=\"194\" \/><\/a>Esta semana, para muchos de vacaciones, vamos a tratar que este nuevo correo de la Historia sea lo menos estresante posible. As\u00ed pues no entrar\u00e9 hoy en cuestiones transcendentes explicadas desde el siempre \u00fatil punto de vista de la Historia.<\/p>\n<p>No, por el contrario me voy a centrar en explicar el origen hist\u00f3rico de una peque\u00f1a parte de la Historia de la Moda. Concretamente de la, a veces, llamada, mal llamada como veremos, \u201cmanga rangl\u00e1n\u201d.<\/p>\n<p>\u00bfCu\u00e1l es la Historia de esa manga de traje, de chaqueta, de abrigo, de cazadora&#8230; que cae no desde el hombro sino que queda levemente inclinada desde el cuello de la prenda?.<\/p>\n<p>La explicaci\u00f3n oficial -vamos a llamarla as\u00ed- que yo siempre he o\u00eddo, es que fue una invenci\u00f3n -como la raya del pantal\u00f3n o el tejido Pr\u00edncipe de Gales, de los que, quiz\u00e1s, hablemos aqu\u00ed otro d\u00eda- de la m\u00e1s alta aristocracia brit\u00e1nica del siglo XIX.<\/p>\n<p>En efecto, la \u201cmanga rangl\u00e1n\u201d bien pudo ser la invenci\u00f3n de un noble brit\u00e1nico del siglo XIX. Sin embargo&#8230; Vamos adelante con los \u201csin embargos\u201d&#8230;<\/p>\n<p>Sin embargo, si ese fue el origen de la famosa manga, hay que se\u00f1alar que nunca existi\u00f3 ni, de momento, ha existido en Gran Breta\u00f1a ning\u00fan lord que se nombrase \u201cRangl\u00e1n\u201d. Menos, por supuesto, con acento en la \u00faltima \u201ca\u201d.<\/p>\n<p>As\u00ed es, en la Gran Breta\u00f1a del siglo XIX lo m\u00e1s parecido que hubo a ese apellido, y s\u00f3lo desde 1852, fue un caballero llamado, precisamente, Lord Raglan, que no \u201cRangl\u00e1n\u201d. Para m\u00e1s se\u00f1as es cierto que ese caballero hab\u00eda perdido su brazo derecho, tal y como cuenta la an\u00e9cdota que explica el origen de la llamada \u201cmanga rangl\u00e1n\u201d.<\/p>\n<p>As\u00ed pues, ya ven que la peque\u00f1a historia que explicar\u00eda el origen de la \u201cmanga rangl\u00e1n\u201d no parece, en este caso al menos, estar re\u00f1ida con la Historia con \u201cH\u201d may\u00fascula.<\/p>\n<p>Tenemos, en efecto, un noble brit\u00e1nico del siglo XIX manco -y deseoso, al parecer, de que su sastre ocultase al m\u00e1ximo posible ese inconveniente- y que adem\u00e1s se apellidaba \u201cRaglan\u201d, que es casi tanto como \u201cRangl\u00e1n\u201d.<\/p>\n<p>\u00bfComo perdi\u00f3 Lord Raglan ese brazo que habr\u00eda dado origen a la \u201cmanga rangl\u00e1n\u201d?.<\/p>\n<p>Pues la verdad es que, para nosotros, habitantes del a\u00f1o 2015, no pudo ser en ocasi\u00f3n m\u00e1s oportuna. La cosa ocurri\u00f3 en 18 de junio de 1815. As\u00ed que, ya ven, fue un suceso, rigurosamente hist\u00f3rico, que va a cumplir, en breve, sus doscientos a\u00f1os exactos.<\/p>\n<p>A Raglan, que entonces no se apellidaba Raglan sino FitzRoy Somerset, el brazo se lo arranc\u00f3 la nutrida potencia de fuego francesa empleada en la batalla de Waterloo.<\/p>\n<p>Y realmente tuvo suerte. Mucha m\u00e1s, desde luego, que la que tuvieron las decenas de oficiales que formaban el s\u00e9quito militar de Lord Wellington en ese d\u00eda en el que se luch\u00f3 la famosa batalla de Waterloo.<\/p>\n<p>De esas decenas de oficiales todos fueron muertos o gravemente heridos por el intenso fuego de Artiller\u00eda y fusiler\u00eda franc\u00e9s. Todos excepto el propio Wellington y el general \u00c1lava, representante oficial del reino de Espa\u00f1a en el Ej\u00e9rcito aliado contra este \u00faltimo espasmo napole\u00f3nico. El primero de los dos sali\u00f3 ileso y \u00c1lava, al parecer, s\u00f3lo con una leve contusi\u00f3n que no le impidi\u00f3 compartir una triste y desolada cena con el Lord en una larga mesa vac\u00eda, en la que faltaban todos los oficiales que hab\u00edan acompa\u00f1ado a Wellington en aquellas horas cruciales para la derrota final de Napole\u00f3n.<\/p>\n<p>Entre las ausencias, naturalmente, estaba FitzRoy Somerset, herido en un brazo, perdido despu\u00e9s bajo la tajante, y azarosa, cirug\u00eda de campa\u00f1a del per\u00edodo napole\u00f3nico. Una cuya principal, y casi \u00fanica, operaci\u00f3n era amputar -en un tiempo record de dos minutos por paciente- los miembros que presentaban fractura \u00f3sea por impacto de arma blanca, disparo de mosquete o pistola, o esquirlas de Artiller\u00eda.<\/p>\n<p>No se da mucha importancia al hecho en la gran pel\u00edcula sobre esa batalla, la magn\u00edfica \u201cWaterloo\u201d dirigida por Sergei Bondarchuk en 1970. En ella los \u00fanicos miembros de la familia militar de Wellington que destacan en ese d\u00eda clave son el bronco general Picton -muerto, de un balazo en la cabeza en medio de una \u00e9pica carga, a\u00fan vestido de civil, como ten\u00eda casi por costumbre-, los j\u00f3venes y prometedores De Lancey y James Hay, el general Ponsonby, de la Caballer\u00eda pesada, y, finalmente, tal y como en efecto tambi\u00e9n ocurri\u00f3, el segundo te\u00f3rico al mando de las tropas aliadas ese 18 de junio, el general Uxbridge, al que se le lleva una pierna por delante un \u00faltimo disparo de Artiller\u00eda antes de la desbandada general francesa.<\/p>\n<p>De hecho, el nombre de FitzRoy Somerset no aparece en los cr\u00e9ditos de \u201cWaterloo\u201d. Y es raro porque otra estupenda pel\u00edcula del \u201cNew Cinema\u201d de los a\u00f1os 60 y 70, \u201cLa \u00faltima carga\u201d, se hab\u00eda ocupado exhaustivamente de \u00e9l en 1968, justo dos a\u00f1os antes del estreno de la pel\u00edcula de Bondarchuk.<\/p>\n<p>En esa pel\u00edcula, \u201cLa \u00faltima carga\u201d, magn\u00edficamente ambientada en 1854 y que les recomiendo vivamente, un atribulado Lord Raglan aparece ya nombrado general en jefe de la expedici\u00f3n a Crimea contra uno de sus antiguos aliados de 1815 -el imperio ruso- en compa\u00f1\u00eda de uno de sus m\u00e1s ac\u00e9rrimos enemigos: el imperio franc\u00e9s. En este caso en su segunda versi\u00f3n, la que dura de 1852 a 1870, entre otras cosas, porque ese nuevo imperio napole\u00f3nico se sabe alinear, desde el principio, con los intereses geoestrat\u00e9gicos de Gran Breta\u00f1a. Como se ve, perfectamente, en esa Guerra de Crimea, destinada, como ya contamos en otro correo de la Historia, a impedir que Rusia se haga con el control del Mediterr\u00e1neo y corte el paso a Gran Breta\u00f1a hacia la India.<\/p>\n<p>En esas fechas ya s\u00f3lo el pobre Lord Raglan, gloriosamente mutilado de un brazo en Waterloo, parece recordar -como c\u00f3micamente se ve en la pel\u00edcula- que los franceses fueron el enemigo y los rusos el aliado de 1815, mientras \u00e9l sobrelleva -como tambi\u00e9n se ve en \u201cLa \u00faltima carga\u201d- el peso de salvar a Gran Breta\u00f1a de esa nueva amenaza casi constantemente molestado por la sombra que proyecta sobre \u00e9l la gran estatua en hierro fundido de Lord Wellington, que emplazan justo ante la ventana de su oficina.<\/p>\n<p>Desde all\u00ed, en efecto, el hombre que casi lo lleva a la muerte y consigue que lo desmiembren, parece vigilar a Raglan mientras \u00e9ste expide \u00f3rdenes escritas con su mano izquierda. La \u00fanica que le quedaba y que en esos momentos, es curioso, como se aprecia en las fotos y en los grabados de \u00e9poca como el que ilustra este correo de la Historia, Lord Raglan no trataba de disimular en su uniforme, del que cuelga, inerte y vac\u00eda, la manga derecha, que para nada parece esa famosa \u201cmanga rangl\u00e1n\u201d.<\/p>\n<p><a href=\"\/correo-historia\/wp-content\/uploads\/sites\/34\/2015\/04\/Lord-Raglan.FormerFitzroy-Somerset.Histire-d-la-Guerred\u00b4rientJanet-Lange-c.-1854.jpg\"><img loading=\"lazy\" class=\"alignleft size-medium wp-image-874\" title=\"Lord Raglan con sus aliados franceses. Grabado para la \"Histoire de la Guerre d\u00b4Orient\" de Janet-Lange (c. 1854). Ejemplar de La colecci\u00f3n Reding\" src=\"\/correo-historia\/wp-content\/uploads\/sites\/34\/2015\/04\/Lord-Raglan.FormerFitzroy-Somerset.Histire-d-la-Guerred\u00b4rientJanet-Lange-c.-1854-300x197.jpg\" alt=\"\" width=\"300\" height=\"197\" \/><\/a>Algo que nos deja con el misterio, y la duda razonable, de cu\u00e1ndo y en qu\u00e9 circunstancias, exactamente, decidi\u00f3 Lord Raglan, incorporar a su vestuario dicha \u201cmanga rangl\u00e1n\u201d, supuestamente de su invenci\u00f3n. Como se repite, una y otra vez, por ah\u00ed, en esa peligrosa caja de resonancia mundial de viejos rumores llamada \u201cInternet\u201d, sin tener en cuenta, para empezar, que Lord Raglan s\u00f3lo fue Lord Raglan entre 1852 y 1855, fecha de su muerte en Crimea, y que, como dec\u00eda, fotos y grabados de esas fechas no muestran por ning\u00fan lado en su uniforme la famosa \u201cmanga rangl\u00e1n\u201d.<\/p>\n<p>Una pista: seg\u00fan el especialista en Historia de la Moda Jonathan Walford s\u00f3lo a partir de 1864 se usa en ingl\u00e9s la expresi\u00f3n \u201cmanga Raglan\u201d, que no \u201cRangl\u00e1n\u201d&#8230;<\/p>\n<!-- AddThis Advanced Settings generic via filter on the_content --><!-- AddThis Share Buttons generic via filter on the_content -->","protected":false},"excerpt":{"rendered":"<p>Por Carlos Rilova Jeric\u00f3 Esta semana, para muchos de vacaciones, vamos a tratar que este nuevo correo de la Historia sea lo menos estresante posible. As\u00ed pues no entrar\u00e9 hoy en cuestiones transcendentes explicadas desde el siempre \u00fatil punto de vista de la Historia. No, por el contrario me voy a centrar en explicar el [&hellip;]<!-- AddThis Advanced Settings generic via filter on get_the_excerpt --><!-- AddThis Share Buttons generic via filter on get_the_excerpt --><\/p>\n","protected":false},"author":56,"featured_media":0,"comment_status":"open","ping_status":"closed","sticky":false,"template":"","format":"standard","meta":[],"categories":[2],"tags":[195,1195,1268,1416,1537,1578,2058,2168,2257],"_links":{"self":[{"href":"https:\/\/blogs.diariovasco.com\/correo-historia\/wp-json\/wp\/v2\/posts\/872"}],"collection":[{"href":"https:\/\/blogs.diariovasco.com\/correo-historia\/wp-json\/wp\/v2\/posts"}],"about":[{"href":"https:\/\/blogs.diariovasco.com\/correo-historia\/wp-json\/wp\/v2\/types\/post"}],"author":[{"embeddable":true,"href":"https:\/\/blogs.diariovasco.com\/correo-historia\/wp-json\/wp\/v2\/users\/56"}],"replies":[{"embeddable":true,"href":"https:\/\/blogs.diariovasco.com\/correo-historia\/wp-json\/wp\/v2\/comments?post=872"}],"version-history":[{"count":0,"href":"https:\/\/blogs.diariovasco.com\/correo-historia\/wp-json\/wp\/v2\/posts\/872\/revisions"}],"wp:attachment":[{"href":"https:\/\/blogs.diariovasco.com\/correo-historia\/wp-json\/wp\/v2\/media?parent=872"}],"wp:term":[{"taxonomy":"category","embeddable":true,"href":"https:\/\/blogs.diariovasco.com\/correo-historia\/wp-json\/wp\/v2\/categories?post=872"},{"taxonomy":"post_tag","embeddable":true,"href":"https:\/\/blogs.diariovasco.com\/correo-historia\/wp-json\/wp\/v2\/tags?post=872"}],"curies":[{"name":"wp","href":"https:\/\/api.w.org\/{rel}","templated":true}]}}