{"id":793,"date":"2013-09-10T10:18:35","date_gmt":"2013-09-10T09:18:35","guid":{"rendered":"http:\/\/blogs.diariovasco.com\/correrxcorrer\/?p=793"},"modified":"2013-09-10T10:18:35","modified_gmt":"2013-09-10T09:18:35","slug":"juegos-olimpicos-madrid-olimpiada","status":"publish","type":"post","link":"https:\/\/blogs.diariovasco.com\/correrxcorrer\/2013\/09\/10\/juegos-olimpicos-madrid-olimpiada\/","title":{"rendered":"Ahora, la Olimpiada de lo &#039;peque\u00f1o&#039;"},"content":{"rendered":"<p><strong><img loading=\"lazy\" class=\"alignleft size-medium wp-image-795\" title=\"DOCU_GRUPO LA JUDOCA SARA RODR\u00cdGUEZ, ABANDERADA DE LA CAMPA\u00d1A MADRID 2020\" src=\"\/correrxcorrer\/wp-content\/uploads\/sites\/7\/2013\/09\/GF131GC1.jpg\" alt=\"\" width=\"300\" height=\"224\" srcset=\"https:\/\/static-blogs.diariovasco.com\/wp-content\/uploads\/sites\/7\/2013\/09\/GF131GC1.jpg 3941w, https:\/\/static-blogs.diariovasco.com\/wp-content\/uploads\/sites\/7\/2013\/09\/GF131GC1-300x224.jpg 300w, https:\/\/static-blogs.diariovasco.com\/wp-content\/uploads\/sites\/7\/2013\/09\/GF131GC1-768x574.jpg 768w, https:\/\/static-blogs.diariovasco.com\/wp-content\/uploads\/sites\/7\/2013\/09\/GF131GC1-1024x765.jpg 1024w\" sizes=\"(max-width: 300px) 100vw, 300px\" \/>Recibida la bofetada y la patada en el culo<\/strong> tras el no rotundo a organizar los Juegos por Madrid, llega el momento de pensar en esa Olimpiada -que durar\u00e1 m\u00e1s de cuatro a\u00f1os- de lo peque\u00f1o, de lo cotidiano, del d\u00eda a d\u00eda.<\/p>\n<p>Las federaciones de <strong>deportes no profesionales preparan m\u00e1s ajustes<\/strong> que llevar\u00e1 a la renuncia a continuar en la actividad a numerosos portentos. Arrojar la toalla ser\u00e1 lo habitual, entre deportistas y t\u00e9cnicos. Cerrar\u00e1n la puerta clubes y monitores de escolares se ir\u00e1n a sus casas.<strong> Se volv\u00e9ra a un deporte de los a\u00f1os 70.<\/strong> Un alto responsable de una federaci\u00f3n espa\u00f1ola me dice que quiz\u00e1s era una &#8220;pasada otorgar&#8221; unos Juegos a un pa\u00eds que est\u00e1 en bancarrota en lo social, pero que \u00e9l so\u00f1aba con esos Juegos de Madrid 2020 porque la entrada de ayudas a las federaciones le permitir\u00eda no tener que decir que no a casi todo, a intentar convencer a sus deportistas con un nada a cambio. &#8220;Es muy duro. Este a\u00f1o casi me arrodill\u00e9 para que dos chavales pudieran competir en una competici\u00f3n internacional, se hab\u00edan ganado su puesto, poseen un potencial terrible y no hab\u00eda dinero para el viaje&#8221;.<\/p>\n<p>Pero yo entiendo perfectamente<strong> los que cambian los Juegos de los fastos a la Ol\u00edmpiada de lo cotidiano<\/strong>. En un momento en el que el recorte es brutal en temas tan sensibles como la Educaci\u00f3n, la Sanidad, el deporte&#8230; parece que los presupuestos que maneja la organizaci\u00f3n de unos Juegos descontrolan el &#8216;sentido&#8217;.<\/p>\n<p><strong>Nadie se crey\u00f3 la encuesta<\/strong> que dec\u00eda que el 91% de la poblaci\u00f3n espa\u00f1ola quer\u00eda esos Juegos. Nadie. Quiz\u00e1s se desliz\u00f3 una coma y era el 9,1%. El apoyo ven\u00eda de quienes ven peligrar los deportes que viven con pasi\u00f3n.<strong> Pero entiendo a quienes sufren<\/strong> el cierre de una guarder\u00eda p\u00fablica; quienes comprueban como en la residencia donde est\u00e1n hospitalizados el personal es m\u00ednimo y afecta a la atenci\u00f3n del enfermo, as\u00ed como la limpieza del hospital es justita y la comida deja que desear; entiendo a quien ven el incremento del n\u00famero de alumnos por aula en los colegios, o las becas de acceso a la Universidad es una cuesti\u00f3n del pasado; entiendo a los que se quejan de la suciedad de las calles; a los que sufren el baj\u00f3n de la seguridad en sus barrios; y al deterioro de las instalaciones deportivas, esas que se dirigen m\u00e1s a la salud y al ocio que al rendimiento profesional. Y todo \u00e9sto est\u00e1 ocurriendo en nuestras vidas.<\/p>\n<p>Todos estos casos forman el programa de la Olimpiada de lo cotidiano. Los Juegos Ol\u00edmpicos les queda lejos en estos momentos. <strong>Prefieren que alguien vote a favor estos otros Juegos del d\u00eda d\u00eda<\/strong>. Lo lamentable es que, tambi\u00e9n aqu\u00ed, estamos recibiendo otra bofetada y patada en el culo.<\/p>\n<!-- AddThis Advanced Settings generic via filter on the_content --><!-- AddThis Share Buttons generic via filter on the_content -->","protected":false},"excerpt":{"rendered":"<p>Recibida la bofetada y la patada en el culo tras el no rotundo a organizar los Juegos por Madrid, llega el momento de pensar en esa Olimpiada -que durar\u00e1 m\u00e1s de cuatro a\u00f1os- de lo peque\u00f1o, de lo cotidiano, del d\u00eda a d\u00eda. Las federaciones de deportes no profesionales preparan m\u00e1s ajustes que llevar\u00e1 a [&hellip;]<!-- AddThis Advanced Settings generic via filter on get_the_excerpt --><!-- AddThis Share Buttons generic via filter on get_the_excerpt --><\/p>\n","protected":false},"author":16,"featured_media":0,"comment_status":"open","ping_status":"closed","sticky":false,"template":"","format":"standard","meta":[],"categories":[3,14],"tags":[],"_links":{"self":[{"href":"https:\/\/blogs.diariovasco.com\/correrxcorrer\/wp-json\/wp\/v2\/posts\/793"}],"collection":[{"href":"https:\/\/blogs.diariovasco.com\/correrxcorrer\/wp-json\/wp\/v2\/posts"}],"about":[{"href":"https:\/\/blogs.diariovasco.com\/correrxcorrer\/wp-json\/wp\/v2\/types\/post"}],"author":[{"embeddable":true,"href":"https:\/\/blogs.diariovasco.com\/correrxcorrer\/wp-json\/wp\/v2\/users\/16"}],"replies":[{"embeddable":true,"href":"https:\/\/blogs.diariovasco.com\/correrxcorrer\/wp-json\/wp\/v2\/comments?post=793"}],"version-history":[{"count":0,"href":"https:\/\/blogs.diariovasco.com\/correrxcorrer\/wp-json\/wp\/v2\/posts\/793\/revisions"}],"wp:attachment":[{"href":"https:\/\/blogs.diariovasco.com\/correrxcorrer\/wp-json\/wp\/v2\/media?parent=793"}],"wp:term":[{"taxonomy":"category","embeddable":true,"href":"https:\/\/blogs.diariovasco.com\/correrxcorrer\/wp-json\/wp\/v2\/categories?post=793"},{"taxonomy":"post_tag","embeddable":true,"href":"https:\/\/blogs.diariovasco.com\/correrxcorrer\/wp-json\/wp\/v2\/tags?post=793"}],"curies":[{"name":"wp","href":"https:\/\/api.w.org\/{rel}","templated":true}]}}