{"id":796,"date":"2013-09-12T14:38:50","date_gmt":"2013-09-12T13:38:50","guid":{"rendered":"http:\/\/blogs.diariovasco.com\/correrxcorrer\/?p=796"},"modified":"2013-09-12T14:38:50","modified_gmt":"2013-09-12T13:38:50","slug":"hoy-hace-100-anos-nacio-jesse-owens","status":"publish","type":"post","link":"https:\/\/blogs.diariovasco.com\/correrxcorrer\/2013\/09\/12\/hoy-hace-100-anos-nacio-jesse-owens\/","title":{"rendered":"Hoy hace 100 a\u00f1os naci\u00f3 Jesse Owens"},"content":{"rendered":"<p><strong><img loading=\"lazy\" class=\"alignleft size-medium wp-image-798\" title=\"DF00MAS1\" src=\"\/correrxcorrer\/wp-content\/uploads\/sites\/7\/2013\/09\/DF00MAS1.jpg\" alt=\"\" width=\"300\" height=\"174\" srcset=\"https:\/\/static-blogs.diariovasco.com\/wp-content\/uploads\/sites\/7\/2013\/09\/DF00MAS1.jpg 2768w, https:\/\/static-blogs.diariovasco.com\/wp-content\/uploads\/sites\/7\/2013\/09\/DF00MAS1-300x174.jpg 300w, https:\/\/static-blogs.diariovasco.com\/wp-content\/uploads\/sites\/7\/2013\/09\/DF00MAS1-768x446.jpg 768w, https:\/\/static-blogs.diariovasco.com\/wp-content\/uploads\/sites\/7\/2013\/09\/DF00MAS1-1024x595.jpg 1024w\" sizes=\"(max-width: 300px) 100vw, 300px\" \/>Jesse Owen<\/strong>s es uno de los grandes del mitos del atletismo. Velocista de los a\u00f1os 30, autor de una de las mayores gestas deportivas en los Juegos Ol\u00edmpicos de 1936 con las cuatro medallas de oro en 100, 200, longitud y relevo -\u00e9xito que no fue igualado hasta 1984 con <strong>Carl Lewis<\/strong>&#8211; y tambi\u00e9n pas\u00f3 a la historia porque sus triunfos ante Hitler supusieron un s\u00edmbolo de la lucha racial. Hoy, 12 de septiembre,\u00a0 se cumplen 100 a\u00f1os de su nacimiento. Momento para refrescar datos de esta figura con cap\u00edtulo propio en la historia del deporte.<\/p>\n<p>Lo que pareci\u00f3 un enfrentamiento entre <strong>la raza negra y la raza aria<\/strong> en el mismo estadio de Berl\u00edn en 1936 con la presencia del astro estadounidense, no parece que alcanz\u00f3 la envergadura que durante a\u00f1os trascendi\u00f3. La leyenda dec\u00eda que Hitler no quiso saludar a Owens por ser negro. Lo cierto es que el f\u00fchrer no salud\u00f3 a ning\u00fan campe\u00f3n, como \u00e9l mismo decidi\u00f3 previamente. El mismo Owens, en su biograf\u00eda, se\u00f1al\u00f3 a\u00f1os despu\u00e9s que Hitler le levant\u00f3 la mano a modo de saludo\/reconocimiento cuando pas\u00f3 cerca de \u00e9l. Y a\u00f1adi\u00f3 que el mayor desprecio lleg\u00f3 en su propio pa\u00eds cuando el presidente Roosveltr ni tan siquiera le recibi\u00f3 en la Casa Blanca.<\/p>\n<p>El atleta recordaba que en Estados Unidos <strong>segu\u00eda el racismo cruel<\/strong> y que al menos en Europa pod\u00eda compartir hotel con deportistas de todas las razas:<\/p>\n<p>&#8220;Cuando volv\u00ed a mi pa\u00eds natal, despu\u00e9s de todas las historias sobre Hitler, no pude viajar en la parte delantera del autob\u00fas. Volv\u00ed a la puerta de atr\u00e1s. No pod\u00eda vivir donde quer\u00eda. No fui invitado a estrechar la mano de Hitler, pero tampoco fui invitado a la Casa Blanca a dar la mano al Presidente&#8221;, dijo Owens.<\/p>\n<p>No fue hasta 20 a\u00f1os despu\u00e9s en 1955 cuando el <strong>presidente Eisenhower<\/strong> honr\u00f3 a Owens nombr\u00e1ndole\u00a0 &#8220;Embajador del Deporte&#8221;.<\/p>\n<p>Esa superioridad de la raza aria tantas veces ensalzada por el r\u00e9gimen nazi y el desprecio a los negros, se hizo a\u00f1icos con <strong>la amistad entablada por el alem\u00e1n Lutz Long<\/strong>, saltador de longitud, que aconsej\u00f3 en la calificaci\u00f3n de la prueba a Owens. El estadounidense tras dos nulos solo le quedaba un intento para acceder a la final. Long le recomend\u00f3 retrasar su carrera y as\u00ed no cometer otro nulo. Owens hizo v\u00e1lido, pas\u00f3 a la final y gan\u00f3 el oro. Ah\u00ed comenz\u00f3 una amistad donde las razas eran lo de menos. De hecho, tras la muerte del germano durante la Segunda Guerra Mundial, <strong>Owens pag\u00f3 los estudios al hijo de Long<\/strong>.<\/p>\n<p>Como dato curioso de aquella participaci\u00f3n de Owens en los <strong>Juegos de Berl\u00edn<\/strong>, es que el atleta calz\u00f3 zapatillas <strong>Adidas<\/strong> despu\u00e9s de que el due\u00f1o de la empresa, el alem\u00e1n Adi Dassler, a quien no le import\u00f3 el tema racial, le ofreci\u00f3 llevar sus zapatillas. As\u00ed Owens se convirti\u00f3 en el primer atleta afrocamericano patrocinado por Adidas.<\/p>\n<p>En Berl\u00edn lleva el nombre de Jesse Owens una calle adem\u00e1s de un colegio, curioso cuando hace unas semanas se levant\u00f3 una fuerte pol\u00e9mica en Chicago al cambiar el nombre a una escuela p\u00fablica que hasta ahora se llamaba Jesse Owens por Gompers South. Las hijas del velocista han peleado por evitar tan circunstancia, sin \u00e9xito por el momento.<\/p>\n<p><strong>La figura de Owens<\/strong> es evidente que ha ido m\u00e1s all\u00e1 del atletismo y del deporte. Esas cuatro medallas de oro en Berl\u00edn 1936, con dos r\u00e9cords mundiales m\u00e1s uno ol\u00edmpico, supuso un reto inalcanzable para generaciones de velocistas hasta que lleg\u00f3 Carl Lewis y los Juegos de Los Angeles en 1984. Esos 48 a\u00f1os que transcurrieron agrandaron el mito de Owens, considerado como uno de los mejores atletas de la historia.<\/p>\n<p>La gente del atletismo, adem\u00e1s de la gesta ol\u00edmpica, recuerda la haza\u00f1a del 25 de mayo de 1935 durante la <strong>Big Ten Conference en M\u00edchigan<\/strong> cuando en 45 minutos bati\u00f3 tres r\u00e9cords del mundo e iguala otro. El de m\u00e1s nivel el de salto de longitud al llegar a 8.13 m, plusmarca que dur\u00f3 25 a\u00f1os. Dicen que desde ese momento se le conoci\u00f3 como el &#8216;Ant\u00edlope de \u00c9bano&#8217;.<\/p>\n<p>Su vida posterior a los \u00e9xitos ol\u00edmpicos no fue sencilla, como era habitual en esa \u00e9poca para cualquier campe\u00f3n y m\u00e1s para un negro en los Estados Unidos.<\/p>\n<p><strong>Muri\u00f3 en 1980<\/strong>, con 66 a\u00f1os, de c\u00e1ncer de pulm\u00f3n. Jesse era un fumador de paquete diario. Por lo tanto no pudo ver la irrupci\u00f3n del Hijo del Viento, Carl Lewis, el &#8216;Owens&#8217; de los a\u00f1os 80-90.<\/p>\n<p>V\u00eddeos de Owens:<\/p>\n<p><iframe loading=\"lazy\" src=\"\/\/www.youtube.com\/embed\/quQopJmQry4\" frameborder=\"0\" width=\"420\" height=\"315\"><\/iframe><\/p>\n<p>V\u00eddeo comparativo Owens-Bolt:<\/p>\n<p><iframe loading=\"lazy\" src=\"\/\/www.youtube.com\/embed\/Wi4IEPrD6a8\" frameborder=\"0\" width=\"420\" height=\"315\"><\/iframe><\/p>\n<p>&nbsp;<\/p>\n<!-- AddThis Advanced Settings generic via filter on the_content --><!-- AddThis Share Buttons generic via filter on the_content -->","protected":false},"excerpt":{"rendered":"<p>Jesse Owens es uno de los grandes del mitos del atletismo. Velocista de los a\u00f1os 30, autor de una de las mayores gestas deportivas en los Juegos Ol\u00edmpicos de 1936 con las cuatro medallas de oro en 100, 200, longitud y relevo -\u00e9xito que no fue igualado hasta 1984 con Carl Lewis&#8211; y tambi\u00e9n pas\u00f3 [&hellip;]<!-- AddThis Advanced Settings generic via filter on get_the_excerpt --><!-- AddThis Share Buttons generic via filter on get_the_excerpt --><\/p>\n","protected":false},"author":16,"featured_media":0,"comment_status":"open","ping_status":"closed","sticky":false,"template":"","format":"standard","meta":[],"categories":[3,14,22],"tags":[],"_links":{"self":[{"href":"https:\/\/blogs.diariovasco.com\/correrxcorrer\/wp-json\/wp\/v2\/posts\/796"}],"collection":[{"href":"https:\/\/blogs.diariovasco.com\/correrxcorrer\/wp-json\/wp\/v2\/posts"}],"about":[{"href":"https:\/\/blogs.diariovasco.com\/correrxcorrer\/wp-json\/wp\/v2\/types\/post"}],"author":[{"embeddable":true,"href":"https:\/\/blogs.diariovasco.com\/correrxcorrer\/wp-json\/wp\/v2\/users\/16"}],"replies":[{"embeddable":true,"href":"https:\/\/blogs.diariovasco.com\/correrxcorrer\/wp-json\/wp\/v2\/comments?post=796"}],"version-history":[{"count":0,"href":"https:\/\/blogs.diariovasco.com\/correrxcorrer\/wp-json\/wp\/v2\/posts\/796\/revisions"}],"wp:attachment":[{"href":"https:\/\/blogs.diariovasco.com\/correrxcorrer\/wp-json\/wp\/v2\/media?parent=796"}],"wp:term":[{"taxonomy":"category","embeddable":true,"href":"https:\/\/blogs.diariovasco.com\/correrxcorrer\/wp-json\/wp\/v2\/categories?post=796"},{"taxonomy":"post_tag","embeddable":true,"href":"https:\/\/blogs.diariovasco.com\/correrxcorrer\/wp-json\/wp\/v2\/tags?post=796"}],"curies":[{"name":"wp","href":"https:\/\/api.w.org\/{rel}","templated":true}]}}