{"id":799,"date":"2013-09-13T09:56:43","date_gmt":"2013-09-13T08:56:43","guid":{"rendered":"http:\/\/blogs.diariovasco.com\/correrxcorrer\/?p=799"},"modified":"2013-09-13T09:56:43","modified_gmt":"2013-09-13T08:56:43","slug":"dopaje-marta-dominguez-madrid","status":"publish","type":"post","link":"https:\/\/blogs.diariovasco.com\/correrxcorrer\/2013\/09\/13\/dopaje-marta-dominguez-madrid\/","title":{"rendered":"Bofetadas de dopaje&#8230; y ahora Marta Dom\u00ednguez"},"content":{"rendered":"<p><img loading=\"lazy\" class=\"alignleft size-medium wp-image-801\" title=\"DOCU_GRUPO -\" src=\"\/correrxcorrer\/wp-content\/uploads\/sites\/7\/2013\/09\/GF0MAY91.jpg\" alt=\"\" width=\"220\" height=\"300\" srcset=\"https:\/\/static-blogs.diariovasco.com\/wp-content\/uploads\/sites\/7\/2013\/09\/GF0MAY91.jpg 2649w, https:\/\/static-blogs.diariovasco.com\/wp-content\/uploads\/sites\/7\/2013\/09\/GF0MAY91-221x300.jpg 221w, https:\/\/static-blogs.diariovasco.com\/wp-content\/uploads\/sites\/7\/2013\/09\/GF0MAY91-768x1044.jpg 768w, https:\/\/static-blogs.diariovasco.com\/wp-content\/uploads\/sites\/7\/2013\/09\/GF0MAY91-753x1024.jpg 753w\" sizes=\"(max-width: 220px) 100vw, 220px\" \/>El bofet\u00f3n que han pegado tanto <strong>Miguel Cardenal<\/strong>, Secretario de Estado para el Deporte, como <strong>Ana Mu\u00f1oz<\/strong>, directora de la Agencia Espa\u00f1ola de Protecci\u00f3n de la Salud en el Deporte, ha sonado hasta en Gibraltar. Durante la presentaci\u00f3n de la candidatura Madrid 2020, a la pregunta tema dopaje, la respuesta del presidente del COE, <strong>Alejandro Blanco,<\/strong> fue como de parvulitos. En castellano, sacando pecho y sin responder lo que se ped\u00eda. Y lo peor es que lo ten\u00eda &#8216;a huevo&#8217;. Precisamente <strong>la sentencia de la Operaci\u00f3n Puerto<\/strong> est\u00e1 recurrida para que no se destruyan las bolsas de sangre y se entreguen. Gesto de transparencia despreciado por Blanco.<\/p>\n<p>El propio Cardenal critica que la candidatura madrile\u00f1a evit\u00f3 que el CSD respondiera a las preguntas&#8230; y lo hubiese hecho con m\u00e1s coherencia. Por ejemplo, Ana Mu\u00f1oz que est\u00e1 realizando un labor muy interesante desde que asumi\u00f3 el cargo. Ella misma ha significado que &#8220;no responder al tema de las bolsas de sangre es sembrar dudas&#8221;. Evidentemente.<\/p>\n<p><strong>La nueva Ley antidopaje<\/strong> fue solo un paso; asumir los controles la AEPSD en lugar de las federaciones, es otro; pero no reconocer lo mal que se ha hecho en este pa\u00eds y eludir el tema de las bolsas, son un lastre que parece que los pol\u00edticos\/dirigentes no entienden.<\/p>\n<p>Esta semana se han conocido dos casos de dopaje en el atletismo y otro en el baloncesto. Motivo de decepci\u00f3n y de satisfacci\u00f3n a la vez. Pero no existe otro camino para alcanzar un deporte m\u00e1s limpio.<\/p>\n<p>Y entre despachos se sigue cociendo el <strong>tema de Marta Dom\u00ednguez<\/strong>, cuatro meses despu\u00e9s de la notificaci\u00f3n de la IAAF. La Federaci\u00f3n Internacional envi\u00f3 un expediente sobre su caso a la Federaci\u00f3n Espa\u00f1ola y ser\u00e1 el Comit\u00e9 de Competici\u00f3n el que debe decidir (no s\u00e9 a qu\u00e9 esperan) si impone una sanci\u00f3n por dopaje. <strong>La IAAF tiene datos<\/strong> de valores an\u00f3malos de hemoglobina (agosto 2009, Mundial de Berl\u00edn cuando fue campeona de 3.000 obst\u00e1culos), es decir, niveles muy elevados respecto a su perfil natural en controles posteriores. Los expertos de la <strong>Agencia Mundial Antidopaje<\/strong> decretaron que hubo una anomal\u00eda. \u00bfY ahora? Pues el Comit\u00e9 de Competici\u00f3n tiene la palabra. Me temo que se enreder\u00e1n en tecnicismos legales y volver\u00e1n a jugar al &#8216;piedra, papel, tijeras&#8217;. Y de nuevo rid\u00edculo internacional. \u00bfO no ser\u00e1 as\u00ed con la nueva Ley? Ojal\u00e1.<\/p>\n<p>La IAAF dejeba entrever que Marta Dom\u00ednguez, actual senadora del PP, en alg\u00fan momento recurri\u00f3 al <strong>dopaje sangu\u00edneo<\/strong>, con utilizaci\u00f3n de EPO o autotransfusiones. \u00bfSeremos m\u00e1s papistas que el papa y dir\u00e1n que falta un punto y coma para no aplicar sanci\u00f3n?<\/p>\n<p>En Turqu\u00eda en casos similares y paralelos en el tiempo ya hubo decisiones. \u00bfY aqu\u00ed por qu\u00e9 se dilata este caso?<\/p>\n<p>&nbsp;<\/p>\n<p>&nbsp;<\/p>\n<!-- AddThis Advanced Settings generic via filter on the_content --><!-- AddThis Share Buttons generic via filter on the_content -->","protected":false},"excerpt":{"rendered":"<p>El bofet\u00f3n que han pegado tanto Miguel Cardenal, Secretario de Estado para el Deporte, como Ana Mu\u00f1oz, directora de la Agencia Espa\u00f1ola de Protecci\u00f3n de la Salud en el Deporte, ha sonado hasta en Gibraltar. Durante la presentaci\u00f3n de la candidatura Madrid 2020, a la pregunta tema dopaje, la respuesta del presidente del COE, Alejandro [&hellip;]<!-- AddThis Advanced Settings generic via filter on get_the_excerpt --><!-- AddThis Share Buttons generic via filter on get_the_excerpt --><\/p>\n","protected":false},"author":16,"featured_media":0,"comment_status":"open","ping_status":"closed","sticky":false,"template":"","format":"standard","meta":[],"categories":[3,10,14],"tags":[],"_links":{"self":[{"href":"https:\/\/blogs.diariovasco.com\/correrxcorrer\/wp-json\/wp\/v2\/posts\/799"}],"collection":[{"href":"https:\/\/blogs.diariovasco.com\/correrxcorrer\/wp-json\/wp\/v2\/posts"}],"about":[{"href":"https:\/\/blogs.diariovasco.com\/correrxcorrer\/wp-json\/wp\/v2\/types\/post"}],"author":[{"embeddable":true,"href":"https:\/\/blogs.diariovasco.com\/correrxcorrer\/wp-json\/wp\/v2\/users\/16"}],"replies":[{"embeddable":true,"href":"https:\/\/blogs.diariovasco.com\/correrxcorrer\/wp-json\/wp\/v2\/comments?post=799"}],"version-history":[{"count":0,"href":"https:\/\/blogs.diariovasco.com\/correrxcorrer\/wp-json\/wp\/v2\/posts\/799\/revisions"}],"wp:attachment":[{"href":"https:\/\/blogs.diariovasco.com\/correrxcorrer\/wp-json\/wp\/v2\/media?parent=799"}],"wp:term":[{"taxonomy":"category","embeddable":true,"href":"https:\/\/blogs.diariovasco.com\/correrxcorrer\/wp-json\/wp\/v2\/categories?post=799"},{"taxonomy":"post_tag","embeddable":true,"href":"https:\/\/blogs.diariovasco.com\/correrxcorrer\/wp-json\/wp\/v2\/tags?post=799"}],"curies":[{"name":"wp","href":"https:\/\/api.w.org\/{rel}","templated":true}]}}