{"id":805,"date":"2013-09-17T11:57:17","date_gmt":"2013-09-17T10:57:17","guid":{"rendered":"http:\/\/blogs.diariovasco.com\/correrxcorrer\/?p=805"},"modified":"2013-09-17T11:57:17","modified_gmt":"2013-09-17T10:57:17","slug":"champions-basket-nadal-real-sociedad","status":"publish","type":"post","link":"https:\/\/blogs.diariovasco.com\/correrxcorrer\/2013\/09\/17\/champions-basket-nadal-real-sociedad\/","title":{"rendered":"Champions y la Real, basket, Nadal&#8230; disfrutar del momento"},"content":{"rendered":"<p><img loading=\"lazy\" class=\"alignleft size-medium wp-image-806\" title=\"DOCU_DVA DOCU_DVA\" src=\"\/correrxcorrer\/wp-content\/uploads\/sites\/7\/2013\/09\/DF0MH031.jpg\" alt=\"\" width=\"300\" height=\"147\" srcset=\"https:\/\/static-blogs.diariovasco.com\/wp-content\/uploads\/sites\/7\/2013\/09\/DF0MH031.jpg 2531w, https:\/\/static-blogs.diariovasco.com\/wp-content\/uploads\/sites\/7\/2013\/09\/DF0MH031-300x148.jpg 300w, https:\/\/static-blogs.diariovasco.com\/wp-content\/uploads\/sites\/7\/2013\/09\/DF0MH031-768x378.jpg 768w, https:\/\/static-blogs.diariovasco.com\/wp-content\/uploads\/sites\/7\/2013\/09\/DF0MH031-1024x504.jpg 1024w\" sizes=\"(max-width: 300px) 100vw, 300px\" \/>La <strong>Real Sociedad<\/strong> regresa hoy a la<strong> Champions<\/strong> diez a\u00f1os despu\u00e9s; la selecci\u00f3n espa\u00f1ola de baloncesto nos recuerda en este Europeo que las generaciones de oro languidecen con el paso del tiempo; y la bestia <strong>Rafa Nadal<\/strong> avisa que su f\u00edsico tiene l\u00edmites.<\/p>\n<p>Me explico. En ocasiones no somos conscientes de lo ef\u00edmero que puede resultar una \u00e9poca dorada de cierto deporte o deportista. <strong>Creemos que son eternos<\/strong>. Como el momento del tenis femenino con <strong>Arantxa S\u00e1nchez Vicario y Conchita Mart\u00ednez<\/strong>; el mediofondo con <strong>Ferm\u00edn Cacho, Est\u00e9vez,<\/strong> los maratonianos<strong> Fiz, Ant\u00f3n<\/strong>; el ciclismo con <strong>Indurain<\/strong>; waterpolo masculino; judo femenino con medallas ol\u00edmpicas&#8230;<\/p>\n<p>En la actualidad hay una nube con la selecci\u00f3n de f\u00fatbol, la nataci\u00f3n sincronizada y unas pinceladas femeninas en piscina; el waterpolo, tambi\u00e9n femenino; el pirag\u00fcismo tanto en aguas tranquilas como en bravas; el triatl\u00f3n con <strong>G\u00f3mez Noya<\/strong>; y dos cracks en las figuras de Nadal y <strong>Fernando Alonso<\/strong>.<\/p>\n<p>Pero todo llega y todo pasa. Son ciclos. Porque parece complicado tener en breve otro Nadal. Quiz\u00e1s estemos a\u00f1os y a\u00f1os con tenistas espa\u00f1oles, como mucho, en cuartos de final de un grande. Ser\u00eda lo l\u00f3gico. \u00bfCu\u00e1ntos a\u00f1os pasan ya desde los triunfos repetidos de S\u00e1nchez Vicario? Y parec\u00eda que era lo normal y que\u00a0 nunca terminar\u00eda.<\/p>\n<p>O los grandes del 1.500 metros, con medallas en Juegos y Mundiales. Pues este a\u00f1o en el campeonato del mundo solo un participante y no pas\u00f3 de eliminatorias. Y del marat\u00f3n poco que decir. Y es evidente que Indurain era \u00fanico con sus cinco Tour, el \u00faltimo en 1995, hace \u00a118 a\u00f1os!.<\/p>\n<p>Este comentario nace despu\u00e9s de ver a la <strong>selecci\u00f3n espa\u00f1ola de baloncesto<\/strong> que disputa estos d\u00edas el Eurobasket. Sus problemas en la segunda fase se puede traducir en su eliminaci\u00f3n en cuartos ante Serbia. Es posible y no significar\u00eda un drama si pensamos que en el equipo faltan dos de las joyas de este deporte: Pau Gasol y Juan Carlos Navarro. Todos estar\u00e1n en el Mundial de Espa\u00f1a el pr\u00f3ximo a\u00f1o y entonces volver\u00e1 a ser el grupo campe\u00f3n, pero la debilidad demostrada en Eslovenia es la imagen que Espa\u00f1a posiblemente tenga cuando la &#8216;generaci\u00f3n de oro&#8217; decida jubilarse.<\/p>\n<p>Por lo tanto, lo del <strong>&#8216;carpe diem&#8217; es obligado<\/strong> para disfrutar de los momentos exitosos y ser consciente de que nada es eterno. Lo apunto porque esta tarde comienza la Champions un equipo humilde que debe de trabajar mucho para paladear pasteles de hojaldre y crema. Tomo nota y\u00a0 &#8216;aprovecho el momento&#8217; de la Real Sociedad.<\/p>\n<!-- AddThis Advanced Settings generic via filter on the_content --><!-- AddThis Share Buttons generic via filter on the_content -->","protected":false},"excerpt":{"rendered":"<p>La Real Sociedad regresa hoy a la Champions diez a\u00f1os despu\u00e9s; la selecci\u00f3n espa\u00f1ola de baloncesto nos recuerda en este Europeo que las generaciones de oro languidecen con el paso del tiempo; y la bestia Rafa Nadal avisa que su f\u00edsico tiene l\u00edmites. Me explico. En ocasiones no somos conscientes de lo ef\u00edmero que puede [&hellip;]<!-- AddThis Advanced Settings generic via filter on get_the_excerpt --><!-- AddThis Share Buttons generic via filter on get_the_excerpt --><\/p>\n","protected":false},"author":16,"featured_media":0,"comment_status":"open","ping_status":"closed","sticky":false,"template":"","format":"standard","meta":[],"categories":[3],"tags":[],"_links":{"self":[{"href":"https:\/\/blogs.diariovasco.com\/correrxcorrer\/wp-json\/wp\/v2\/posts\/805"}],"collection":[{"href":"https:\/\/blogs.diariovasco.com\/correrxcorrer\/wp-json\/wp\/v2\/posts"}],"about":[{"href":"https:\/\/blogs.diariovasco.com\/correrxcorrer\/wp-json\/wp\/v2\/types\/post"}],"author":[{"embeddable":true,"href":"https:\/\/blogs.diariovasco.com\/correrxcorrer\/wp-json\/wp\/v2\/users\/16"}],"replies":[{"embeddable":true,"href":"https:\/\/blogs.diariovasco.com\/correrxcorrer\/wp-json\/wp\/v2\/comments?post=805"}],"version-history":[{"count":0,"href":"https:\/\/blogs.diariovasco.com\/correrxcorrer\/wp-json\/wp\/v2\/posts\/805\/revisions"}],"wp:attachment":[{"href":"https:\/\/blogs.diariovasco.com\/correrxcorrer\/wp-json\/wp\/v2\/media?parent=805"}],"wp:term":[{"taxonomy":"category","embeddable":true,"href":"https:\/\/blogs.diariovasco.com\/correrxcorrer\/wp-json\/wp\/v2\/categories?post=805"},{"taxonomy":"post_tag","embeddable":true,"href":"https:\/\/blogs.diariovasco.com\/correrxcorrer\/wp-json\/wp\/v2\/tags?post=805"}],"curies":[{"name":"wp","href":"https:\/\/api.w.org\/{rel}","templated":true}]}}