{"id":850,"date":"2013-09-27T12:13:46","date_gmt":"2013-09-27T11:13:46","guid":{"rendered":"http:\/\/blogs.diariovasco.com\/correrxcorrer\/?p=850"},"modified":"2013-09-27T12:13:46","modified_gmt":"2013-09-27T11:13:46","slug":"festival-carreras-populares-atletismo","status":"publish","type":"post","link":"https:\/\/blogs.diariovasco.com\/correrxcorrer\/2013\/09\/27\/festival-carreras-populares-atletismo\/","title":{"rendered":"El festival de carreras populares ya est\u00e1 aqu\u00ed, y con novedades"},"content":{"rendered":"<p><img loading=\"lazy\" class=\"alignleft size-medium wp-image-851\" title=\"DOCU_DVA Cross 3 Playas 14\/10\/2012- foto Jose Ignacio Unanue\" src=\"\/correrxcorrer\/wp-content\/uploads\/sites\/7\/2013\/09\/DF0K4381.jpg\" alt=\"\" width=\"300\" height=\"199\" srcset=\"https:\/\/static-blogs.diariovasco.com\/wp-content\/uploads\/sites\/7\/2013\/09\/DF0K4381.jpg 2500w, https:\/\/static-blogs.diariovasco.com\/wp-content\/uploads\/sites\/7\/2013\/09\/DF0K4381-300x200.jpg 300w, https:\/\/static-blogs.diariovasco.com\/wp-content\/uploads\/sites\/7\/2013\/09\/DF0K4381-768x511.jpg 768w, https:\/\/static-blogs.diariovasco.com\/wp-content\/uploads\/sites\/7\/2013\/09\/DF0K4381-1024x682.jpg 1024w\" sizes=\"(max-width: 300px) 100vw, 300px\" \/>Dos meses de pegarle al asfalto. Dos meses de desgaste de zapatilla. Y es que los dos meses de oro de las carreras populares en Gipuzkoa ya est\u00e1n aqu\u00ed. Aunque algunas pruebas han sido como un entrem\u00e9s, desde este fin de semana arranca la traca de competiciones que en muchas casos son preparatorias de la reina, la Behobia, que se disputa el 10 de noviembre. Despu\u00e9s este ciclo se alarga hasta el 24 de noviembre con el marat\u00f3n de San Sebasti\u00e1n, prueba exigente y que cuenta esta temporada con el aliciente de disputarse el campeonato de Espa\u00f1a. Una parte de la selecci\u00f3n del pr\u00f3ximo campeonato de Europa (Zurich 2014) saldr\u00e1 de las calles donostiarras.<\/p>\n<p>El <strong>Memorial Josetxo Imaz de Ordizi<\/strong>a (en recuerdo del que fuera uno de los precursores y apasionados de este deporte en la zona) es casi siempre un pistoletazo de salida de lujo en este camino en direcci\u00f3n a Behobia. El club <strong>Txindoki<\/strong> siempre transforma la carrera en fiesta y el pelot\u00f3n cercana a los 1.200 atletas. La inscripci\u00f3n en kirolprobak.com va bien. Son 10 kil\u00f3metros facilotes, con salida a las 11 horas. El club organizador aprovecha para hacer promoci\u00f3n con carreras para los m\u00e1s j\u00f3venes en el estadio Altamira. Como novedad, la presencia de patinadores que saldr\u00e1n unos minutos antes que la carrera absoluta.<\/p>\n<p>Este mismo domingo tambi\u00e9n se celebra una de las m\u00e1s j\u00f3venes del calendario: las 5 millas por la Salud Mental. Ocho kil\u00f3metros desde el polideportivo Benta Berri (10 horas). &#8220;Los <strong>beneficios<\/strong> que se obtengan de este evento <strong>se destinar\u00e1n a proyectos y actividades dirigidos a mejorar la calida de vida<\/strong> de las personas con trastornos mentales y sus familiares&#8221;, se\u00f1ala la organizaci\u00f3n Agifes.<\/p>\n<p><strong>Ya en el mes de OCTUBRE:<\/strong><\/p>\n<p><strong>S\u00e1bado 5<\/strong>: Txingudi Korria (organiza Bidasoa). 16.30 h. 10 kil\u00f3metros entre Hendaia y Hondarribia.<\/p>\n<p><strong>S\u00e1bado 5<\/strong>: Zakila Bira. Zumaia. 20 kms. A las 17 horas.<\/p>\n<p><strong>Domingo 6<\/strong>: Donostiako 3M. Carrera desde Igeldo, por Urgull y Ulia&#8230;monta\u00f1a, asfalto, playa, y tres opciones: 8, 11 y 17 kms. Primera edici\u00f3n. Salida 11 h.<\/p>\n<p><strong>S\u00e1bado 12<\/strong>: Prueba entre Arrasate y O\u00f1ati. 11,6 kms.<\/p>\n<p><strong>Domingo 13<\/strong>: Cross Amstel Tres Playas. Salida 11 horas y 10 kms. N\u00famero m\u00e1ximo de corredores 3.200.<\/p>\n<p>Domingo 20: Popular 15 kil\u00f3metros de San Sebasti\u00e1n. Salida 10 h. Participaci\u00f3n hasta 5.000 atletas. Esta edici\u00f3n la carrera tiene una novedad, la celebraci\u00f3n de una carrera exclusiva solo para mujeres (5,5 kms, y a las 9.45 h). Circuito llano y cerrado al tr\u00e1fico.<\/p>\n<p><strong>S\u00e1bado 26<\/strong>: una de las novedades de este a\u00f1o. Prueba en homenaje al ultrafondista eibarr\u00e9s Asier Cuevas. Salida 17.30 horas. Distancia 7,3 kms. Unos 400 participantes para esta primera edici\u00f3n.<\/p>\n<p><strong>Domingo 27<\/strong>: Medio marat\u00f3n de Euskal Herria (San Juan de Luz-Hondarribia). N\u00famero m\u00e1ximo 2.300 atletas. Salida 11 h.<\/p>\n<p><strong>Domingo 27<\/strong>: Popular Lasarte Oria Bai. 10,5 kms. Unos 1.600 participantes. Salida 10.30 h.<\/p>\n<p><strong>Domingo 27<\/strong>: Carrera de Ataun. 17 kms. Unos 300 atletas.<\/p>\n<p>&nbsp;<\/p>\n<p>&nbsp;<\/p>\n<!-- AddThis Advanced Settings generic via filter on the_content --><!-- AddThis Share Buttons generic via filter on the_content -->","protected":false},"excerpt":{"rendered":"<p>Dos meses de pegarle al asfalto. Dos meses de desgaste de zapatilla. Y es que los dos meses de oro de las carreras populares en Gipuzkoa ya est\u00e1n aqu\u00ed. Aunque algunas pruebas han sido como un entrem\u00e9s, desde este fin de semana arranca la traca de competiciones que en muchas casos son preparatorias de la [&hellip;]<!-- AddThis Advanced Settings generic via filter on get_the_excerpt --><!-- AddThis Share Buttons generic via filter on get_the_excerpt --><\/p>\n","protected":false},"author":16,"featured_media":0,"comment_status":"open","ping_status":"closed","sticky":false,"template":"","format":"standard","meta":[],"categories":[22],"tags":[],"_links":{"self":[{"href":"https:\/\/blogs.diariovasco.com\/correrxcorrer\/wp-json\/wp\/v2\/posts\/850"}],"collection":[{"href":"https:\/\/blogs.diariovasco.com\/correrxcorrer\/wp-json\/wp\/v2\/posts"}],"about":[{"href":"https:\/\/blogs.diariovasco.com\/correrxcorrer\/wp-json\/wp\/v2\/types\/post"}],"author":[{"embeddable":true,"href":"https:\/\/blogs.diariovasco.com\/correrxcorrer\/wp-json\/wp\/v2\/users\/16"}],"replies":[{"embeddable":true,"href":"https:\/\/blogs.diariovasco.com\/correrxcorrer\/wp-json\/wp\/v2\/comments?post=850"}],"version-history":[{"count":0,"href":"https:\/\/blogs.diariovasco.com\/correrxcorrer\/wp-json\/wp\/v2\/posts\/850\/revisions"}],"wp:attachment":[{"href":"https:\/\/blogs.diariovasco.com\/correrxcorrer\/wp-json\/wp\/v2\/media?parent=850"}],"wp:term":[{"taxonomy":"category","embeddable":true,"href":"https:\/\/blogs.diariovasco.com\/correrxcorrer\/wp-json\/wp\/v2\/categories?post=850"},{"taxonomy":"post_tag","embeddable":true,"href":"https:\/\/blogs.diariovasco.com\/correrxcorrer\/wp-json\/wp\/v2\/tags?post=850"}],"curies":[{"name":"wp","href":"https:\/\/api.w.org\/{rel}","templated":true}]}}