{"id":870,"date":"2013-10-28T12:27:21","date_gmt":"2013-10-28T11:27:21","guid":{"rendered":"http:\/\/blogs.diariovasco.com\/correrxcorrer\/?p=870"},"modified":"2013-10-28T12:27:21","modified_gmt":"2013-10-28T11:27:21","slug":"carreras-populares-atletismo-behobia","status":"publish","type":"post","link":"https:\/\/blogs.diariovasco.com\/correrxcorrer\/2013\/10\/28\/carreras-populares-atletismo-behobia\/","title":{"rendered":"\u00bfEst\u00e1n perdiendo fuelle las carreras populares?"},"content":{"rendered":"<p><img loading=\"lazy\" class=\"alignleft size-medium wp-image-871\" title=\"DOCU_DVA\" src=\"\/correrxcorrer\/wp-content\/uploads\/sites\/7\/2013\/10\/DF0MPLL3.jpg\" alt=\"\" width=\"300\" height=\"200\" srcset=\"https:\/\/static-blogs.diariovasco.com\/wp-content\/uploads\/sites\/7\/2013\/10\/DF0MPLL3.jpg 1920w, https:\/\/static-blogs.diariovasco.com\/wp-content\/uploads\/sites\/7\/2013\/10\/DF0MPLL3-300x200.jpg 300w, https:\/\/static-blogs.diariovasco.com\/wp-content\/uploads\/sites\/7\/2013\/10\/DF0MPLL3-768x512.jpg 768w, https:\/\/static-blogs.diariovasco.com\/wp-content\/uploads\/sites\/7\/2013\/10\/DF0MPLL3-1024x683.jpg 1024w\" sizes=\"(max-width: 300px) 100vw, 300px\" \/>A dos semanas para la celebraci\u00f3n de la <strong>Behobia San Sebasti\u00e1n<\/strong>, el carrusel de carreras populares casi ha dado el banderazo final. El \u00faltimo fin de semana, el pr\u00f3ximo, es el de &#8216;descanso&#8217; de competiciones. Son casi dos meses de pruebas populares en<strong> Gipuzkoa<\/strong> y otros puntos de <strong>Euskad<\/strong>i, con el objetivo, en muchos casos, de la reina de las populares (d\u00eda 10 de noviembre).<\/p>\n<p>El <strong>an\u00e1lisis general<\/strong> es muy positivo una temporada m\u00e1s. La participaci\u00f3n es notable (3.000 atletas este domingo pasado en la Lasarte-Oria y en Hondarribia) y las organizaciones mejoran en el ciudado del atleta popular. Es cierto que la acumulaci\u00f3n de carreras en esta parte del calendario satura los fines de semanas de septiembre y, sobre todo, de octubre. Es una l\u00e1stima que el reparto de citas atl\u00e9ticas en otros momentos del a\u00f1o no sea m\u00e1s equilibrado. La meteorolog\u00eda frena en invierno los entrenamientos y las ganas de correr. Solo el 31 de diciembre y sus san silvestres, coloca otro pico en la agenda de los populares.<\/p>\n<p>En la <strong>reflexi\u00f3n de este oto\u00f1o<\/strong>, hay que anotar el <strong>descenso de participantes<\/strong> en algunas de las carreras cl\u00e1sicas. El nacimiento de nuevas pruebas, en alg\u00fan caso en territorios cercanos, ha frenado el crecimiento que ven\u00eda siendo habitual en estas citas. Es evidente que disminuye el n\u00famero de atletas que han llegado a meta -el par\u00e1metro m\u00e1s fiable, por encima del dato de inscripci\u00f3n que en ocasiones es inflado-.<\/p>\n<p>No es el caso de la Behobia que mantiene cifras r\u00e9cord, a pesar de que cierra el cupo. El <strong>Medio marat\u00f3n de Euskalherria<\/strong> sufre para alcanzar los 2.000 atletas pero las cifras son buenas y mejoran las de las dos ediciones precedentes. Sin embargo la <strong>Lasarte-Oria<\/strong> ha bajado de la barrera de los 1.000 corredores; en el Memorial <strong>Josetxo Imaz<\/strong> tambi\u00e9n hubo descenso; igualmente en la <strong>Zakila Bira de Zumaia<\/strong>; el <strong>cross de las Tres Playas<\/strong> mantuvo la cifra de 3.000, que es un \u00e9xito pero no hubo crecimiento&#8230;<\/p>\n<p>Hay que esperar a pr\u00f3ximas temporadas para comprobar si el tema es pasajero, aunque la sensaci\u00f3n es de un <strong>relativo pinchazo de las populares<\/strong>. La salud es robusta, s\u00ed, pero ojo que el m\u00fasculo ya no brilla como anta\u00f1o.<\/p>\n<p>&nbsp;<\/p>\n<!-- AddThis Advanced Settings generic via filter on the_content --><!-- AddThis Share Buttons generic via filter on the_content -->","protected":false},"excerpt":{"rendered":"<p>A dos semanas para la celebraci\u00f3n de la Behobia San Sebasti\u00e1n, el carrusel de carreras populares casi ha dado el banderazo final. El \u00faltimo fin de semana, el pr\u00f3ximo, es el de &#8216;descanso&#8217; de competiciones. Son casi dos meses de pruebas populares en Gipuzkoa y otros puntos de Euskadi, con el objetivo, en muchos casos, [&hellip;]<!-- AddThis Advanced Settings generic via filter on get_the_excerpt --><!-- AddThis Share Buttons generic via filter on get_the_excerpt --><\/p>\n","protected":false},"author":16,"featured_media":0,"comment_status":"open","ping_status":"closed","sticky":false,"template":"","format":"standard","meta":[],"categories":[3,16],"tags":[],"_links":{"self":[{"href":"https:\/\/blogs.diariovasco.com\/correrxcorrer\/wp-json\/wp\/v2\/posts\/870"}],"collection":[{"href":"https:\/\/blogs.diariovasco.com\/correrxcorrer\/wp-json\/wp\/v2\/posts"}],"about":[{"href":"https:\/\/blogs.diariovasco.com\/correrxcorrer\/wp-json\/wp\/v2\/types\/post"}],"author":[{"embeddable":true,"href":"https:\/\/blogs.diariovasco.com\/correrxcorrer\/wp-json\/wp\/v2\/users\/16"}],"replies":[{"embeddable":true,"href":"https:\/\/blogs.diariovasco.com\/correrxcorrer\/wp-json\/wp\/v2\/comments?post=870"}],"version-history":[{"count":0,"href":"https:\/\/blogs.diariovasco.com\/correrxcorrer\/wp-json\/wp\/v2\/posts\/870\/revisions"}],"wp:attachment":[{"href":"https:\/\/blogs.diariovasco.com\/correrxcorrer\/wp-json\/wp\/v2\/media?parent=870"}],"wp:term":[{"taxonomy":"category","embeddable":true,"href":"https:\/\/blogs.diariovasco.com\/correrxcorrer\/wp-json\/wp\/v2\/categories?post=870"},{"taxonomy":"post_tag","embeddable":true,"href":"https:\/\/blogs.diariovasco.com\/correrxcorrer\/wp-json\/wp\/v2\/tags?post=870"}],"curies":[{"name":"wp","href":"https:\/\/api.w.org\/{rel}","templated":true}]}}