{"id":883,"date":"2013-11-14T13:06:23","date_gmt":"2013-11-14T12:06:23","guid":{"rendered":"http:\/\/blogs.diariovasco.com\/correrxcorrer\/?p=883"},"modified":"2013-11-14T13:06:23","modified_gmt":"2013-11-14T12:06:23","slug":"maria-vasco-marchadora-atletismo","status":"publish","type":"post","link":"https:\/\/blogs.diariovasco.com\/correrxcorrer\/2013\/11\/14\/maria-vasco-marchadora-atletismo\/","title":{"rendered":"Mucho m\u00e1s que la marchadora que apareci\u00f3 en Intervi\u00fa"},"content":{"rendered":"<p><strong><img loading=\"lazy\" class=\"alignleft size-medium wp-image-884\" title=\"DOCU_GRUPO CAMPEONATO DEL MUNDO DE ATLETISMO OSAKA '07\" src=\"\/correrxcorrer\/wp-content\/uploads\/sites\/7\/2013\/11\/GF0AWDR4.jpg\" alt=\"\" width=\"208\" height=\"300\" srcset=\"https:\/\/static-blogs.diariovasco.com\/wp-content\/uploads\/sites\/7\/2013\/11\/GF0AWDR4.jpg 1248w, https:\/\/static-blogs.diariovasco.com\/wp-content\/uploads\/sites\/7\/2013\/11\/GF0AWDR4-209x300.jpg 209w, https:\/\/static-blogs.diariovasco.com\/wp-content\/uploads\/sites\/7\/2013\/11\/GF0AWDR4-768x1103.jpg 768w, https:\/\/static-blogs.diariovasco.com\/wp-content\/uploads\/sites\/7\/2013\/11\/GF0AWDR4-713x1024.jpg 713w\" sizes=\"(max-width: 208px) 100vw, 208px\" \/>Mar\u00eda Vasco<\/strong> ha escrito la p\u00e1gina m\u00e1s brillante de la marcha femenina espa\u00f1ola. Su palmar\u00e9s tiene decenas de lineas. Y casi todas brillantes. Una es de color bronce y con un peso infinito. <strong>Es la ol\u00edmpica de Sydney en el a\u00f1o 2000<\/strong>. De esa forma la catalana se convert\u00eda en la primera -y por el momento sigue siendo la \u00fanica- atleta es ser medalla en unos Juegos. Ahora, con 37 a\u00f1os, dice adi\u00f3s al atletismo profesional. Se dedicar\u00e1 a pruebas de larga distancia (en medio marat\u00f3n tiene 1h.25 y en el pasado marat\u00f3n donostiarra hizo parte de la carrera) y al duatlon.<\/p>\n<p><strong>La marchadora no solo es historial, es algo m\u00e1s<\/strong>. Es carisma. Ha vendido marcha, atletismo. Ha peleado durante su trayectoria por patrocinadores. Ha llegado al p\u00fablico. Y no solo por aquel posado en Intervi\u00fa. Buena relaciones p\u00fablicas. Ha exigido m\u00e1s presencia en todos los foros. Ha reclamado que los atletas pudieran vivir de su deporte. En los \u00faltimos a\u00f1os fund\u00f3 el Club Mar\u00eda Vasco ante la falta de apoyos. Desde muy joven ten\u00eda un perfil diferente. A\u00fan recuerdo una charla que tuve durante el <strong>campeonato de Europa junior en San Sebasti\u00e1n en 1993<\/strong>. Ella ten\u00eda 18 a\u00f1os y me impresion\u00f3 por su madurez. Me hab\u00edan advertido que aquella marchadora no solo era una promesa (hab\u00eda competido en dos mundiales junior, con 15 y 17 a\u00f1os). Y efectivamente ten\u00edan raz\u00f3n. Mar\u00eda demostraba tener las cosas muy claras. No recuerdo si me dijo que su objetivo era ser medallista ol\u00edmpica. Lo cierto es que siete a\u00f1os despu\u00e9s se llev\u00f3 al cuello ese bronce. Un car\u00e1cter.<\/p>\n<p>Lo cierto es la catalana ha competido en <strong>cinco Juegos Ol\u00edmpicos<\/strong>, y en cuatro de ellos se clasific\u00f3 entre las diez primeras.\u00a0 Tiene otra medalla de bronce en un campeonato del mundo (ha competido en ocho mundiales, de 1995 a 2011, casi nada) y ha sido admirable su regularidad, con pocos abandonos, algo habitual en el mundo de la marcha. Sin embargo, no figuran descalificaciones en su biograf\u00eda y eso s\u00ed que es algo sorprendente.<\/p>\n<p><strong>Con 37 a\u00f1os quiere correr<\/strong>. Sorprende esa frase cuando procede de una atleta que ha estado 17 a\u00f1os en la elite internacional. Claro, antes marchaba. Estoy seguro que har\u00e1 un gui\u00f1o al mundo de la moda. Ella siempre se ha preocupado por su imagen. Y no lo hac\u00eda nada mal. Pero lo m\u00e1s importante de Mar\u00eda Vasco es que tras las tambi\u00e9n catalanas Mar\u00eda Cruz D\u00edaz y Reyes Sobrino, aut\u00e9nticas pioneras de la marcha femenina, es ella quien ha dado solidez a la especialidad. Ahora son otras las que coger\u00e1n el testigo, por ejemplo Julia Takacs, otra ni\u00f1a prodigio.<\/p>\n<p>Que le vaya bonito a Mar\u00eda. Se lo merece.<\/p>\n<!-- AddThis Advanced Settings generic via filter on the_content --><!-- AddThis Share Buttons generic via filter on the_content -->","protected":false},"excerpt":{"rendered":"<p>Mar\u00eda Vasco ha escrito la p\u00e1gina m\u00e1s brillante de la marcha femenina espa\u00f1ola. Su palmar\u00e9s tiene decenas de lineas. Y casi todas brillantes. Una es de color bronce y con un peso infinito. Es la ol\u00edmpica de Sydney en el a\u00f1o 2000. De esa forma la catalana se convert\u00eda en la primera -y por el [&hellip;]<!-- AddThis Advanced Settings generic via filter on get_the_excerpt --><!-- AddThis Share Buttons generic via filter on get_the_excerpt --><\/p>\n","protected":false},"author":16,"featured_media":0,"comment_status":"open","ping_status":"closed","sticky":false,"template":"","format":"standard","meta":[],"categories":[3],"tags":[],"_links":{"self":[{"href":"https:\/\/blogs.diariovasco.com\/correrxcorrer\/wp-json\/wp\/v2\/posts\/883"}],"collection":[{"href":"https:\/\/blogs.diariovasco.com\/correrxcorrer\/wp-json\/wp\/v2\/posts"}],"about":[{"href":"https:\/\/blogs.diariovasco.com\/correrxcorrer\/wp-json\/wp\/v2\/types\/post"}],"author":[{"embeddable":true,"href":"https:\/\/blogs.diariovasco.com\/correrxcorrer\/wp-json\/wp\/v2\/users\/16"}],"replies":[{"embeddable":true,"href":"https:\/\/blogs.diariovasco.com\/correrxcorrer\/wp-json\/wp\/v2\/comments?post=883"}],"version-history":[{"count":0,"href":"https:\/\/blogs.diariovasco.com\/correrxcorrer\/wp-json\/wp\/v2\/posts\/883\/revisions"}],"wp:attachment":[{"href":"https:\/\/blogs.diariovasco.com\/correrxcorrer\/wp-json\/wp\/v2\/media?parent=883"}],"wp:term":[{"taxonomy":"category","embeddable":true,"href":"https:\/\/blogs.diariovasco.com\/correrxcorrer\/wp-json\/wp\/v2\/categories?post=883"},{"taxonomy":"post_tag","embeddable":true,"href":"https:\/\/blogs.diariovasco.com\/correrxcorrer\/wp-json\/wp\/v2\/tags?post=883"}],"curies":[{"name":"wp","href":"https:\/\/api.w.org\/{rel}","templated":true}]}}