{"id":901,"date":"2014-05-09T10:03:04","date_gmt":"2014-05-09T09:03:04","guid":{"rendered":"http:\/\/blogs.diariovasco.com\/correrxcorrer\/?p=901"},"modified":"2014-05-09T10:03:04","modified_gmt":"2014-05-09T09:03:04","slug":"yago-lamela-atletismo-top-ten-todos-los-tiempos","status":"publish","type":"post","link":"https:\/\/blogs.diariovasco.com\/correrxcorrer\/2014\/05\/09\/yago-lamela-atletismo-top-ten-todos-los-tiempos\/","title":{"rendered":"Yago Lamela, un top10 de todos los tiempos"},"content":{"rendered":"<p><img loading=\"lazy\" class=\"alignleft size-medium wp-image-902\" title=\"CAMPEONATO DEL MUNDO DE ATLETISMO SEVILLA 99\" src=\"\/correrxcorrer\/wp-content\/uploads\/sites\/7\/2014\/05\/GF02QE51.jpg\" alt=\"\" width=\"300\" height=\"198\" srcset=\"https:\/\/static-blogs.diariovasco.com\/wp-content\/uploads\/sites\/7\/2014\/05\/GF02QE51.jpg 1753w, https:\/\/static-blogs.diariovasco.com\/wp-content\/uploads\/sites\/7\/2014\/05\/GF02QE51-300x198.jpg 300w, https:\/\/static-blogs.diariovasco.com\/wp-content\/uploads\/sites\/7\/2014\/05\/GF02QE51-768x508.jpg 768w, https:\/\/static-blogs.diariovasco.com\/wp-content\/uploads\/sites\/7\/2014\/05\/GF02QE51-1024x677.jpg 1024w\" sizes=\"(max-width: 300px) 100vw, 300px\" \/>Cuando nos quedamos sin una de las grandes figuras del atletismo, es impensable no realizar un an\u00e1lisis sobre su potencial en su especialidad o en el conjunto del atletismo. Con <strong>Yago Lamela<\/strong> he introducido los datos y recuerdos de su trayectoria como saltador de longitud y la de otras estrellas. Me han llegado las escenas en blanco y negro del donostiarra <strong>Luis Felipe Areta<\/strong> y su puesto de finalista en los <strong>Juegos Ol\u00edmpicos de Tokio64<\/strong>; el muro de los 8 metros con el incombustible <strong>Rafa Blanque<\/strong>r; el elegante <strong>Toni Corgo<\/strong>s y su instant\u00e1nea en las pistas de Vallehermoso, y por supuesto el torbellino Yago Lamela, supercompetidor y con unos tobillos que no parec\u00edan tener l\u00edmites.<\/p>\n<p>Nadie puede poner en duda que Lamela es el <strong>n\u00famero 1 de la longitud espa\u00f1ola.<\/strong> Es, incluso, tercero en una clasificaci\u00f3n europea. Pero podemos ir m\u00e1s all\u00e1. Por sus logros internacionales y marca (8.56 m), es un top entre los atletas espa\u00f1oles en el conjunto de especialidades. <strong>\u00bfD\u00f3nde colocamos ese top?<\/strong> \u00bfEn el 10? \u00bfEn el 15? \u00bfEn el 20?. Cada uno colocar\u00e1 al excepcional saltador en una de esos rankings. A m\u00ed me salen unos 10-15 nombres que pueden codearse con el asturiano. Unos por encima -no muchos-, otros que estar\u00edan en discusi\u00f3n y seg\u00fan cada analista los colocar\u00eda por encima o por debajo del avilesino. Ah\u00ed comenzar\u00edan las discusiones<\/p>\n<p><strong>Tres medallas de plata<\/strong> en campeonatos del mundo, otra en un Europeo, un bronce en un Mundial&#8230; son palabras mayores. Y el registro de 8.56 me obliga a pensar que estoy escribiendo de un top10. Ese registro de 8.56 en el inolvidable campeonato Mundial de Maebashi, pista cubierta, es ahora mismo la marca n\u00famero 13 del mundo de todos los tiempos. En aquel trepidante duelo hasta el \u00faltimo intento con uno de los mejores de todos los tiempos, el cubano <strong>Ivan Pedroso<\/strong>, el espa\u00f1ol oblig\u00f3 al caribe\u00f1o a saltar 8.62 en el sexto intento para llevarse el oro. Como dato: Pedroso solo salt\u00f3 en seis ocasiones m\u00e1s que esa marca y termin\u00f3 su carrera con 8.71. El chaval de las melenas indudablemente le puso contra las cuerdas.<\/p>\n<p>\u00bfQui\u00e9n puede decir lo mismo en el atletismo espa\u00f1ol en cualquiera de las pruebas?<\/p>\n<!-- AddThis Advanced Settings generic via filter on the_content --><!-- AddThis Share Buttons generic via filter on the_content -->","protected":false},"excerpt":{"rendered":"<p>Cuando nos quedamos sin una de las grandes figuras del atletismo, es impensable no realizar un an\u00e1lisis sobre su potencial en su especialidad o en el conjunto del atletismo. Con Yago Lamela he introducido los datos y recuerdos de su trayectoria como saltador de longitud y la de otras estrellas. Me han llegado las escenas [&hellip;]<!-- AddThis Advanced Settings generic via filter on get_the_excerpt --><!-- AddThis Share Buttons generic via filter on get_the_excerpt --><\/p>\n","protected":false},"author":16,"featured_media":0,"comment_status":"closed","ping_status":"closed","sticky":false,"template":"","format":"standard","meta":[],"categories":[3],"tags":[],"_links":{"self":[{"href":"https:\/\/blogs.diariovasco.com\/correrxcorrer\/wp-json\/wp\/v2\/posts\/901"}],"collection":[{"href":"https:\/\/blogs.diariovasco.com\/correrxcorrer\/wp-json\/wp\/v2\/posts"}],"about":[{"href":"https:\/\/blogs.diariovasco.com\/correrxcorrer\/wp-json\/wp\/v2\/types\/post"}],"author":[{"embeddable":true,"href":"https:\/\/blogs.diariovasco.com\/correrxcorrer\/wp-json\/wp\/v2\/users\/16"}],"replies":[{"embeddable":true,"href":"https:\/\/blogs.diariovasco.com\/correrxcorrer\/wp-json\/wp\/v2\/comments?post=901"}],"version-history":[{"count":0,"href":"https:\/\/blogs.diariovasco.com\/correrxcorrer\/wp-json\/wp\/v2\/posts\/901\/revisions"}],"wp:attachment":[{"href":"https:\/\/blogs.diariovasco.com\/correrxcorrer\/wp-json\/wp\/v2\/media?parent=901"}],"wp:term":[{"taxonomy":"category","embeddable":true,"href":"https:\/\/blogs.diariovasco.com\/correrxcorrer\/wp-json\/wp\/v2\/categories?post=901"},{"taxonomy":"post_tag","embeddable":true,"href":"https:\/\/blogs.diariovasco.com\/correrxcorrer\/wp-json\/wp\/v2\/tags?post=901"}],"curies":[{"name":"wp","href":"https:\/\/api.w.org\/{rel}","templated":true}]}}