{"id":112,"date":"2024-10-29T09:31:15","date_gmt":"2024-10-29T08:31:15","guid":{"rendered":"https:\/\/blogs.diariovasco.com\/cronicas-escondidas\/?p=112"},"modified":"2024-10-29T09:31:15","modified_gmt":"2024-10-29T08:31:15","slug":"la-rosa-numero-14","status":"publish","type":"post","link":"https:\/\/blogs.diariovasco.com\/cronicas-escondidas\/2024\/10\/29\/la-rosa-numero-14\/","title":{"rendered":"La rosa n\u00famero 14"},"content":{"rendered":"<p><span style=\"font-weight: 400;\">Madrid a 5 de agosto de 1939.\u00a0\u00a0<\/span><\/p>\n<p>&nbsp;<\/p>\n<p><span style=\"font-weight: 400;\">La noche era extremadamente calurosa. Anunciaba muertes injustas y venganza a partes iguales.\u00a0<\/span><\/p>\n<p>&nbsp;<\/p>\n<p><span style=\"font-weight: 400;\">\u2014 \u00a1Las que vaya nombrando, salen al patio y se ponen frente al pelot\u00f3n de fusilamiento! \u2014 dijo el militar con voz imperativa y odio sin l\u00edmite alguno.\u00a0<\/span><\/p>\n<p><span style=\"font-weight: 400;\">\u2014 \u00a1Carmen Barrero Aguado!\u00a0<\/span><\/p>\n<p><span style=\"font-weight: 400;\">\u2014 \u00a1Martina Barroso Garc\u00eda!\u00a0<\/span><\/p>\n<p><span style=\"font-weight: 400;\">\u2014 \u00a1Blanca Brisac V\u00e1zquez!\u00a0<\/span><\/p>\n<p><span style=\"font-weight: 400;\">\u2014 \u00a1Pilar Bueno Ib\u00e1\u00f1ez!\u00a0<\/span><\/p>\n<p><span style=\"font-weight: 400;\">\u2014 \u00a1Julia Conesa Conesa!\u00a0<\/span><\/p>\n<p><span style=\"font-weight: 400;\">\u2014 \u00a1Adelina Garc\u00eda Casillas!\u00a0<\/span><\/p>\n<p><span style=\"font-weight: 400;\">\u2014 \u00a1Elena Gil Olaya!\u00a0<\/span><\/p>\n<p><span style=\"font-weight: 400;\">\u2014 \u00a1Virtudes Gonz\u00e1lez Garc\u00eda!\u00a0<\/span><\/p>\n<p><span style=\"font-weight: 400;\">\u2014 \u00a1Ana L\u00f3pez Gallego!\u00a0<\/span><\/p>\n<p><span style=\"font-weight: 400;\">\u2014 \u00a1Joaquina L\u00f3pez Lafitte!\u00a0<\/span><\/p>\n<p><span style=\"font-weight: 400;\">\u2014 \u00a1Dionisia Manzanero Salas!\u00a0<\/span><\/p>\n<p><span style=\"font-weight: 400;\">\u2014 \u00a1Victoria Mu\u00f1oz Garc\u00eda!\u00a0<\/span><\/p>\n<p><span style=\"font-weight: 400;\">\u2014 \u00a1Luisa Rodr\u00edguez de la Fuente!\u00a0<\/span><\/p>\n<p>&nbsp;<\/p>\n<p><span style=\"font-weight: 400;\">Las 13 mujeres, a las que con el tiempo y la memoria conocemos como \u201cLas 13 rosas\u201d, salieron al patio aterradas, resignadas y unidas hasta el \u00faltimo momento.\u00a0<\/span><\/p>\n<p>&nbsp;<\/p>\n<p><span style=\"font-weight: 400;\">\u2014\u00a1 Y a estas 13 zorras les acompa\u00f1ar\u00e1 el hijo de la gran puta Antonio Torre Yela! \u2014 continu\u00f3 el militar.\u00a0<\/span><\/p>\n<p><span style=\"font-weight: 400;\">\u2014 \u00a1Antonio Torre Yela! \u2014 repiti\u00f3 con gran enfado.\u00a0<\/span><\/p>\n<p><span style=\"font-weight: 400;\">\u2014 \u00bfNo sales?\u00a0<\/span><\/p>\n<p><span style=\"font-weight: 400;\">\u2014 \u00a1Ya te sacar\u00e9 yo! \u2014 respondi\u00f3 \u00e9l mismo ante un silencio sepulcral.\u00a0<\/span><\/p>\n<p>&nbsp;<\/p>\n<p><span style=\"font-weight: 400;\">Despu\u00e9s de m\u00e1s de una hora, el pelot\u00f3n de fusilamiento realiz\u00f3 su cometido; que no era otro que asesinar a 13 mujeres j\u00f3venes de las Juventudes Socialistas Unificadas, que su \u00fanico delito era haberse apuntado a dicha organizaci\u00f3n para aprender diferentes cursos, como por ejemplo coser. Aunque oficialmente, el Consejo Permanente de Guerra, las fusilaron por \u201cser responsables de un delito de adhesi\u00f3n a la rebeli\u00f3n\u201d.\u00a0<\/span><\/p>\n<p>&nbsp;<\/p>\n<p><span style=\"font-weight: 400;\">Madrid a 19 de febrero de 1940.\u00a0<\/span><\/p>\n<p>&nbsp;<\/p>\n<p><span style=\"font-weight: 400;\">\u2014 \u00a1Antonia Torre Yela!\u00a0<\/span><\/p>\n<p><span style=\"font-weight: 400;\">\u2014 Presente \u2014 contest\u00f3 ella con voz tr\u00e9mula.\u00a0<\/span><\/p>\n<p><span style=\"font-weight: 400;\">\u2014 \u00a1Salga al patio y p\u00f3ngase frente al pelot\u00f3n de fusilamiento! \u2014 grit\u00f3 el militar con una sonrisa en el rostro.\u00a0<\/span><\/p>\n<p>&nbsp;<\/p>\n<p><span style=\"font-weight: 400;\">As\u00ed fue c\u00f3mo la rosa n\u00famero 14 perdi\u00f3 la vida aunque durante m\u00e1s de 6 meses la salv\u00f3 porque al entrar en prisi\u00f3n, el secretario apunt\u00f3 Antonio en vez de Antonia.\u00a0<\/span><\/p>\n<p>&nbsp;<\/p>\n<p><span style=\"font-weight: 400;\">Quiero recordar que este relato es un hecho real.<\/span><\/p>\n<p>&nbsp;<\/p>\n","protected":false},"excerpt":{"rendered":"<p>Madrid a 5 de agosto de 1939.\u00a0\u00a0 &nbsp; La noche era extremadamente calurosa. Anunciaba muertes injustas y venganza a partes iguales.\u00a0 &nbsp; \u2014 \u00a1Las que vaya nombrando, salen al patio y se ponen frente al pelot\u00f3n de fusilamiento! \u2014 dijo el militar con voz imperativa y odio sin l\u00edmite alguno.\u00a0 \u2014 \u00a1Carmen Barrero Aguado!\u00a0 \u2014 [&hellip;]<\/p>\n","protected":false},"author":22346,"featured_media":0,"comment_status":"open","ping_status":"closed","sticky":false,"template":"","format":"standard","meta":[],"categories":[1],"tags":[],"_links":{"self":[{"href":"https:\/\/blogs.diariovasco.com\/cronicas-escondidas\/wp-json\/wp\/v2\/posts\/112"}],"collection":[{"href":"https:\/\/blogs.diariovasco.com\/cronicas-escondidas\/wp-json\/wp\/v2\/posts"}],"about":[{"href":"https:\/\/blogs.diariovasco.com\/cronicas-escondidas\/wp-json\/wp\/v2\/types\/post"}],"author":[{"embeddable":true,"href":"https:\/\/blogs.diariovasco.com\/cronicas-escondidas\/wp-json\/wp\/v2\/users\/22346"}],"replies":[{"embeddable":true,"href":"https:\/\/blogs.diariovasco.com\/cronicas-escondidas\/wp-json\/wp\/v2\/comments?post=112"}],"version-history":[{"count":1,"href":"https:\/\/blogs.diariovasco.com\/cronicas-escondidas\/wp-json\/wp\/v2\/posts\/112\/revisions"}],"predecessor-version":[{"id":113,"href":"https:\/\/blogs.diariovasco.com\/cronicas-escondidas\/wp-json\/wp\/v2\/posts\/112\/revisions\/113"}],"wp:attachment":[{"href":"https:\/\/blogs.diariovasco.com\/cronicas-escondidas\/wp-json\/wp\/v2\/media?parent=112"}],"wp:term":[{"taxonomy":"category","embeddable":true,"href":"https:\/\/blogs.diariovasco.com\/cronicas-escondidas\/wp-json\/wp\/v2\/categories?post=112"},{"taxonomy":"post_tag","embeddable":true,"href":"https:\/\/blogs.diariovasco.com\/cronicas-escondidas\/wp-json\/wp\/v2\/tags?post=112"}],"curies":[{"name":"wp","href":"https:\/\/api.w.org\/{rel}","templated":true}]}}