{"id":532,"date":"2015-03-18T14:52:00","date_gmt":"2015-03-18T13:52:00","guid":{"rendered":"http:\/\/blogs.diariovasco.com\/delmundoalmonte\/?p=532"},"modified":"2015-03-18T14:52:00","modified_gmt":"2015-03-18T13:52:00","slug":"como-me-gusta-viajar","status":"publish","type":"post","link":"https:\/\/blogs.diariovasco.com\/delmundoalmonte\/2015\/03\/18\/como-me-gusta-viajar\/","title":{"rendered":"\u00a1C\u00f3mo me gusta viajar!"},"content":{"rendered":"<p><span style=\"font-family: Calibri; font-size: small;\">No s\u00e9 que fue lo primero, si el huevo o la gallina. Pues algo as\u00ed me pasa cuando tengo que discernir si viajo por ir a alguna monta\u00f1a de este gran planeta que es la Tierra, o voy a la monta\u00f1a por todo lo que encierra en s\u00ed el viaje. En cualquier caso, como titulo hoy el blog, \u00a1c\u00f3mo me gusta viajar!<\/span><\/p>\n<p>He de reconocer que no hago tantos post en el blog como me gustar\u00eda \u00a1c\u00f3mo hablo ya, \u00bfeh?, en qu\u00e9 t\u00e9rminos: post, blog&#8230;!, en fin que uno es bloguero, pero no por naturaleza&#8230;, que quede claro.<\/p>\n<p><span style=\"font-family: Calibri; font-size: small;\"><a href=\"\/delmundoalmonte\/wp-content\/uploads\/sites\/26\/2015\/03\/IMG_9288-los-bayaka.jpg\"><img loading=\"lazy\" class=\"alignleft size-medium wp-image-533\" title=\"conviviendo con los bayaka en RCA\" src=\"\/delmundoalmonte\/wp-content\/uploads\/sites\/26\/2015\/03\/IMG_9288-los-bayaka.jpg\" alt=\"\" width=\"300\" height=\"224\" srcset=\"https:\/\/static-blogs.diariovasco.com\/wp-content\/uploads\/sites\/26\/2015\/03\/IMG_9288-los-bayaka.jpg 730w, https:\/\/static-blogs.diariovasco.com\/wp-content\/uploads\/sites\/26\/2015\/03\/IMG_9288-los-bayaka-300x225.jpg 300w\" sizes=\"(max-width: 300px) 100vw, 300px\" \/><\/a><\/span>En julio del pasado a\u00f1o \u00a1cu\u00e1nto tiempo ha pasado! escrib\u00eda casi el \u00faltimo blog del a\u00f1o anunciando que ya hab\u00edamos decidido el viaje del verano. Nos fuimos \u00c0ngels y yo a <strong>Camer\u00fan<\/strong> y la <strong>Rep\u00fablica<\/strong> <strong>Centroafricana<\/strong>. \u00a1Pedazo de viaje! que si me dej\u00e1is yo os lo contar\u00e9 porque merece cap\u00edtulo aparte.<\/p>\n<p>&nbsp;<\/p>\n<p>&nbsp;<\/p>\n<p>&nbsp;<\/p>\n<p>&nbsp;<\/p>\n<p>&nbsp;<\/p>\n<p>&nbsp;<\/p>\n<p>Despu\u00e9s, en diciembre estuve en las monta\u00f1as <strong>Cederberg<\/strong> en <strong>Sud\u00e1frica<\/strong>, \u00a1maravillosas!, y gran vuelta por la pen\u00ednsula del Cabo y Cape Tow. Tambi\u00e9n os lo puedo contar.<span style=\"font-family: Calibri; font-size: small;\"><a href=\"\/delmundoalmonte\/wp-content\/uploads\/sites\/26\/2015\/03\/IMG_3040-red.jpg\"><img loading=\"lazy\" class=\"alignright size-medium wp-image-534\" title=\"en las monta\u00f1as cederberg de sud\u00e1frica\" src=\"\/delmundoalmonte\/wp-content\/uploads\/sites\/26\/2015\/03\/IMG_3040-red.jpg\" alt=\"\" width=\"300\" height=\"225\" srcset=\"https:\/\/static-blogs.diariovasco.com\/wp-content\/uploads\/sites\/26\/2015\/03\/IMG_3040-red.jpg 1824w, https:\/\/static-blogs.diariovasco.com\/wp-content\/uploads\/sites\/26\/2015\/03\/IMG_3040-red-300x225.jpg 300w, https:\/\/static-blogs.diariovasco.com\/wp-content\/uploads\/sites\/26\/2015\/03\/IMG_3040-red-768x576.jpg 768w, https:\/\/static-blogs.diariovasco.com\/wp-content\/uploads\/sites\/26\/2015\/03\/IMG_3040-red-1024x768.jpg 1024w\" sizes=\"(max-width: 300px) 100vw, 300px\" \/><\/a><\/span><\/p>\n<p>Y desped\u00eda el a\u00f1o en mi blog el 31 de diciembre pasado, con otra entrada deseando a mis queridos seguidores un feliz a\u00f1o 2015 cargado de monta\u00f1a, viajes y aventura. Y ya la siguiente entrada fue la pasada semana que os contaba alguna cosa de la <strong>ALTITOY TERNUA<\/strong>,\u00a0y a partir de ah\u00ed quiero darle una continuidad y que haga de nexo de uni\u00f3n entre todos vosotros y mis viajes. Porque, insisto, me gusta viajar&#8230; Y me gusta cont\u00e1roslo porque s\u00e9 que os gusta que os lo cuente&#8230; \u00a0Y aqu\u00ed estoy de nuevo esta semana cont\u00e1ndoos cosas.<\/p>\n<p><span style=\"font-family: Calibri; font-size: small;\"><a href=\"\/delmundoalmonte\/wp-content\/uploads\/sites\/26\/2015\/03\/twitter.jpg\"><img loading=\"lazy\" class=\"alignleft size-full wp-image-536\" title=\"twitter\" src=\"\/delmundoalmonte\/wp-content\/uploads\/sites\/26\/2015\/03\/twitter.jpg\" alt=\"\" width=\"121\" height=\"98\" \/><\/a><\/span>Y para contaros m\u00e1s cosas que sep\u00e1is que me he dado, bueno, me han dado mis colegas de Teledonosti y DV (\u00a1eh Isa e I\u00f1igo E.!) de alta en twitter, as\u00ed que, adem\u00e1s de bloguero, ya soy twitero. A este paso tendr\u00e9 que cantar la canci\u00f3n que tanto me gusta de \u00a1Soy minero, que diga, twitero&#8230;! Mi tweet es: <strong>@jmsotillos<\/strong><\/p>\n<p><span style=\"font-family: Calibri; font-size: small;\"><span style=\"font-family: Calibri; font-size: small;\"><a href=\"\/delmundoalmonte\/wp-content\/uploads\/sites\/26\/2015\/03\/rikardo-idiakez-con-jms.jpg\"><img loading=\"lazy\" class=\"alignleft size-medium wp-image-535\" title=\"Entrego a Rikardo Idiakez, Director de Comunicaci\u00f3n de TERNUA GROUP las fotos de la Ant\u00e1rtida\" src=\"\/delmundoalmonte\/wp-content\/uploads\/sites\/26\/2015\/03\/rikardo-idiakez-con-jms.jpg\" alt=\"\" width=\"300\" height=\"225\" srcset=\"https:\/\/static-blogs.diariovasco.com\/wp-content\/uploads\/sites\/26\/2015\/03\/rikardo-idiakez-con-jms.jpg 2000w, https:\/\/static-blogs.diariovasco.com\/wp-content\/uploads\/sites\/26\/2015\/03\/rikardo-idiakez-con-jms-300x225.jpg 300w, https:\/\/static-blogs.diariovasco.com\/wp-content\/uploads\/sites\/26\/2015\/03\/rikardo-idiakez-con-jms-768x576.jpg 768w, https:\/\/static-blogs.diariovasco.com\/wp-content\/uploads\/sites\/26\/2015\/03\/rikardo-idiakez-con-jms-1024x768.jpg 1024w\" sizes=\"(max-width: 300px) 100vw, 300px\" \/><\/a><\/span><strong>La Ant\u00e1rtida, tres a\u00f1os despu\u00e9s<\/strong><\/span><\/p>\n<p><span style=\"font-family: Calibri; font-size: small;\">Fue del primer viaje que habl\u00e9 en el blog porque era cuando me estrenaba como bloguero en EL DIARIO VASCO. La Ant\u00e1rtida fue, como ya dije de \u00e9l EL VIAJE del que ya di buena cuenta de \u00e9l hace tres a\u00f1os. Y ahora, tres a\u00f1os despu\u00e9s, vuelvo a escribir de ello. \u00bfPorqu\u00e9?, simplemente porque a aquella expedici\u00f3n del fr\u00edo fui equipado perfectamente con una estupenda ropa de Ternua y a cambio les promet\u00ed unas fotos. Diferentes circunstancias han hecho que se atrasara mi entrega de las fotos al llamado ahora Ternua Group. Pero como dec\u00eda el poeta, todo pasa y todo queda (lo cambio por llega\u2026) Y ha llegado el momento, el pasado lunes hice entrega a Ternua de las fotos y para inmortalizar el momento nos hicimos una foto <strong>Rikardo Idiakez<\/strong>, Director de Comunicaci\u00f3n de <strong>Ternua Group<\/strong> (<a href=\"http:\/\/www.ternua.com\" rel=\"external nofollow\">www.ternua.com<\/a>) y yo entreg\u00e1ndole una de las fotograf\u00edas que me hice con la estupenda equipaci\u00f3n que me llev\u00e9 a la Ant\u00e1rtida.<\/span><\/p>\n<p><span style=\"font-family: Calibri; font-size: small;\">Ahora con la intenci\u00f3n de volver a mantener activo este blog os seguir\u00e9 escribiendo de monta\u00f1a, viajes y aventuras. Atentos pues\u2026, porque \u00a1c\u00f3mo me gusta viajar&#8230;!<\/span><\/p>\n<!-- AddThis Advanced Settings generic via filter on the_content --><!-- AddThis Share Buttons generic via filter on the_content -->","protected":false},"excerpt":{"rendered":"<p>No s\u00e9 que fue lo primero, si el huevo o la gallina. Pues algo as\u00ed me pasa cuando tengo que discernir si viajo por ir a alguna monta\u00f1a de este gran planeta que es la Tierra, o voy a la monta\u00f1a por todo lo que encierra en s\u00ed el viaje. En cualquier caso, como titulo [&hellip;]<!-- AddThis Advanced Settings generic via filter on get_the_excerpt --><!-- AddThis Share Buttons generic via filter on get_the_excerpt --><\/p>\n","protected":false},"author":46,"featured_media":0,"comment_status":"open","ping_status":"closed","sticky":false,"template":"","format":"standard","meta":[],"categories":[3,5,6],"tags":[],"_links":{"self":[{"href":"https:\/\/blogs.diariovasco.com\/delmundoalmonte\/wp-json\/wp\/v2\/posts\/532"}],"collection":[{"href":"https:\/\/blogs.diariovasco.com\/delmundoalmonte\/wp-json\/wp\/v2\/posts"}],"about":[{"href":"https:\/\/blogs.diariovasco.com\/delmundoalmonte\/wp-json\/wp\/v2\/types\/post"}],"author":[{"embeddable":true,"href":"https:\/\/blogs.diariovasco.com\/delmundoalmonte\/wp-json\/wp\/v2\/users\/46"}],"replies":[{"embeddable":true,"href":"https:\/\/blogs.diariovasco.com\/delmundoalmonte\/wp-json\/wp\/v2\/comments?post=532"}],"version-history":[{"count":0,"href":"https:\/\/blogs.diariovasco.com\/delmundoalmonte\/wp-json\/wp\/v2\/posts\/532\/revisions"}],"wp:attachment":[{"href":"https:\/\/blogs.diariovasco.com\/delmundoalmonte\/wp-json\/wp\/v2\/media?parent=532"}],"wp:term":[{"taxonomy":"category","embeddable":true,"href":"https:\/\/blogs.diariovasco.com\/delmundoalmonte\/wp-json\/wp\/v2\/categories?post=532"},{"taxonomy":"post_tag","embeddable":true,"href":"https:\/\/blogs.diariovasco.com\/delmundoalmonte\/wp-json\/wp\/v2\/tags?post=532"}],"curies":[{"name":"wp","href":"https:\/\/api.w.org\/{rel}","templated":true}]}}