{"id":1002,"date":"2017-05-01T19:00:10","date_gmt":"2017-05-01T17:00:10","guid":{"rendered":"http:\/\/blogs.diariovasco.com\/desde-banquillo\/?p=1001"},"modified":"2017-05-01T19:00:10","modified_gmt":"2017-05-01T17:00:10","slug":"el-equipo-acabo-fundido","status":"publish","type":"post","link":"https:\/\/blogs.diariovasco.com\/desde-banquillo\/2017\/05\/01\/el-equipo-acabo-fundido\/","title":{"rendered":"El equipo acab\u00f3 fundido"},"content":{"rendered":"<p>La<strong> Real Sociedad<\/strong> recib\u00eda en Anoeta al Granada C.F, un equipo al que s\u00f3lo le val\u00eda la victoria para evitar el descenso. El entrenador del club granadino Tony Adams manifestaba antes del inicio del encuentro sus buenas sensaciones, pero al finalizar el partido el club nazar\u00ed descend\u00eda en la jornada 35 de liga.<br \/>\nEusebio Sacrist\u00e1n no pudo convocar ni a I\u00f1igo Mart\u00ednez, ni Willian Jos\u00e9 por lesi\u00f3n. En sustituci\u00f3n entraron en la convocatoria Mikel Gonz\u00e1lez y David Concha, despu\u00e9s de cinco jornadas sin contar para el entrenador vallisoletano.<br \/>\nLa &#8216;cl\u00e1usula del miedo&#8217; impidi\u00f3 al ex-realista H\u00e9ctor jugar en Anoeta. El M\u00edster del Granada CF convoc\u00f3 a los canteranos Entrena y Estupi\u00f1an, y quedaron fuera de la lista Lomban, Kone, Wakaso, Krihin y Carcela.<br \/>\nEn primer tiempo del partido la<strong> Real Sociedad<\/strong> no logr\u00f3 generar grandes ocasiones de peligro hasta el minuto 44, cuando Carlos Vela marc\u00f3 el 1-0. El Granada estuvo m\u00e1s activo que el equipo txuri- urdin, llegando al \u00e1rea rival. El equipo granadino gener\u00f3 una ocasi\u00f3n de peligro en el minuto 25, gracias a un error de Oyarzabal, cuando Pereira lanz\u00f3 un tiro de peligro desde fuera del \u00e1rea que despej\u00f3 Rulli.<br \/>\nEl segundo tiempo el juego fue m\u00e1s din\u00e1mico por parte de ambos equipos. La gran ocasi\u00f3n de peligro del equipo Nazar\u00ed lleg\u00f3 en el minuto 65 cuando el conjunto realista perdon\u00f3 un centro desde el costado derecho de Foulquier, que fue rematado con mucha inteligencia al poste del centro cogiendo a Rulli a contrapi\u00e9 por el atacante Gustavo Ramos. Los granadinos cogieron aire y llegaron a creer en una remontada que les salvar\u00eda en esta jornada del descenso a Segunda Divisi\u00f3n. La <strong>Real Sociedad<\/strong> se jugaba mucho y quer\u00eda marcar el segundo para seguir peleando por una plaza en Europa. Juanmi materializ\u00f3 ese deseo en gol en el minuto 83, con un tiro que desvi\u00f3 con la punta de los dedos Ochoa al larguero y despu\u00e9s en un pase magistral de Canales, con un Illarra en fuera de juego que despista al central nazar\u00ed y entra Juanmi desde atr\u00e1s en posici\u00f3n legal, para marcar el segundo del partido. Un jarro de agua fr\u00eda para el Granada que se despide de la Liga Santander en la jornada 35 sin haber ganado un partido fuera de casa. En cambio, la <strong>Real Sociedad<\/strong> ha sumado nueve puntos en los \u00faltimos tres partidos y sue\u00f1a con finalizar la Liga en puestos europeos. Para el equipo txuri-urdin los pr\u00f3ximos tres encuentros son finales que disputar\u00e1n ante el Sevilla, M\u00e1laga y Celta de Vigo.<\/p>\n<!-- AddThis Advanced Settings generic via filter on the_content --><!-- AddThis Share Buttons generic via filter on the_content -->","protected":false},"excerpt":{"rendered":"<p>La Real Sociedad recib\u00eda en Anoeta al Granada C.F, un equipo al que s\u00f3lo le val\u00eda la victoria para evitar el descenso. El entrenador del club granadino Tony Adams manifestaba antes del inicio del encuentro sus buenas sensaciones, pero al finalizar el partido el club nazar\u00ed descend\u00eda en la jornada 35 de liga. Eusebio Sacrist\u00e1n [&hellip;]<!-- AddThis Advanced Settings generic via filter on get_the_excerpt --><!-- AddThis Share Buttons generic via filter on get_the_excerpt --><\/p>\n","protected":false},"author":106,"featured_media":0,"comment_status":"open","ping_status":"closed","sticky":false,"template":"","format":"standard","meta":[],"categories":[4],"tags":[],"_links":{"self":[{"href":"https:\/\/blogs.diariovasco.com\/desde-banquillo\/wp-json\/wp\/v2\/posts\/1002"}],"collection":[{"href":"https:\/\/blogs.diariovasco.com\/desde-banquillo\/wp-json\/wp\/v2\/posts"}],"about":[{"href":"https:\/\/blogs.diariovasco.com\/desde-banquillo\/wp-json\/wp\/v2\/types\/post"}],"author":[{"embeddable":true,"href":"https:\/\/blogs.diariovasco.com\/desde-banquillo\/wp-json\/wp\/v2\/users\/106"}],"replies":[{"embeddable":true,"href":"https:\/\/blogs.diariovasco.com\/desde-banquillo\/wp-json\/wp\/v2\/comments?post=1002"}],"version-history":[{"count":0,"href":"https:\/\/blogs.diariovasco.com\/desde-banquillo\/wp-json\/wp\/v2\/posts\/1002\/revisions"}],"wp:attachment":[{"href":"https:\/\/blogs.diariovasco.com\/desde-banquillo\/wp-json\/wp\/v2\/media?parent=1002"}],"wp:term":[{"taxonomy":"category","embeddable":true,"href":"https:\/\/blogs.diariovasco.com\/desde-banquillo\/wp-json\/wp\/v2\/categories?post=1002"},{"taxonomy":"post_tag","embeddable":true,"href":"https:\/\/blogs.diariovasco.com\/desde-banquillo\/wp-json\/wp\/v2\/tags?post=1002"}],"curies":[{"name":"wp","href":"https:\/\/api.w.org\/{rel}","templated":true}]}}