{"id":1004,"date":"2017-05-02T09:23:52","date_gmt":"2017-05-02T07:23:52","guid":{"rendered":"http:\/\/blogs.diariovasco.com\/desde-banquillo\/?p=1004"},"modified":"2017-05-02T09:23:52","modified_gmt":"2017-05-02T07:23:52","slug":"tres-finale","status":"publish","type":"post","link":"https:\/\/blogs.diariovasco.com\/desde-banquillo\/2017\/05\/02\/tres-finale\/","title":{"rendered":"Tres finales"},"content":{"rendered":"<p>Todos sabemos que nos quedan tres finales y son muy exigentes por los resultados que vienen consiguiendo y el estado de forma de los rivales directos como son el Villarreal y el Athletic de Bilbao. Creo que es muy dif\u00edcil coger a dos equipos muy enchufados. Hemos llegado a ese momento que hay que ser muy profesionales y competitivos para soportar la presi\u00f3n jugando al limite de nuestras posibilidades, sabiendo lo que hacen los dos rivales antes y despu\u00e9s de competir nosotros, pero esa presi\u00f3n debe de ser le\u00edda como un reto para despu\u00e9s convertirla en la ilusi\u00f3n y la alegr\u00eda de cumplir los objetivos marcados al comienzo de la liga.<\/p>\n<p>S\u00e9 positivamente que el equipo llega muy cargado de piernas a estos tres \u00faltimos desaf\u00edos ya que se han utilizado entre 14 o 15 futbolistas en las dos competiciones es decir 35 partidos de Liga Santander y 6 partidos a doble vuelta en la Copa del Rey. Tambi\u00e9n s\u00e9 que jugar jueves, lunes, viernes, s\u00e1bados, domingos seg\u00fan cuadre y como mandan las televisiones no es lo mas apropiado. Adem\u00e1s como entrenador s\u00e9 que hay que dar pausa y descanso a los compa\u00f1eros m\u00e1s cansados por el bien del equipo. Solo Eusebio, Carlos y Labaka con su equipo de trabajo saben de verdad como conseguir los puntos en las tres finales que nos quedan en Sevilla, Anoeta y en Vigo ya que ellos de primera mano saben a la perfecci\u00f3n el estado de forma real de cada jugador para dar el m\u00e1ximo rendimientos en estos \u00faltimos tres partidos de competici\u00f3n para al final, sin mirar a nadie, dejarnos donde merecemos. En ese sentido despu\u00e9s de 38 jornadas de liga la competici\u00f3n es tan implacable que te pone donde te corresponde. Es as\u00ed con alegr\u00edas o decepciones.<\/p>\n<p>La primera cita nos llega contra el Sevilla en el S\u00e1nchez Pizjuan, conjunto que solo ha perdido un encuentro en su casa ante el Barcelona y ha empatado dos en el mismo escenario ante el Villarreal \u00a0y el Legan\u00e9s. Si ese Sevilla que conoce nuestras virtudes y nuestros defectos, adem\u00e1s de nuestros puntos d\u00e9biles y nuestros puntos fuertes ya que tanto Juanma Lillo como I\u00f1igo Dominguez, componentes del cuadro t\u00e9cnico de Sampaoli, han entrenado a muchos jugadores que saltaran al verde en la ciudad que tiene un color especial.<\/p>\n<p>La obligaci\u00f3n de ganar los tres encuentros que nos quedan est\u00e1 muy relacionada con esas palabras m\u00e1gicas que son implicaci\u00f3n, compromiso, responsabilidad de unos futbolistas que quieren meterse en una competici\u00f3n europea sin el riesgo de dos partidos previos all\u00e1 por el mes de agosto y s\u00e9 positivamente que lo van a pelear con todas sus fuerzas sin ning\u00fan genero de dudas.<\/p>\n<!-- AddThis Advanced Settings generic via filter on the_content --><!-- AddThis Share Buttons generic via filter on the_content -->","protected":false},"excerpt":{"rendered":"<p>Todos sabemos que nos quedan tres finales y son muy exigentes por los resultados que vienen consiguiendo y el estado de forma de los rivales directos como son el Villarreal y el Athletic de Bilbao. Creo que es muy dif\u00edcil coger a dos equipos muy enchufados. Hemos llegado a ese momento que hay que ser [&hellip;]<!-- AddThis Advanced Settings generic via filter on get_the_excerpt --><!-- AddThis Share Buttons generic via filter on get_the_excerpt --><\/p>\n","protected":false},"author":106,"featured_media":0,"comment_status":"open","ping_status":"closed","sticky":false,"template":"","format":"standard","meta":[],"categories":[4],"tags":[],"_links":{"self":[{"href":"https:\/\/blogs.diariovasco.com\/desde-banquillo\/wp-json\/wp\/v2\/posts\/1004"}],"collection":[{"href":"https:\/\/blogs.diariovasco.com\/desde-banquillo\/wp-json\/wp\/v2\/posts"}],"about":[{"href":"https:\/\/blogs.diariovasco.com\/desde-banquillo\/wp-json\/wp\/v2\/types\/post"}],"author":[{"embeddable":true,"href":"https:\/\/blogs.diariovasco.com\/desde-banquillo\/wp-json\/wp\/v2\/users\/106"}],"replies":[{"embeddable":true,"href":"https:\/\/blogs.diariovasco.com\/desde-banquillo\/wp-json\/wp\/v2\/comments?post=1004"}],"version-history":[{"count":0,"href":"https:\/\/blogs.diariovasco.com\/desde-banquillo\/wp-json\/wp\/v2\/posts\/1004\/revisions"}],"wp:attachment":[{"href":"https:\/\/blogs.diariovasco.com\/desde-banquillo\/wp-json\/wp\/v2\/media?parent=1004"}],"wp:term":[{"taxonomy":"category","embeddable":true,"href":"https:\/\/blogs.diariovasco.com\/desde-banquillo\/wp-json\/wp\/v2\/categories?post=1004"},{"taxonomy":"post_tag","embeddable":true,"href":"https:\/\/blogs.diariovasco.com\/desde-banquillo\/wp-json\/wp\/v2\/tags?post=1004"}],"curies":[{"name":"wp","href":"https:\/\/api.w.org\/{rel}","templated":true}]}}