{"id":1014,"date":"2017-05-22T15:17:12","date_gmt":"2017-05-22T13:17:12","guid":{"rendered":"http:\/\/blogs.diariovasco.com\/desde-banquillo\/?p=1014"},"modified":"2017-05-22T15:17:12","modified_gmt":"2017-05-22T13:17:12","slug":"san-juanmi","status":"publish","type":"post","link":"https:\/\/blogs.diariovasco.com\/desde-banquillo\/2017\/05\/22\/san-juanmi\/","title":{"rendered":"San Juanmi"},"content":{"rendered":"<p><a href=\"\/desde-banquillo\/wp-content\/uploads\/sites\/73\/2017\/05\/juanmi.jpg\"><img loading=\"lazy\" class=\"alignleft size-medium wp-image-1015\" style=\"margin: 5px;\" title=\"CELTA DE VIGO - REAL SOCIEDAD\" src=\"\/desde-banquillo\/wp-content\/uploads\/sites\/73\/2017\/05\/juanmi-300x199.jpg\" alt=\"\" width=\"300\" height=\"199\" \/><\/a>Todo indicaba a que Toto Berizzo deb\u00eda colocar sobre el verde de Bala\u00eddos a su mejor once posible para intentar ganar un partido despu\u00e9s que su equipo se haya despistado mucho con la competici\u00f3n Europea dejando los otros frentes muy desguarnecidos.\u00a0Por su parte Eusebio Sacrist\u00e1n, en un partido de situaci\u00f3n l\u00edmite por aquello de ganar s\u00ed o s\u00ed y esperar a ver qu\u00e9 hacen el Villarreal y el Athletic ya que dependes de ellos, llevaba una semana de trabajo en Zubieta con muchos frentes abiertos, pero con un pensamiento \u00fanico: ganar en Vigo con el mejor once posible y con una responsabilidad m\u00e1xima de todos mis futbolistas, aunque algunos ya est\u00e1n pensando m\u00e1s en su futuro que en el partido de Bala\u00eddos por aquello de lo poco que cuentan para el m\u00edster de la Seca.<\/p>\n<p>Amigos, estos es f\u00fatbol. En el minuto 93 perd\u00edamos por 2-1 y eramos s\u00e9ptimos porque el Athletic tambi\u00e9n perd\u00eda en el Calder\u00f3n por 3-1. Pero Canales, con dos balones en el c\u00f3rner dados por el recogepelotas, se queda con el bueno y lo coloca al coraz\u00f3n del \u00e1rea y all\u00ed Juanmi con despegue, vuelo y contacto hace el empate a dos que nos daba el pase directo a Europa. Se saca de centro y final del partido. Todos a por Juantxo a que les de las camisetas de la guagua y todas la plantilla viajando a una competici\u00f3n internacional. \u00a0Final muy merecido por m\u00e9ritos de unos y de otros.<\/p>\n<p>La Real Sociedad se tuvo que conformar con el empate porque fue un equipo con muy poca eficacia de cara al marco del portero Sergio \u00c1lvarez y sus defensas ya que hasta en cuatro ocasiones muy claras de Willian Jos\u00e9, Carlos Vela y Xabi Prieto las para o rechaza el arquero gallego y sus defensas en la raya de gol.\u00a0En el segundo acto, Rulli primero sac\u00f3 con los pies un tiro a bocajarro de Jozabed, pero marc\u00f3 desde el punto de penalti Iago Aspas y con ese gol se convierte en el m\u00e1ximo goleador espa\u00f1ol de esta Liga Santander consiguendo el Trofeo Zarra. Desde ese momento el equipo de Berizzo se vuelve a sentir c\u00f3modo en el campo y quitandole la pelota a Prieto, Zurutuza e Illarra. Pero un fallo otra vez de Jony lo aprovecha Xabi Perito que se va por banda y pasa el bal\u00f3n al pasillo central. Con maestr\u00eda bestial lo deja pasar Juanmi y Oyarzabal, solo ante el portero celti\u00f1a, lo enviaba al fondo de la red. El objetivo estaba conseguido, mirando de reojo lo que ocurr\u00eda en el Calder\u00f3n. Pero, amigos, el Toto mete en el campo al Danes Hjulsager y el joven mediocampista desde el balc\u00f3n del \u00e1rea se saca un zapatazo mal defendido por la defensa realista (en concreto por Aritz que no sale con todo a taponar el tiro) y se cuela como un ob\u00fas en la escuadra de Rulli. Un golazo. Est\u00e1bamos fuera de los seis primeros y era el minuto 90 de partido. Bala\u00eddos saltaba por ganar en la despedida del m\u00edster.<\/p>\n<p>Pero la alegr\u00eda y jolgorio de los aficionados gallegos no pudo ser completa porque como ya coment\u00e9, Juanmi, que todo lo que toca lo mete en la jaula, con su gol de cabeza en el minuto 93 nos llev\u00f3 a la sexta posici\u00f3n con destino a Europa cerrando una brillante temporada del equipo realista con el sufrimiento y la explosi\u00f3n de alegr\u00eda en ese recordado por todos minuto 93. Un gol de un extraordinario jugador con una eficacia tremenda en calidad-minutos-goles. San Juanmi. Zorionak por el campa\u00f1\u00f3n de la temporada 16-17 que nos dio el premio que merecimos despu\u00e9s de 38 jornadas.<\/p>\n<!-- AddThis Advanced Settings generic via filter on the_content --><!-- AddThis Share Buttons generic via filter on the_content -->","protected":false},"excerpt":{"rendered":"<p>Todo indicaba a que Toto Berizzo deb\u00eda colocar sobre el verde de Bala\u00eddos a su mejor once posible para intentar ganar un partido despu\u00e9s que su equipo se haya despistado mucho con la competici\u00f3n Europea dejando los otros frentes muy desguarnecidos.\u00a0Por su parte Eusebio Sacrist\u00e1n, en un partido de situaci\u00f3n l\u00edmite por aquello de ganar [&hellip;]<!-- AddThis Advanced Settings generic via filter on get_the_excerpt --><!-- AddThis Share Buttons generic via filter on get_the_excerpt --><\/p>\n","protected":false},"author":106,"featured_media":0,"comment_status":"open","ping_status":"closed","sticky":false,"template":"","format":"standard","meta":[],"categories":[4],"tags":[],"_links":{"self":[{"href":"https:\/\/blogs.diariovasco.com\/desde-banquillo\/wp-json\/wp\/v2\/posts\/1014"}],"collection":[{"href":"https:\/\/blogs.diariovasco.com\/desde-banquillo\/wp-json\/wp\/v2\/posts"}],"about":[{"href":"https:\/\/blogs.diariovasco.com\/desde-banquillo\/wp-json\/wp\/v2\/types\/post"}],"author":[{"embeddable":true,"href":"https:\/\/blogs.diariovasco.com\/desde-banquillo\/wp-json\/wp\/v2\/users\/106"}],"replies":[{"embeddable":true,"href":"https:\/\/blogs.diariovasco.com\/desde-banquillo\/wp-json\/wp\/v2\/comments?post=1014"}],"version-history":[{"count":0,"href":"https:\/\/blogs.diariovasco.com\/desde-banquillo\/wp-json\/wp\/v2\/posts\/1014\/revisions"}],"wp:attachment":[{"href":"https:\/\/blogs.diariovasco.com\/desde-banquillo\/wp-json\/wp\/v2\/media?parent=1014"}],"wp:term":[{"taxonomy":"category","embeddable":true,"href":"https:\/\/blogs.diariovasco.com\/desde-banquillo\/wp-json\/wp\/v2\/categories?post=1014"},{"taxonomy":"post_tag","embeddable":true,"href":"https:\/\/blogs.diariovasco.com\/desde-banquillo\/wp-json\/wp\/v2\/tags?post=1014"}],"curies":[{"name":"wp","href":"https:\/\/api.w.org\/{rel}","templated":true}]}}