{"id":1022,"date":"2017-05-29T15:16:04","date_gmt":"2017-05-29T13:16:04","guid":{"rendered":"http:\/\/blogs.diariovasco.com\/desde-banquillo\/?p=1022"},"modified":"2017-05-29T15:16:04","modified_gmt":"2017-05-29T13:16:04","slug":"no-hay-mas-preguntas-senoria","status":"publish","type":"post","link":"https:\/\/blogs.diariovasco.com\/desde-banquillo\/2017\/05\/29\/no-hay-mas-preguntas-senoria\/","title":{"rendered":"No hay m\u00e1s preguntas, se\u00f1or\u00eda"},"content":{"rendered":"<p><a href=\"\/desde-banquillo\/wp-content\/uploads\/sites\/73\/2017\/05\/messi2.jpg\"><img loading=\"lazy\" class=\"alignnone size-full wp-image-1025\" title=\"Messi celebra su primer gol al Alav\u00e9s en la final de Copa.\" src=\"\/desde-banquillo\/wp-content\/uploads\/sites\/73\/2017\/05\/messi2.jpg\" alt=\"\" width=\"900\" height=\"632\" srcset=\"https:\/\/static-blogs.diariovasco.com\/wp-content\/uploads\/sites\/73\/2017\/05\/messi2.jpg 900w, https:\/\/static-blogs.diariovasco.com\/wp-content\/uploads\/sites\/73\/2017\/05\/messi2-300x211.jpg 300w, https:\/\/static-blogs.diariovasco.com\/wp-content\/uploads\/sites\/73\/2017\/05\/messi2-768x539.jpg 768w\" sizes=\"(max-width: 900px) 100vw, 900px\" \/><\/a><\/p>\n<p>La final de la Copa del Rey fue un encuentro muy t\u00e1ctico por parte del Alav\u00e9s. Pellegrino prepar\u00f3 la final con esmero y con mucha sabidur\u00eda. Prepar\u00f3 el encuentro tapando puntos fuertes del rival y explotando los d\u00e9biles, incluido el bal\u00f3n parado (tomemos el golazo del empate de Theo como ejemplo). Hasta aqu\u00ed todo correcto y muy bien ejecutado. Pero, amigos, hay cosas en el f\u00fatbol que no se pueden controlar. En esta final de Copa qued\u00f3 muy claro, una vez m\u00e1s, que las cualidades, la calidad, las condiciones t\u00e9cnicas, el talento y la categor\u00eda de un jugador est\u00e1n muy por encima de la t\u00e1ctica que puedas emplear como entrenador. Lionel Messi es de otro planeta. Muy superior. Con un talento descomunal, jugando a su aire y de enganche, detr\u00e1s del \u00fanico punta o en un costado. Haci\u00e9ndose el loco, como si no estuviera enga\u00f1ando continuamente a los rivales. Ocupando, tambi\u00e9n, el lugar que m\u00e1s le gust: a la espalda de los dos medios centros. Donde muchos se arrugan, ya que ah\u00ed el futbol es caro y se reparte juego duro y con brio<\/p>\n<p>Juega como los \u00e1ngeles y su influencia es brutal. Marca el primer gol y participa activamente en los otros dos. Disfruta con el bal\u00f3n en los pies y se lo pasa como los enanos tirando regates, fintas, paredes y disparos a gol. Yo no he visto nada igual. Con esta inspiraci\u00f3n del mejor futbolista del mundo, la victoria est\u00e1 m\u00e1s cerca y el \u00e9xito, muy asegurado. Sin m\u00e1s. No hay mas pregunta, se\u00f1or\u00eda. Estamos ante un jugador inigualable. Es muy f\u00e1cil. Nos quitamos el sombrero y seguimos disfrutando de este sensacional jugador.<\/p>\n<p>Por otro lado, el glorioso tuvo una actuaci\u00f3n muy digna. Que nadie le quite que lleg\u00f3 a la final con todo merecimiento. No ha tenido suerte en las dos finales de su historia. Al descanso, los de Pellegrino comprendieron a las mil maravillas que el t\u00edtulo estaba decidido y que el segundo acto de partido era de puro tr\u00e1mite. Uno no quer\u00eda que le marcaran m\u00e1s goles y el otro, al sentirse ganador, baj\u00f1o el ritmo y contemporizo.<\/p>\n<p>Nos quedamos con dos fotograf\u00edas. Una, la del Bar\u00e7a, un equipo peleando por tres competiciones y que solo ha ganado uno. Pero, eso s\u00ed, con unos grandes Messi e Iniesta y la despedida de Luis Enrique, con todos los honores y con tres Copas del Rey ganadas en los \u00faltimos a\u00f1os. La otra imagen, la del Alav\u00e9s, con una temporada fant\u00e1stica en la Liga Santander y llegando a la final de la Copa del Rey con absoluto m\u00e9rito.<\/p>\n<p>Mauricio Pellegrino manifestaba al final del encuentro estar \u00abmuy orgulloso\u00bb del equipo. \u00abNunca voy a olvidar este d\u00eda\u00bb, dijo. Temporad\u00f3n de los babazorros, que tuvieron la mala fortuna de jugar ante el Bar\u00e7a y el mejor jugador del mundo. Solo nos queda la final de la Champions y este partido tambi\u00e9n lo comentaremos. Saludos coordiales, amigos lectores.<\/p>\n<!-- AddThis Advanced Settings generic via filter on the_content --><!-- AddThis Share Buttons generic via filter on the_content -->","protected":false},"excerpt":{"rendered":"<p>La final de la Copa del Rey fue un encuentro muy t\u00e1ctico por parte del Alav\u00e9s. Pellegrino prepar\u00f3 la final con esmero y con mucha sabidur\u00eda. Prepar\u00f3 el encuentro tapando puntos fuertes del rival y explotando los d\u00e9biles, incluido el bal\u00f3n parado (tomemos el golazo del empate de Theo como ejemplo). Hasta aqu\u00ed todo correcto [&hellip;]<!-- AddThis Advanced Settings generic via filter on get_the_excerpt --><!-- AddThis Share Buttons generic via filter on get_the_excerpt --><\/p>\n","protected":false},"author":106,"featured_media":0,"comment_status":"open","ping_status":"closed","sticky":false,"template":"","format":"standard","meta":[],"categories":[3],"tags":[],"_links":{"self":[{"href":"https:\/\/blogs.diariovasco.com\/desde-banquillo\/wp-json\/wp\/v2\/posts\/1022"}],"collection":[{"href":"https:\/\/blogs.diariovasco.com\/desde-banquillo\/wp-json\/wp\/v2\/posts"}],"about":[{"href":"https:\/\/blogs.diariovasco.com\/desde-banquillo\/wp-json\/wp\/v2\/types\/post"}],"author":[{"embeddable":true,"href":"https:\/\/blogs.diariovasco.com\/desde-banquillo\/wp-json\/wp\/v2\/users\/106"}],"replies":[{"embeddable":true,"href":"https:\/\/blogs.diariovasco.com\/desde-banquillo\/wp-json\/wp\/v2\/comments?post=1022"}],"version-history":[{"count":0,"href":"https:\/\/blogs.diariovasco.com\/desde-banquillo\/wp-json\/wp\/v2\/posts\/1022\/revisions"}],"wp:attachment":[{"href":"https:\/\/blogs.diariovasco.com\/desde-banquillo\/wp-json\/wp\/v2\/media?parent=1022"}],"wp:term":[{"taxonomy":"category","embeddable":true,"href":"https:\/\/blogs.diariovasco.com\/desde-banquillo\/wp-json\/wp\/v2\/categories?post=1022"},{"taxonomy":"post_tag","embeddable":true,"href":"https:\/\/blogs.diariovasco.com\/desde-banquillo\/wp-json\/wp\/v2\/tags?post=1022"}],"curies":[{"name":"wp","href":"https:\/\/api.w.org\/{rel}","templated":true}]}}