{"id":18,"date":"2014-10-17T19:16:26","date_gmt":"2014-10-17T17:16:26","guid":{"rendered":"http:\/\/blogs.diariovasco.com\/desde-banquillo\/?p=18"},"modified":"2014-10-17T19:16:26","modified_gmt":"2014-10-17T17:16:26","slug":"futbol-formacion-la-tan-nombrada-cantera","status":"publish","type":"post","link":"https:\/\/blogs.diariovasco.com\/desde-banquillo\/2014\/10\/17\/futbol-formacion-la-tan-nombrada-cantera\/","title":{"rendered":"F\u00fatbol formaci\u00f3n, la tan nombrada cantera"},"content":{"rendered":"<p>El f\u00fatbol base o f\u00fatbol formaci\u00f3n est\u00e1 enmarcado en tres par\u00e1metros muy importantes. Los equipos profesionales de f\u00fatbol con equipos en todas las categor\u00edas, las escuelas de futbol y los clubes aficionados o amateur que tienen equipos federados en categor\u00edas de juveniles hacia abajo, con equipos senior a veces tambi\u00e9n.\u00a0 En la pr\u00e1ctica ocurre que los entrenadores de cada uno de esos equipos buscan su propio producto,y quieren ganar para \u00e9l, buscando el resultado cada s\u00e1bado o domingo sin darse cuenta que est\u00e1n educando, ense\u00f1ando, formando a chiquillos.<\/p>\n<p>He sido testigo presencial en muchas ocasiones de comentarios de gran cantidad de educadores o monitores respondiendo cuando les preguntan por sus equipos de futbolistas en formaci\u00f3n y siempre argumentan aspectos relacionados con los resultados, los cambios y la clasificaci\u00f3n que ocupan sus equipos.\u00a0 Jam\u00e1s les oyes hablar de metodolog\u00eda de trabajo o evoluci\u00f3n de los jugadores. Tienen muy mal establecida la meta o los objetivos, muchas veces de forma inconsiente y otras veces de forma premeditada. Dec\u00eda en una charla <strong>Joaqu\u00edn Caparr\u00f3s<\/strong> &#8211; entrenador del Athletic en aquella ocasi\u00f3n- que en esta sociedad se tiende a la especializaci\u00f3n. Hay que buscar t\u00e9cnicos que desarrollen bien el trabajo formativo. Ya que ahora el ochetenta por ciento de los entrenadores de base quieren llegar a entrenar en la Liga BBVA, y eso no puede ser, tienen que hacer bien su trabajo, pero por el que tambi\u00e9n se les debe pagar bien. M\u00e1s tarde Caparr\u00f3s tambi\u00e9n coment\u00f3 que los mejores t\u00e9cnicos de captaci\u00f3n deben estar en equipos profesionales descubriendo talentos. Los defini\u00f3 como t\u00e9cnicos con un olfato muy fino y con un tercer ojo. A su juicio el equipo que tenga buenos entrenadores en la base y captadores con ese olfato cuenta con un gran capital.<\/p>\n<p>Queda claro que la cantera es una inversi\u00f3n y no un gasto. Hay que invertir muchas horas de trabajo con jugadores potenciales para hacerlos mejores de lo que son. Ah\u00ed esta el esp\u00edritu del trabajo del f\u00fatbol base. A los consejeros y presidentes de club hay que decirles que tienen la responsabilidad de colocar al mando de un equipo de \u00e9lite a un t\u00e9cnico que no sea una barricada o tap\u00f3n para los j\u00f3venes, porque si no la inversi\u00f3n, la formaci\u00f3n, la captaci\u00f3n, se va al garete.<\/p>\n<p>El comportamiento y actitudes del entrenador o formador son fundamentales en este proceso que abarca muchos par\u00e1metros en los que podemos destacar algunos como ense\u00f1ar, comprobar las respuestas de los jugadores de cara a este ense\u00f1anza, plantear unos entrenamientos entretenidos y variados, conocer lo que piensan los ni\u00f1os sobre su actuaci\u00f3n en los entrenamientos y partidos de competici\u00f3n o adaptar los grupos de trabajo en funci\u00f3n de la edad biol\u00f3gica y no de la edad cronol\u00f3gica.<\/p>\n<p>A veces nos encontramos ante un gran error bajo mi opini\u00f3n:\u00a0 la aplastante superioridad competitiva en los equipos m\u00e1s poderosos de cada provincia o ciudad sobre el resto de equipos de su grupo. Sson clubes que normalmente cuentan con equipos en Primera o Segunda divisi\u00f3n y con la posibilidad de seleccionar y captar a los mejores jugadores resultando que sus equipos de benjamines, alevines o infantiles ganan sus partidos por mucha diferencia de goles y se clasifican en la cabeza de la tabla desde la jornada primera. Pero ahora viene la pregunta: \u00bfestos ni\u00f1os est\u00e1n compitiendo o es mejor dejar a cada ni\u00f1o en su habitat natural con sus amigos, con sus padres y en una edad m\u00e1s adulta llevarlos y formarlos para lo que les gusta, que es el f\u00fatbol profesional? Tambi\u00e9n se puede firmarlos y llevarlos de vez en cuando a un entreno o dos o tres en ese club que es convenido. El otro dia en infantil txiki la Real gan\u00f3 por 19-0, \u00bfcompiti\u00f3?<\/p>\n<p>Del resultado de todo lo comentado estos jugadores pasan a ser jugadores semiprofesionales en los filiales de sus respectivos equipos. Aqu\u00ed comienza una ense\u00f1anza casi profesional donde hay que invertir muchas horas de trabajo con jugadores potenciales y no tan potenciales para que cada d\u00eda sean mejores. En el Sanse ahora mismo hay una hornada de jugadores muy j\u00f3venes que se ha recolocado en el Berio, un equipo de Tercera divisi\u00f3n que el anterior Consejo lo quito por motivos econ\u00f3micos. Se se llamaba U.P.V. y de ah\u00ed salieron para el primer equipo <strong>Carlos Mart\u00ednez<\/strong>, <strong>Mikel Gonz\u00e1lez<\/strong> o <strong>Zurutuza<\/strong>.<\/p>\n<p><a href=\"\/desde-banquillo\/wp-content\/uploads\/sites\/73\/2014\/10\/sanse1.jpg\"><img loading=\"lazy\" class=\"aligncenter size-large wp-image-20\" title=\"sanse\" src=\"\/desde-banquillo\/wp-content\/uploads\/sites\/73\/2014\/10\/sanse1.jpg\" alt=\"\" width=\"1024\" height=\"535\" srcset=\"https:\/\/static-blogs.diariovasco.com\/wp-content\/uploads\/sites\/73\/2014\/10\/sanse1.jpg 1500w, https:\/\/static-blogs.diariovasco.com\/wp-content\/uploads\/sites\/73\/2014\/10\/sanse1-300x157.jpg 300w, https:\/\/static-blogs.diariovasco.com\/wp-content\/uploads\/sites\/73\/2014\/10\/sanse1-768x402.jpg 768w, https:\/\/static-blogs.diariovasco.com\/wp-content\/uploads\/sites\/73\/2014\/10\/sanse1-1024x536.jpg 1024w\" sizes=\"(max-width: 1024px) 100vw, 1024px\" \/><\/a>Ahora en el Sanse juegan <strong>Elustondo<\/strong>, <strong>Guridi<\/strong>, <strong>Capilla<\/strong>, <strong>Herv\u00edas<\/strong>, <strong>Alain Oiarzun<\/strong>, <strong>Iker Hern\u00e1ndez<\/strong> o <strong>Ugarte<\/strong>. Todos son jugadores con grandes condiciones y algunos ya entrenan con el primer equipo. Precisamente esa es la funci\u00f3n que debe desempe\u00f1ar un filial: suministrar jugadores al equipo de arriba.\u00a0 Aunque yo le pongo un matiz: compitiendo todos los domingos como titanes para ser mejores en dicha competici\u00f3n y quedar\u00a0 lo mas arriba posible. El Sanse no puede optar a tener un equipo en la Liga adelante, aunque una vez no muy lejana estuvo a punto de conseguirlo en un partido contra Las Palmas en Anoeta que sentenci\u00f3 un fat\u00eddico gol de <strong>Nauset Aleman<\/strong>.<\/p>\n<p>Meti\u00e9ndonos de lleno con el el Sanse me preocupa que un portero como <strong>Bardaj\u00ed<\/strong>, cue est\u00e1 llamado a ser en un tiempo no muy lejano el arquero del primer equipo,\u00a0 no tenga los minutos de porter\u00eda que necesita. No entend\u00ed que la jornada de descanso en Primera Divisi\u00f3n por los compromisos de las selecciones no jugase con el Sanse. En la l\u00ednea de cuatro hay un lateral derecho espectacular: <strong>Elustondo<\/strong>. Es un diamente en bruto. En\u00a0 el puesto del central derecho est\u00e1 <strong>Ugarte<\/strong>, con<strong> Callens<\/strong> &#8211; que juega por la izquierda- tengo mis dudas. Y no solo yo, en el primer equipo tambi\u00e9n las tienen\u00a0 ya que no ha debutado a\u00fan en partido de Liga. Eso s\u00ed es internacional por su pa\u00eds. En el\u00a0 costado izquierdo est\u00e1 <strong>H\u00e9ctor<\/strong>, un lateral firmado del Zaragoza al que la temporada pasada las lesiones no le dejaron explotar su velocidad. Tiene un buen trabajo ofensiv, aunque es muy revolucionado y le falta un poco de pausa y altura. En la Real Sociedad tenemoss muy mala suerte con el lateral zurdo, ya que por una cosa u otra se escaparon <strong>Castillo<\/strong>, <strong>Manu Garc\u00eda<\/strong>, <strong>Kijera<\/strong>, <strong>Sarasola<\/strong>, <strong>Bingen<\/strong> o <strong>Balenciaga<\/strong>, que a d\u00eda de\u00a0 hoy est\u00e1 dando un buen nivel en el Athletic. Es curioso comprobar quea casi todos en las categor\u00edas inferiores jugaron como medios ofensivos de banda.<\/p>\n<p>En el\u00a0 medio campo lleg\u00f3\u00a0 un fichaje brasileiro: <strong>Darlan Bispo<\/strong>. Se trata de un jugador muy potente, buen pasador y un poco lento en el desarrollo del juego. A su lado juega\u00a0 <strong>Alejandro Sanz<\/strong>, un fant\u00e1stico conductor y organizador e intocable para el entrenador.\u00a0 M\u00e1s adelante, la Real Sociedad B tiene una\u00a0 l\u00ednea de tres fant\u00e1stica, con\u00a0 bandas muy equilibradas. Por la derecha hay velocidad, por la izquierda calidad y toque y en el medio juego pases y llegada al area rival.\u00a0 Esos tres mosqueteros son <strong>Herv\u00edas<\/strong>, <strong>Capilla<\/strong> y <strong>Alain Oyarzun<\/strong>. Arriba del todo juegan los puntas que tienen que empezar a marcar goles pronto:\u00a0<strong> Iker Hern\u00e1ndez<\/strong> y <strong>Bautista<\/strong>. Hay m\u00e1s jugadores que tienen calidad y un trabajo muy muy bueno, pero ya disponen de\u00a0 menos minutos de juego.<\/p>\n<p>El que lea este art\u00edculo puede decir con raz\u00f3n que el Sanse est\u00e1 en puestos de descenso. Y es verdad, pero en un filial y en un equipo de cantera hay tres palabras m\u00e1gicas:<\/p>\n<p>.- <strong>Paciencia<\/strong>, son muy j\u00f3venes<\/p>\n<p>.- <strong>Atrevimiento<\/strong> para ponerlos en el primer equipo<\/p>\n<p>.- <strong>Confianza<\/strong>:\u00a0 siempre que les dimos la oportunidad casi todos no nos fallaron<\/p>\n<!-- AddThis Advanced Settings generic via filter on the_content --><!-- AddThis Share Buttons generic via filter on the_content -->","protected":false},"excerpt":{"rendered":"<p>El f\u00fatbol base o f\u00fatbol formaci\u00f3n est\u00e1 enmarcado en tres par\u00e1metros muy importantes. Los equipos profesionales de f\u00fatbol con equipos en todas las categor\u00edas, las escuelas de futbol y los clubes aficionados o amateur que tienen equipos federados en categor\u00edas de juveniles hacia abajo, con equipos senior a veces tambi\u00e9n.\u00a0 En la pr\u00e1ctica ocurre que [&hellip;]<!-- AddThis Advanced Settings generic via filter on get_the_excerpt --><!-- AddThis Share Buttons generic via filter on get_the_excerpt --><\/p>\n","protected":false},"author":106,"featured_media":0,"comment_status":"open","ping_status":"closed","sticky":false,"template":"","format":"standard","meta":[],"categories":[5],"tags":[],"_links":{"self":[{"href":"https:\/\/blogs.diariovasco.com\/desde-banquillo\/wp-json\/wp\/v2\/posts\/18"}],"collection":[{"href":"https:\/\/blogs.diariovasco.com\/desde-banquillo\/wp-json\/wp\/v2\/posts"}],"about":[{"href":"https:\/\/blogs.diariovasco.com\/desde-banquillo\/wp-json\/wp\/v2\/types\/post"}],"author":[{"embeddable":true,"href":"https:\/\/blogs.diariovasco.com\/desde-banquillo\/wp-json\/wp\/v2\/users\/106"}],"replies":[{"embeddable":true,"href":"https:\/\/blogs.diariovasco.com\/desde-banquillo\/wp-json\/wp\/v2\/comments?post=18"}],"version-history":[{"count":0,"href":"https:\/\/blogs.diariovasco.com\/desde-banquillo\/wp-json\/wp\/v2\/posts\/18\/revisions"}],"wp:attachment":[{"href":"https:\/\/blogs.diariovasco.com\/desde-banquillo\/wp-json\/wp\/v2\/media?parent=18"}],"wp:term":[{"taxonomy":"category","embeddable":true,"href":"https:\/\/blogs.diariovasco.com\/desde-banquillo\/wp-json\/wp\/v2\/categories?post=18"},{"taxonomy":"post_tag","embeddable":true,"href":"https:\/\/blogs.diariovasco.com\/desde-banquillo\/wp-json\/wp\/v2\/tags?post=18"}],"curies":[{"name":"wp","href":"https:\/\/api.w.org\/{rel}","templated":true}]}}