{"id":599,"date":"2016-03-02T18:42:41","date_gmt":"2016-03-02T17:42:41","guid":{"rendered":"http:\/\/blogs.diariovasco.com\/desde-banquillo\/?p=599"},"modified":"2016-03-02T18:42:41","modified_gmt":"2016-03-02T17:42:41","slug":"una-alineacion-extrana","status":"publish","type":"post","link":"https:\/\/blogs.diariovasco.com\/desde-banquillo\/2016\/03\/02\/una-alineacion-extrana\/","title":{"rendered":"Una alineaci\u00f3n extra\u00f1a"},"content":{"rendered":"<p>El m\u00edster realista <strong>Eusebio Sacrist\u00e1n<\/strong> estaba en la senda de conseguir una alineaci\u00f3n tipo en los \u00faltimos siete partidos de liga, una de esas que los ni\u00f1os la conocen y dicen de memoria. Pero amigos, tres partidos en una semana y llegan las ya manidas rotaciones con dosis de poco sentido com\u00fan y, al final, lo \u00a0de siempre: Despu\u00e9s de visto todo el mundo es listo. La alineaci\u00f3n del m\u00edster de La Seca resulta extra\u00f1a es poco reconocible y disminuida en su potencial.<\/p>\n<p><a href=\"\/desde-banquillo\/wp-content\/uploads\/sites\/73\/2016\/03\/alineacion.jpg\"><img loading=\"lazy\" class=\"aligncenter size-full wp-image-600\" title=\"A1-50435851.jpg\" src=\"\/desde-banquillo\/wp-content\/uploads\/sites\/73\/2016\/03\/alineacion.jpg\" alt=\"\" width=\"900\" height=\"600\" srcset=\"https:\/\/static-blogs.diariovasco.com\/wp-content\/uploads\/sites\/73\/2016\/03\/alineacion.jpg 900w, https:\/\/static-blogs.diariovasco.com\/wp-content\/uploads\/sites\/73\/2016\/03\/alineacion-300x200.jpg 300w, https:\/\/static-blogs.diariovasco.com\/wp-content\/uploads\/sites\/73\/2016\/03\/alineacion-768x512.jpg 768w\" sizes=\"(max-width: 900px) 100vw, 900px\" \/><\/a><\/p>\n<p>La decisi\u00f3n de dejar fuera del equipo a <strong>Pardo, Vela y Oyarzabal<\/strong> desarm\u00f3 a un equipo que venia de conseguir cuatro victorias consecutivas m\u00e1s un empate ante su ultimo rival en Anoeta, el M\u00e1laga de <strong>Javi Gracia.<\/strong>\u00a0Y as\u00ed fue muy dif\u00edcil competir y dar batalla en un campo maldito como lo es el Vicente Calder\u00f3n. El experimento de colocar a <strong>De la Bella<\/strong> de central izquierdo y a <strong>H\u00e9ctor<\/strong> de lateral del mismo lado fue un fracaso rotundo, pero es que adem\u00e1s el medio campo con <strong>Reyes<\/strong> de \u00fanico medio centro y por delante de \u00e9l <strong>Granero<\/strong>\u00a0e <strong>Illarra,<\/strong> m\u00e1s Bruma a la derecha, en punta de ataque <strong>Jonathas<\/strong> y en el extremo izquierdo <strong>Prieto<\/strong> fue pan comido para la l\u00ednea defensiva de cuatro y la segunda l\u00ednea de centrocampistas del conjunto colchonero. Para m\u00e1s inri, ya en el minuto 60 el partido estaba finiquitado tras el \u00a0penalti muy riguroso de <strong>De la Bella<\/strong> sobre <strong>Griezmann<\/strong>, aunque tambi\u00e9n es verdad que se le anul\u00f3 un gol legal a los locales por fuera de juego de <strong>Correa,\u00a0<\/strong>que estaba en posici\u00f3n legal. Amigos, era el cuarto.<\/p>\n<p>La Real fue de regalos defensivos al Calder\u00f3n ya que los dos primeros goles recibidos fueron por fallos infantiles y el que los comete no tiene opciones de ganar. Este Atl\u00e9tico de Madrid del <strong>Cholo<\/strong> solo hab\u00eda marcado tres goles a la S.D. Eibar en su campo pero los armeros le marcaron uno y el tres a cero -un resultado abultado en su propio estadio- solo a la Real Sociedad.<\/p>\n<p>Durante casi todo el encuentro, al equipo blanquiazul le cost\u00f3 Dios y ayuda jugarlo, competirlo, manejarlo y despert\u00f3 muy tarde. Solo lo hizo cuando <strong>Sa\u00fal<\/strong> materializ\u00f3 el segundo en un regalo monumental de los dos defensas realistas y se aturdi\u00f3 del todo en el tercero de penalti, aunque es verdad tambi\u00e9n que con <strong>Pardo<\/strong> y <strong>Vela<\/strong> en el terreno de juego tuvo sus mejores momentos y tras una gran jugada individual de <strong>Bruma<\/strong> pudo marcar el mexicano. En otra jugada a bal\u00f3n parado sacada magistralmente por <strong>Pardo,<\/strong> <strong>Reyes<\/strong> se top\u00f3 con el poste del guardameta <strong>Oblak<\/strong>, pero para entonces ya estaba todo el pescado vendido.<\/p>\n<p>La entrada de <strong>Eneko Capilla<\/strong> por <strong>Bruma<\/strong> en el minuto 82 fue un premio con final de susto, ya que el pibe, m\u00e1s feliz que unas casta\u00f1uelas por volver a jugar en Primera, en una conducci\u00f3n larga con filigranas por el camino se encontr\u00f3 con una entrada a destiempo, criminal y temeraria del medio <strong>Augusto Fern\u00e1ndez<\/strong>, que lo pis\u00f3 y le dobl\u00f3 el tobillo. Deseamos la mejor recuperaci\u00f3n posible para Eneko. Augusto, que ya hab\u00eda visto una amarilla debi\u00f3 ver la roja, pero no se enter\u00f3 el colegiado, el canario <strong>Hern\u00e1ndez Hern\u00e1ndez<\/strong> que adem\u00e1s es internacional.<\/p>\n<p>Ahora a pensar en el Levante pero, m\u00edster, con un poco m\u00e1s de sentido com\u00fan en la alineaci\u00f3n, que usted lo ha demostrado hasta ahora. Perm\u00edtame un consejo de entrenador, \u00a0por si no se lo han comentado: \u00a0<strong>Reyes<\/strong> es mas central derecho, ya que tiene un problema de lateralidad al lado izquierdo. En ese lugar lo hace fenomenal <strong>Mikel Gonzalez,<\/strong> ya que ha jugado hasta de lateral por ese lado muchas veces. \u00a0As\u00ed que en mi opini\u00f3n, derecha<strong> Reyes<\/strong> e izquierda <strong>Mikel<\/strong> y si <strong>Luis Enrique<\/strong> nunca quita a <strong>Neymar<\/strong>, <strong>Suarez<\/strong>, <strong>Messi<\/strong>, creo que hoy es un lujo quitar a lo que funciona, es decir, <strong>Vela<\/strong>, <strong>Jonathas<\/strong>, <strong>Oyarzabal<\/strong> que jugaron ante Betis, Espa\u00f1ol, Granada, Athletic y \u00a0Malaga(el brasile\u00f1o no estuvo en este partido por sanci\u00f3n), y nunca se perdi\u00f3, es decir, sumamos siempre. Perdone mi atrevimiento pero quiero sumar. Un abrazo.<\/p>\n<!-- AddThis Advanced Settings generic via filter on the_content --><!-- AddThis Share Buttons generic via filter on the_content -->","protected":false},"excerpt":{"rendered":"<p>El m\u00edster realista Eusebio Sacrist\u00e1n estaba en la senda de conseguir una alineaci\u00f3n tipo en los \u00faltimos siete partidos de liga, una de esas que los ni\u00f1os la conocen y dicen de memoria. Pero amigos, tres partidos en una semana y llegan las ya manidas rotaciones con dosis de poco sentido com\u00fan y, al final, [&hellip;]<!-- AddThis Advanced Settings generic via filter on get_the_excerpt --><!-- AddThis Share Buttons generic via filter on get_the_excerpt --><\/p>\n","protected":false},"author":106,"featured_media":0,"comment_status":"open","ping_status":"closed","sticky":false,"template":"","format":"standard","meta":[],"categories":[3,4],"tags":[],"_links":{"self":[{"href":"https:\/\/blogs.diariovasco.com\/desde-banquillo\/wp-json\/wp\/v2\/posts\/599"}],"collection":[{"href":"https:\/\/blogs.diariovasco.com\/desde-banquillo\/wp-json\/wp\/v2\/posts"}],"about":[{"href":"https:\/\/blogs.diariovasco.com\/desde-banquillo\/wp-json\/wp\/v2\/types\/post"}],"author":[{"embeddable":true,"href":"https:\/\/blogs.diariovasco.com\/desde-banquillo\/wp-json\/wp\/v2\/users\/106"}],"replies":[{"embeddable":true,"href":"https:\/\/blogs.diariovasco.com\/desde-banquillo\/wp-json\/wp\/v2\/comments?post=599"}],"version-history":[{"count":0,"href":"https:\/\/blogs.diariovasco.com\/desde-banquillo\/wp-json\/wp\/v2\/posts\/599\/revisions"}],"wp:attachment":[{"href":"https:\/\/blogs.diariovasco.com\/desde-banquillo\/wp-json\/wp\/v2\/media?parent=599"}],"wp:term":[{"taxonomy":"category","embeddable":true,"href":"https:\/\/blogs.diariovasco.com\/desde-banquillo\/wp-json\/wp\/v2\/categories?post=599"},{"taxonomy":"post_tag","embeddable":true,"href":"https:\/\/blogs.diariovasco.com\/desde-banquillo\/wp-json\/wp\/v2\/tags?post=599"}],"curies":[{"name":"wp","href":"https:\/\/api.w.org\/{rel}","templated":true}]}}