{"id":614,"date":"2016-03-21T09:55:38","date_gmt":"2016-03-21T08:55:38","guid":{"rendered":"http:\/\/blogs.diariovasco.com\/desde-banquillo\/?p=614"},"modified":"2016-03-21T09:55:38","modified_gmt":"2016-03-21T08:55:38","slug":"sin-mando","status":"publish","type":"post","link":"https:\/\/blogs.diariovasco.com\/desde-banquillo\/2016\/03\/21\/sin-mando\/","title":{"rendered":"Sin mando"},"content":{"rendered":"<p>Como en unos carnavales canarios en el Real Sociedad &#8211; UD Las Palmas nadie era reconocible. Los dos equipos saltaron al verde de Anoeta con una misma filosof\u00eda de juego: buen trato al bal\u00f3n, f\u00fatbol combinativo y una idea muy clara de apretar la salida del bal\u00f3n de las defensas contrarias mientras la propia estaba adelantada con el objetivo de estar m\u00e1s cerca del gol despu\u00e9s de robo. Esa era la idea inicial aunque cuando comenz\u00f3 a rodar el bal\u00f3n nadie en Anoeta daba cr\u00e9dito a lo que ve\u00eda. Los jugadores estaban asustados, abrumados, temerosos y sin sitio en el medio campo, sobre todo, el doble medio centro <strong>Pardo<\/strong>&#8211; <strong>Illarra<\/strong> con <strong>Prieto<\/strong> m\u00e1s adelantado no funcion\u00f3.<\/p>\n<p>El equipo de<strong> Quique Seti\u00e9n<\/strong> se ha convertido en estas \u00faltimas jornadas en un conjunto f\u00e9rreo, herm\u00e9tico y muy austero en ocasiones de gol. En el primer acto tienen eficacia cara a porter\u00eda se van a vestuarios con el partido finiquitado por ocasiones de gol. Este equipo canari\u00f3n de los \u00faltimos 12 puntos posibles hab\u00eda sumado 9 y s\u00f3lo hab\u00eda perdido en su estadio ante el todo poderoso Real Madrid. Un resultado muy inmerecido porque demostraron que en juego combinativo y de posesi\u00f3n del bal\u00f3n son mucho mejores.<\/p>\n<p>Por parte realista, despu\u00e9s de unas semanas convulsas de dimes y diretes que no benefician nada al estado de \u00e1nimo del grupo, se not\u00f3 en el campo el temita<strong> Carlitos Vela.<\/strong>\u00a0Tras el partido que se perdi\u00f3 en Vigo y quedando los objetivos muy rezagados, los futbolistas ten\u00edan la oportunidad de dar un golpe sobre de la mesa y demostrar que ellos son mucho mejores que lo que est\u00e1n jugando los \u00faltimos cuatro encuentros. Pero se\u00f1ores, fue un espejismo ya que perdimos el rumbo y hasta nuestra filosof\u00eda de juego. Vamos, fuimos un desastre.<\/p>\n<p><a href=\"\/desde-banquillo\/wp-content\/uploads\/sites\/73\/2016\/03\/50893088.jpg\"><img loading=\"lazy\" class=\"aligncenter size-large wp-image-615\" title=\"A1-50893088.jpg\" src=\"\/desde-banquillo\/wp-content\/uploads\/sites\/73\/2016\/03\/50893088.jpg\" alt=\"\" width=\"1024\" height=\"678\" srcset=\"https:\/\/static-blogs.diariovasco.com\/wp-content\/uploads\/sites\/73\/2016\/03\/50893088.jpg 3849w, https:\/\/static-blogs.diariovasco.com\/wp-content\/uploads\/sites\/73\/2016\/03\/50893088-300x199.jpg 300w, https:\/\/static-blogs.diariovasco.com\/wp-content\/uploads\/sites\/73\/2016\/03\/50893088-768x509.jpg 768w, https:\/\/static-blogs.diariovasco.com\/wp-content\/uploads\/sites\/73\/2016\/03\/50893088-1024x678.jpg 1024w\" sizes=\"(max-width: 1024px) 100vw, 1024px\" \/><\/a><\/p>\n<p>En en segundo tiempo y con m\u00e1s coraz\u00f3n que cabeza fue el resurgir de <strong>Yuri<\/strong> por su costado natural,pero sus galopadas y centroscasi nunca encontraron rematador. As\u00ed que ante todo esto que est\u00e1bamos viendo fue un choque contra un front\u00f3n, ya que la herm\u00e9tica defensa amarilla -con un rigor fant\u00e1sticos y un l\u00edder de la l\u00ednea de cuatro como<strong> Lemos<\/strong>&#8211; dieron al traste con todos los ataques del equipo de <strong>Eusebio Sacrist\u00e1n<\/strong>. Hubo disconformidad del respetable y m\u00fasica de viento, y con toda la raz\u00f3n del mundo.<\/p>\n<p><a href=\"\/desde-banquillo\/wp-content\/uploads\/sites\/73\/2016\/03\/IMG-20160320-WA0001.jpg\"><img loading=\"lazy\" class=\"aligncenter size-full wp-image-616\" title=\"IMG-20160320-WA0001\" src=\"\/desde-banquillo\/wp-content\/uploads\/sites\/73\/2016\/03\/IMG-20160320-WA0001.jpg\" alt=\"\" width=\"720\" height=\"405\" srcset=\"https:\/\/static-blogs.diariovasco.com\/wp-content\/uploads\/sites\/73\/2016\/03\/IMG-20160320-WA0001.jpg 720w, https:\/\/static-blogs.diariovasco.com\/wp-content\/uploads\/sites\/73\/2016\/03\/IMG-20160320-WA0001-300x169.jpg 300w\" sizes=\"(max-width: 720px) 100vw, 720px\" \/><\/a><\/p>\n<p>Recuerdo con cari\u00f1o en el viejo Atotxa que cada vez que jugaban los canarios el campo estaba muy pesado y embarrado y sal\u00edan goleados y las jugadas a bal\u00f3n parado eran un martirio para ellos. Ahora, en sus tres visitas a Euskadi empataron en San Mam\u00e9s y ganaron en Ipurua y en Anoeta, es decir, ahora no diluvia, ahora est\u00e1 serenando como decimos por las islas y los P\u00edo P\u00edo ganando. Pero amigos, nuestra Real Sociedad a la deriva y sin mando.<\/p>\n<!-- AddThis Advanced Settings generic via filter on the_content --><!-- AddThis Share Buttons generic via filter on the_content -->","protected":false},"excerpt":{"rendered":"<p>Como en unos carnavales canarios en el Real Sociedad &#8211; UD Las Palmas nadie era reconocible. Los dos equipos saltaron al verde de Anoeta con una misma filosof\u00eda de juego: buen trato al bal\u00f3n, f\u00fatbol combinativo y una idea muy clara de apretar la salida del bal\u00f3n de las defensas contrarias mientras la propia estaba [&hellip;]<!-- AddThis Advanced Settings generic via filter on get_the_excerpt --><!-- AddThis Share Buttons generic via filter on get_the_excerpt --><\/p>\n","protected":false},"author":106,"featured_media":0,"comment_status":"open","ping_status":"closed","sticky":false,"template":"","format":"standard","meta":[],"categories":[3,4],"tags":[],"_links":{"self":[{"href":"https:\/\/blogs.diariovasco.com\/desde-banquillo\/wp-json\/wp\/v2\/posts\/614"}],"collection":[{"href":"https:\/\/blogs.diariovasco.com\/desde-banquillo\/wp-json\/wp\/v2\/posts"}],"about":[{"href":"https:\/\/blogs.diariovasco.com\/desde-banquillo\/wp-json\/wp\/v2\/types\/post"}],"author":[{"embeddable":true,"href":"https:\/\/blogs.diariovasco.com\/desde-banquillo\/wp-json\/wp\/v2\/users\/106"}],"replies":[{"embeddable":true,"href":"https:\/\/blogs.diariovasco.com\/desde-banquillo\/wp-json\/wp\/v2\/comments?post=614"}],"version-history":[{"count":0,"href":"https:\/\/blogs.diariovasco.com\/desde-banquillo\/wp-json\/wp\/v2\/posts\/614\/revisions"}],"wp:attachment":[{"href":"https:\/\/blogs.diariovasco.com\/desde-banquillo\/wp-json\/wp\/v2\/media?parent=614"}],"wp:term":[{"taxonomy":"category","embeddable":true,"href":"https:\/\/blogs.diariovasco.com\/desde-banquillo\/wp-json\/wp\/v2\/categories?post=614"},{"taxonomy":"post_tag","embeddable":true,"href":"https:\/\/blogs.diariovasco.com\/desde-banquillo\/wp-json\/wp\/v2\/tags?post=614"}],"curies":[{"name":"wp","href":"https:\/\/api.w.org\/{rel}","templated":true}]}}