{"id":1225,"date":"2019-05-14T08:51:51","date_gmt":"2019-05-14T07:51:51","guid":{"rendered":"https:\/\/blogs.diariovasco.com\/ekonomiaren-plaza\/?p=1225"},"modified":"2019-05-14T08:51:51","modified_gmt":"2019-05-14T07:51:51","slug":"globalizaciondesigualdad","status":"publish","type":"post","link":"https:\/\/blogs.diariovasco.com\/ekonomiaren-plaza\/2019\/05\/14\/globalizaciondesigualdad\/","title":{"rendered":"Globalizaci\u00f3n financiera y desigualdad"},"content":{"rendered":"<p><a href=\"https:\/\/twitter.com\/InakiErauskin\" rel=\"external nofollow\">@InakiErauskin <\/a><\/p>\n<p>&nbsp;<\/p>\n<p>Hoy voy a <a href=\"https:\/\/blogs.elconfidencial.com\/cultura\/animales-de-compania\/2018-03-25\/video-umbral-mercedes-mila-libro-television_1540131\/\" rel=\"external nofollow\">\u201chablar de mi libro\u201d<\/a>, sin que sirva de precedente.<\/p>\n<p>Estos \u00faltimos a\u00f1os me he dedicado a investigar sobre el impacto de la globalizaci\u00f3n financiera sobre la desigualdad, entre otros temas. Hay muchos factores que influyen sobre la desigualdad, tales como <a href=\"https:\/\/blogs.diariovasco.com\/ekonomiaren-plaza\/2017\/11\/07\/el-comercio-internacional-y-la-desigualdad\/\">el comercio internacional<\/a>, <a href=\"https:\/\/blogs.diariovasco.com\/ekonomiaren-plaza\/2017\/05\/16\/salariosdesigualdad\/\">el peso de los salarios<\/a>, u <a href=\"https:\/\/blogs.diariovasco.com\/ekonomiaren-plaza\/2014\/06\/03\/el-capital-ha-vuelto\/\">otros<\/a>, pero, sin embargo, en la literatura econ\u00f3mica, apenas se ha estudiado el impacto de la globalizaci\u00f3n financiera sobre la desigualdad y es en este tema donde he centrado una parte de mi esfuerzo investigador.<\/p>\n<p>Mucha gente cree que la desigualdad es uno de los <a href=\"https:\/\/www.pewglobal.org\/2014\/10\/16\/greatest-dangers-in-the-world\/\" rel=\"external nofollow\">\u201cmayores peligros\u201d<\/a> en muchos pa\u00edses, especialmente en los desarrollados. Adem\u00e1s, tambi\u00e9n cree que <a href=\"https:\/\/www.pewresearch.org\/fact-tank\/2013\/12\/05\/americans-see-growing-gap-between-rich-and-poor\/\" rel=\"external nofollow\">\u201clos ricos se hacen m\u00e1s ricos y los pobres m\u00e1s pobres\u201d<\/a>, lo que se conoce como el <a href=\"https:\/\/es.wikipedia.org\/wiki\/Efecto_Mateo\" rel=\"external nofollow\">efecto Mateo<\/a>. El Papa Francisco (@Pontifex) ya lo dijo el 28 de abril 2014: <a href=\"https:\/\/twitter.com\/pontifex_es\/status\/460697074556612609?lang=es\" rel=\"external nofollow\">\u201cLa desigualdad es la ra\u00edz de los males sociales\u201d<\/a>.<\/p>\n<p>La desigualdad ha aumentado en muchos pa\u00edses, como se ha se\u00f1alado en este blog <a href=\"https:\/\/blogs.diariovasco.com\/ekonomiaren-plaza\/2018\/10\/23\/ricos\/\">recientemente<\/a>. El \u00edndice de Gini es una medida t\u00edpica de desigualdad, donde 0=igualdad total y 1=desigualdad total. El Gr\u00e1fico 1 muestra la evoluci\u00f3n del \u00edndice de Gini para una muestra seleccionada de pa\u00edses. Como se puede observar, en la mayor parte de ellos la desigualdad va aumentando.<\/p>\n<p><a href=\"https:\/\/static-blogs.diariovasco.com\/wp-content\/uploads\/sites\/41\/2019\/05\/2019_Gini_Blog.png\"><img loading=\"lazy\" class=\"alignnone size-full wp-image-1227\" src=\"https:\/\/static-blogs.diariovasco.com\/wp-content\/uploads\/sites\/41\/2019\/05\/2019_Gini_Blog.png\" alt=\"2019_gini_blog\" width=\"568\" height=\"296\" srcset=\"https:\/\/static-blogs.diariovasco.com\/wp-content\/uploads\/sites\/41\/2019\/05\/2019_Gini_Blog.png 568w, https:\/\/static-blogs.diariovasco.com\/wp-content\/uploads\/sites\/41\/2019\/05\/2019_Gini_Blog-300x156.png 300w\" sizes=\"(max-width: 568px) 100vw, 568px\" \/><\/a><\/p>\n<p>Fuente: <a href=\"https:\/\/wid.world\/news-article\/gini-coefficients-available\/\" rel=\"external nofollow\">WID<\/a> y <a href=\"https:\/\/datos.bancomundial.org\/indicador\/si.pov.gini\" rel=\"external nofollow\">Banco Mundial<\/a>.<\/p>\n<p>&nbsp;<\/p>\n<p>Por otra parte, la importancia de los activos financieros ha aumentado enormemente en las econom\u00edas actuales. El Gr\u00e1fico 2 muestra la evoluci\u00f3n de los activos y pasivos externos totales (inversi\u00f3n exterior directa, inversi\u00f3n de cartera, pr\u00e9stamos y dep\u00f3sitos, derivados financieros, etc.) respecto al PIB mundial. Se muestra, para tres grupos de pa\u00edses (avanzados, en desarrollo y emergentes, y centros financieros), la evoluci\u00f3n de los activos y los pasivos para el per\u00edodo 1995-2015. Partiendo de unas ratios ligeramente superiores al 50% se ha llegado a cifras cercanas al 200% en 2007 (las ratios se triplicaron aproximadamente durante ese per\u00edodo) tanto en activos como en pasivos para, con la llegada de la crisis, ralentizarse este proceso. Si sum\u00e1ramos los activos y los pasivos externos totales, \u00a0la \u201cparte financiera\u201d supone el 400% sobre la \u201cparte real\u201d (PIB).<\/p>\n<p>&nbsp;<\/p>\n<p><strong>Gr\u00e1fico 2. Activos y Pasivos Externos Totales (% PIB mundial), 1995-2015.<\/strong><\/p>\n<p><a href=\"https:\/\/static-blogs.diariovasco.com\/wp-content\/uploads\/sites\/41\/2019\/05\/2019_LaneMilessiF.png\"><img loading=\"lazy\" class=\"alignnone size-full wp-image-1228\" src=\"https:\/\/static-blogs.diariovasco.com\/wp-content\/uploads\/sites\/41\/2019\/05\/2019_LaneMilessiF.png\" alt=\"2019_lanemilessif\" width=\"567\" height=\"736\" srcset=\"https:\/\/static-blogs.diariovasco.com\/wp-content\/uploads\/sites\/41\/2019\/05\/2019_LaneMilessiF.png 567w, https:\/\/static-blogs.diariovasco.com\/wp-content\/uploads\/sites\/41\/2019\/05\/2019_LaneMilessiF-231x300.png 231w\" sizes=\"(max-width: 567px) 100vw, 567px\" \/><\/a><\/p>\n<p>Fuente: <a href=\"https:\/\/www.imf.org\/en\/Publications\/WP\/Issues\/2017\/05\/10\/International-Financial-Integration-in-the-Aftermath-of-the-Global-Financial-Crisis-44906\" rel=\"external nofollow\">Lane y Milesi-Ferretti (2017).<\/a><\/p>\n<p>&nbsp;<\/p>\n<p>El <em>Professor<\/em> <a href=\"https:\/\/econ.washington.edu\/people\/stephen-turnovsky\" rel=\"external nofollow\">Stephen J. Turnovsky<\/a> (de la Universidad de Washington, en Seattle) y yo hemos escrito un trabajo sobre el impacto de la globalizaci\u00f3n financiera sobre la desigualdad, que acaba de publicarse en una revista importante, <em>Journal of International Economics<\/em> (puedes bajar el art\u00edculo gratis <a href=\"https:\/\/authors.elsevier.com\/a\/1Y~oQ5330R2mC\" rel=\"external nofollow\">aqu\u00ed<\/a> hasta dentro de un mes aproximadamente). En este trabajo analizamos c\u00f3mo una mayor apertura a los mercados financieros internacionales puede afectar a la desigualdad, medida a trav\u00e9s del coeficiente de Gini. As\u00ed, en la medida en que la liberalizaci\u00f3n financiera aumenta los rendimientos de invertir en el extranjero o reduce los costes de pedir prestado en el extranjero, dado que la mayor parte de estas actividades son realizadas por las personas m\u00e1s ricas de la sociedad, tender\u00e1 a aumentar la desigualdad. Adem\u00e1s, analizamos las diferencias que existen entre las dos formas de liberalizaci\u00f3n, por la parte de las inversiones realizadas en el extranjero por un lado y por la parte de las inversiones recibidas del extranjero por otro. El resultado principal de nuestro trabajo es que un mayor grado de globalizaci\u00f3n financiera internacional est\u00e1 asociado a una mayor desigualdad.<\/p>\n<p>Este resultado nos lleva a concluir, con la cautela debida, que los gestores de la pol\u00edtica deben prestar atenci\u00f3n a los grandes movimientos financieros internacionales en la medida en que el aumento (excesivo) de la desigualdad sea un objetivo no deseable para la sociedad.<\/p>\n<p>Continuar\u00e1 \u2026<\/p>\n<p>&nbsp;<\/p>\n<p><a href=\"https:\/\/twitter.com\/InakiErauskin\" rel=\"external nofollow\">@InakiErauskin <\/a><\/p>\n<p>&nbsp;<\/p>\n<!-- AddThis Advanced Settings generic via filter on the_content --><!-- AddThis Share Buttons generic via filter on the_content -->","protected":false},"excerpt":{"rendered":"<p>@InakiErauskin &nbsp; Hoy voy a \u201chablar de mi libro\u201d, sin que sirva de precedente. Estos \u00faltimos a\u00f1os me he dedicado a investigar sobre el impacto de la globalizaci\u00f3n financiera sobre la desigualdad, entre otros temas. Hay muchos factores que influyen sobre la desigualdad, tales como el comercio internacional, el peso de los salarios, u otros, [&hellip;]<!-- AddThis Advanced Settings generic via filter on get_the_excerpt --><!-- AddThis Share Buttons generic via filter on get_the_excerpt --><\/p>\n","protected":false},"author":69,"featured_media":0,"comment_status":"closed","ping_status":"closed","sticky":false,"template":"","format":"standard","meta":[],"categories":[1],"tags":[],"_links":{"self":[{"href":"https:\/\/blogs.diariovasco.com\/ekonomiaren-plaza\/wp-json\/wp\/v2\/posts\/1225"}],"collection":[{"href":"https:\/\/blogs.diariovasco.com\/ekonomiaren-plaza\/wp-json\/wp\/v2\/posts"}],"about":[{"href":"https:\/\/blogs.diariovasco.com\/ekonomiaren-plaza\/wp-json\/wp\/v2\/types\/post"}],"author":[{"embeddable":true,"href":"https:\/\/blogs.diariovasco.com\/ekonomiaren-plaza\/wp-json\/wp\/v2\/users\/69"}],"replies":[{"embeddable":true,"href":"https:\/\/blogs.diariovasco.com\/ekonomiaren-plaza\/wp-json\/wp\/v2\/comments?post=1225"}],"version-history":[{"count":2,"href":"https:\/\/blogs.diariovasco.com\/ekonomiaren-plaza\/wp-json\/wp\/v2\/posts\/1225\/revisions"}],"predecessor-version":[{"id":1230,"href":"https:\/\/blogs.diariovasco.com\/ekonomiaren-plaza\/wp-json\/wp\/v2\/posts\/1225\/revisions\/1230"}],"wp:attachment":[{"href":"https:\/\/blogs.diariovasco.com\/ekonomiaren-plaza\/wp-json\/wp\/v2\/media?parent=1225"}],"wp:term":[{"taxonomy":"category","embeddable":true,"href":"https:\/\/blogs.diariovasco.com\/ekonomiaren-plaza\/wp-json\/wp\/v2\/categories?post=1225"},{"taxonomy":"post_tag","embeddable":true,"href":"https:\/\/blogs.diariovasco.com\/ekonomiaren-plaza\/wp-json\/wp\/v2\/tags?post=1225"}],"curies":[{"name":"wp","href":"https:\/\/api.w.org\/{rel}","templated":true}]}}