{"id":2483,"date":"2023-09-26T06:11:27","date_gmt":"2023-09-26T05:11:27","guid":{"rendered":"https:\/\/blogs.diariovasco.com\/ekonomiaren-plaza\/?p=2483"},"modified":"2023-09-26T10:28:43","modified_gmt":"2023-09-26T09:28:43","slug":"beneficiosinflacion","status":"publish","type":"post","link":"https:\/\/blogs.diariovasco.com\/ekonomiaren-plaza\/2023\/09\/26\/beneficiosinflacion\/","title":{"rendered":"\u00bfMayores beneficios han contribuido a la inflaci\u00f3n?"},"content":{"rendered":"<p><a href=\"https:\/\/twitter.com\/InakiErauskin\" rel=\"external nofollow\">@InakiErauskin \u00a0<\/a><\/p>\n<p>&nbsp;<\/p>\n<p>El Banco Central Europeo (BCE) ha alertado recientemente sobre la contribuci\u00f3n de los beneficios de las empresas a la inflaci\u00f3n (pincha <a href=\"https:\/\/www.ecb.europa.eu\/pub\/economic-bulletin\/html\/eb202304.en.html\" rel=\"external nofollow\">aqu\u00ed<\/a> para el Bolet\u00edn Econ\u00f3mico del BCE y <a href=\"https:\/\/www.ecb.europa.eu\/pub\/economic-bulletin\/focus\/2023\/html\/ecb.ebbox202304_03~705befadac.en.html\" rel=\"external nofollow\">aqu\u00ed<\/a> para la contribuci\u00f3n m\u00e1s detallada sobre este hecho). Uno de los m\u00e9todos habituales para analizarlo suele ser fijarse en los beneficios unitarios, de forma an\u00e1loga a los costes laborales unitarios, que suele implicar compararlo con el PIB. As\u00ed, se puede analizar la evoluci\u00f3n de los precios medios de la econom\u00eda a trav\u00e9s del deflactor del PIB (el otro gran \u00edndice de precios es el IPC o \u00cdndice de Precios de Consumo, que generalmente suele tener un comportamiento similar):<\/p>\n<p><a href=\"https:\/\/static-blogs.diariovasco.com\/wp-content\/uploads\/sites\/41\/2023\/09\/2023_Deflactor.png\"><img loading=\"lazy\" class=\"alignnone size-full wp-image-2485\" src=\"https:\/\/static-blogs.diariovasco.com\/wp-content\/uploads\/sites\/41\/2023\/09\/2023_Deflactor.png\" alt=\"\" width=\"809\" height=\"118\" srcset=\"https:\/\/static-blogs.diariovasco.com\/wp-content\/uploads\/sites\/41\/2023\/09\/2023_Deflactor.png 809w, https:\/\/static-blogs.diariovasco.com\/wp-content\/uploads\/sites\/41\/2023\/09\/2023_Deflactor-300x44.png 300w, https:\/\/static-blogs.diariovasco.com\/wp-content\/uploads\/sites\/41\/2023\/09\/2023_Deflactor-768x112.png 768w\" sizes=\"(max-width: 809px) 100vw, 809px\" \/><\/a><\/p>\n<p>La intuici\u00f3n es que si los salarios y los \u201cbeneficios\u201d (t\u00e9cnicamente, el excedente bruto de explotaci\u00f3n y la renta mixta bruta de los aut\u00f3nomos) crecen conjuntamente un 3% y el PIB real (la producci\u00f3n f\u00edsica, habiendo descontado ya la inflaci\u00f3n) tambi\u00e9n crece un 3% entonces los precios medios no var\u00edan, esto es, \u201ccrecen\u201d un 0%. As\u00ed, en la medida en que los salarios y los beneficios crecen por encima del PIB real aumentar\u00e1n los precios medios, y viceversa.<\/p>\n<p>Aprovechando esta relaci\u00f3n el BCE ha calculado a qu\u00e9 se ha debido al aumento de los precios en la Eurozona. El Gr\u00e1fico 1 muestra la contribuci\u00f3n de cada elemento al aumento de precios en t\u00e9rminos porcentuales anuales. As\u00ed, el deflactor creci\u00f3 un 6,2% en el primer trimestre de 2023 (de un 5,8% en el cuarto trimestre de 2022). A su vez, los beneficios unitarios (representados en verde) y los costes labores unitarios (representados en amarillo) contribuyeron cada uno de ellos a la mitad del aumento aproximadamente el \u00faltimo trimestre, pero supusieron casi el 60% en los \u00faltimos tres trimestres, cuando su participaci\u00f3n en la renta se suele situar cerca del 42%. La contribuci\u00f3n de los beneficios unitarios se mantiene alta comparada con trimestres anteriores, debido probablemente a desequilibrios entre demanda y oferta en algunos sectores y que las empresas tengan un entorno favorable para poder trasladar sus aumentos de costes o mayores m\u00e1rgenes a precios de venta m\u00e1s altos. Parece que la presi\u00f3n salarial es alta tambi\u00e9n.<\/p>\n<p><strong>\u00a0<\/strong><\/p>\n<p><strong>Gr\u00e1fico 1: El deflactor del PIB y los factores que contribuyen a su aumento en la Eurozona (porcentajes anuales).<\/strong><\/p>\n<p><a href=\"https:\/\/static-blogs.diariovasco.com\/wp-content\/uploads\/sites\/41\/2023\/09\/2023_PreciosBeneficios.png\"><img loading=\"lazy\" class=\"alignnone size-full wp-image-2486\" src=\"https:\/\/static-blogs.diariovasco.com\/wp-content\/uploads\/sites\/41\/2023\/09\/2023_PreciosBeneficios.png\" alt=\"\" width=\"567\" height=\"389\" srcset=\"https:\/\/static-blogs.diariovasco.com\/wp-content\/uploads\/sites\/41\/2023\/09\/2023_PreciosBeneficios.png 567w, https:\/\/static-blogs.diariovasco.com\/wp-content\/uploads\/sites\/41\/2023\/09\/2023_PreciosBeneficios-300x206.png 300w\" sizes=\"(max-width: 567px) 100vw, 567px\" \/><\/a><\/p>\n<p>Fuente: <a href=\"https:\/\/www.ecb.europa.eu\/pub\/economic-bulletin\/html\/eb202304.en.html\" rel=\"external nofollow\">BCE<\/a>.<\/p>\n<p>&nbsp;<\/p>\n<p>El futuro m\u00e1s pr\u00f3ximo sugiere que tanto las subidas de los precios como las de los salarios se van a ir ralentizando. En efecto, se prev\u00e9 que el IPC armonizado de la Eurozona disminuya del 8,4% en 2022 a 5,6% en 2023, 3,2% en 2024 y 2,1% (las previsiones del Banco de Espa\u00f1a para Espa\u00f1a son mejores). Sin embargo, la decisi\u00f3n m\u00e1s reciente del BCE de seguir subiendo el tipo de inter\u00e9s oficial hasta el 4,50% implica que va a costar lo suyo, especialmente en t\u00e9rminos de producci\u00f3n y empleo.<\/p>\n<p>Veremos.<\/p>\n<p>&nbsp;<\/p>\n<p><a href=\"https:\/\/twitter.com\/InakiErauskin\" rel=\"external nofollow\">@InakiErauskin <\/a><\/p>\n<p>&nbsp;<\/p>\n<!-- AddThis Advanced Settings generic via filter on the_content --><!-- AddThis Share Buttons generic via filter on the_content -->","protected":false},"excerpt":{"rendered":"<p>@InakiErauskin \u00a0 &nbsp; El Banco Central Europeo (BCE) ha alertado recientemente sobre la contribuci\u00f3n de los beneficios de las empresas a la inflaci\u00f3n (pincha aqu\u00ed para el Bolet\u00edn Econ\u00f3mico del BCE y aqu\u00ed para la contribuci\u00f3n m\u00e1s detallada sobre este hecho). Uno de los m\u00e9todos habituales para analizarlo suele ser fijarse en los beneficios unitarios, [&hellip;]<!-- AddThis Advanced Settings generic via filter on get_the_excerpt --><!-- AddThis Share Buttons generic via filter on get_the_excerpt --><\/p>\n","protected":false},"author":69,"featured_media":0,"comment_status":"closed","ping_status":"closed","sticky":false,"template":"","format":"standard","meta":[],"categories":[1],"tags":[],"_links":{"self":[{"href":"https:\/\/blogs.diariovasco.com\/ekonomiaren-plaza\/wp-json\/wp\/v2\/posts\/2483"}],"collection":[{"href":"https:\/\/blogs.diariovasco.com\/ekonomiaren-plaza\/wp-json\/wp\/v2\/posts"}],"about":[{"href":"https:\/\/blogs.diariovasco.com\/ekonomiaren-plaza\/wp-json\/wp\/v2\/types\/post"}],"author":[{"embeddable":true,"href":"https:\/\/blogs.diariovasco.com\/ekonomiaren-plaza\/wp-json\/wp\/v2\/users\/69"}],"replies":[{"embeddable":true,"href":"https:\/\/blogs.diariovasco.com\/ekonomiaren-plaza\/wp-json\/wp\/v2\/comments?post=2483"}],"version-history":[{"count":2,"href":"https:\/\/blogs.diariovasco.com\/ekonomiaren-plaza\/wp-json\/wp\/v2\/posts\/2483\/revisions"}],"predecessor-version":[{"id":2488,"href":"https:\/\/blogs.diariovasco.com\/ekonomiaren-plaza\/wp-json\/wp\/v2\/posts\/2483\/revisions\/2488"}],"wp:attachment":[{"href":"https:\/\/blogs.diariovasco.com\/ekonomiaren-plaza\/wp-json\/wp\/v2\/media?parent=2483"}],"wp:term":[{"taxonomy":"category","embeddable":true,"href":"https:\/\/blogs.diariovasco.com\/ekonomiaren-plaza\/wp-json\/wp\/v2\/categories?post=2483"},{"taxonomy":"post_tag","embeddable":true,"href":"https:\/\/blogs.diariovasco.com\/ekonomiaren-plaza\/wp-json\/wp\/v2\/tags?post=2483"}],"curies":[{"name":"wp","href":"https:\/\/api.w.org\/{rel}","templated":true}]}}