{"id":2746,"date":"2024-09-10T05:00:44","date_gmt":"2024-09-10T04:00:44","guid":{"rendered":"https:\/\/blogs.diariovasco.com\/ekonomiaren-plaza\/?p=2746"},"modified":"2024-09-09T14:28:11","modified_gmt":"2024-09-09T13:28:11","slug":"las-exportaciones-verdes-de-espana","status":"publish","type":"post","link":"https:\/\/blogs.diariovasco.com\/ekonomiaren-plaza\/2024\/09\/10\/las-exportaciones-verdes-de-espana\/","title":{"rendered":"Las exportaciones verdes de Espa\u00f1a"},"content":{"rendered":"<p><em>Asier Minondo<\/em><\/p>\n<p>&nbsp;<\/p>\n<p>Con este post comenzamos la decimotercera temporada de Ekonomiaren Plaza. En el a\u00f1o 2012 pusimos en marcha este blog para reflexionar sobre diferentes aspectos de nuestra realidad econ\u00f3mica, de una manera divulgativa y rigurosa. Muchas gracias a nuestros lectores por su fidelidad. Esperamos que esta temporada sig\u00e1is con nosotros y podamos interesar a muchos nuevos lectores m\u00e1s.<\/p>\n<p>Para comenzar esta temporada, voy a analizar las exportaciones espa\u00f1olas de productos relacionados con la transici\u00f3n clim\u00e1tica. Los <a href=\"https:\/\/www.oecd-ilibrary.org\/industry-and-services\/the-environmental-goods-and-services-industry_9789264173651-en\" rel=\"external nofollow\">productos verdes<\/a> se definen como \u201cproductos que miden, previenen, limitan, minimizan o corrigen el da\u00f1o medioambiental&#8221;. Ejemplos de productos verdes ser\u00edan el coche el\u00e9ctrico, que utiliza la electricidad en vez de los combustibles f\u00f3siles para su propulsi\u00f3n, las turbinas hidr\u00e1ulicas, que permiten explotar la energ\u00eda de los saltos de agua, o los equipos para purificar el aire, que mejoran la calidad del aire. Bas\u00e1ndose en la definici\u00f3n anterior, tanto la Organizaci\u00f3n para la Cooperaci\u00f3n y el Desarrollo Econ\u00f3mico (<a href=\"https:\/\/www.oecd-ilibrary.org\/trade\/the-stringency-of-environmental-regulations-and-trade-in-environmental-goods_5jxrjn7xsnmq-en\" rel=\"external nofollow\">OCDE<\/a>), como el Foro Econ\u00f3mico Mundial (<a href=\"https:\/\/www.weforum.org\/publications\/accelerating-decarbonization-through-trade-in-climate-goods-and-services\/\" rel=\"external nofollow\">FEM<\/a>), han creado sendas listas en las que se identifican 292 productos verdes.<\/p>\n<p>En 2022, Espa\u00f1a export\u00f3 277 de los 292 productos verdes. Como muestra el panel A del Gr\u00e1fico 1, los veh\u00edculos que cuentan solamente con propulsi\u00f3n el\u00e9ctrica fue el producto verde m\u00e1s exportado por Espa\u00f1a en 2022 (4027 millones de d\u00f3lares). Este producto represent\u00f3 el 14% del total de las exportaciones de productos verdes de Espa\u00f1a en 2022. Las estructuras de hierro y acero que se utilizan en la construcci\u00f3n de plantas de energ\u00eda renovable fue el segundo producto m\u00e1s exportado (1589 millones y el 5% del total de las exportaciones de productos verdes). A continuaci\u00f3n, se encuentran los convertidores est\u00e1ticos (1223 millones y el 4%), las dem\u00e1s manufacturas de hierro que se utilizan en la gesti\u00f3n de las aguas residuales y en el tratamiento del agua potable (1154 millones y el 4%) y otros art\u00edculos de grifer\u00eda (1146 millones y el 4%).<\/p>\n<p>Gr\u00e1fico 1. Los 10 productos verdes m\u00e1s exportados, 2022 (millones de USD)<\/p>\n<p>A. Espa\u00f1a<\/p>\n<p><a href=\"https:\/\/static-blogs.diariovasco.com\/wp-content\/uploads\/sites\/41\/2024\/09\/top10greenspain2022.png\"><img loading=\"lazy\" class=\"aligncenter wp-image-2749\" src=\"https:\/\/static-blogs.diariovasco.com\/wp-content\/uploads\/sites\/41\/2024\/09\/top10greenspain2022.png\" alt=\"\" width=\"820\" height=\"518\" srcset=\"https:\/\/static-blogs.diariovasco.com\/wp-content\/uploads\/sites\/41\/2024\/09\/top10greenspain2022.png 950w, https:\/\/static-blogs.diariovasco.com\/wp-content\/uploads\/sites\/41\/2024\/09\/top10greenspain2022-300x189.png 300w, https:\/\/static-blogs.diariovasco.com\/wp-content\/uploads\/sites\/41\/2024\/09\/top10greenspain2022-768x485.png 768w\" sizes=\"(max-width: 820px) 100vw, 820px\" \/><\/a><\/p>\n<p>B. Global<\/p>\n<p><a href=\"https:\/\/static-blogs.diariovasco.com\/wp-content\/uploads\/sites\/41\/2024\/09\/top10greenglobal2022.png\"><img loading=\"lazy\" class=\"aligncenter wp-image-2750\" src=\"https:\/\/static-blogs.diariovasco.com\/wp-content\/uploads\/sites\/41\/2024\/09\/top10greenglobal2022.png\" alt=\"\" width=\"814\" height=\"514\" srcset=\"https:\/\/static-blogs.diariovasco.com\/wp-content\/uploads\/sites\/41\/2024\/09\/top10greenglobal2022.png 950w, https:\/\/static-blogs.diariovasco.com\/wp-content\/uploads\/sites\/41\/2024\/09\/top10greenglobal2022-300x189.png 300w, https:\/\/static-blogs.diariovasco.com\/wp-content\/uploads\/sites\/41\/2024\/09\/top10greenglobal2022-768x485.png 768w\" sizes=\"(max-width: 814px) 100vw, 814px\" \/><\/a><\/p>\n<p>Fuente: elaboraci\u00f3n del autor a partir de la base de datos <a href=\"http:\/\/www.cepii.fr\/CEPII\/en\/bdd_modele\/bdd_modele_item.asp?id=37\" rel=\"external nofollow\">BACI de la CEPII<\/a>.<\/p>\n<p>&nbsp;<\/p>\n<p>El panel B muestra los 10 productos verdes m\u00e1s exportados globalmente. Es interesante observar que 6 de los 10 productos m\u00e1s exportados globalmente tambi\u00e9n se encuentran en la lista de los 10 productos verdes m\u00e1s exportados por Espa\u00f1a. En particular, cuatro de los cinco productos m\u00e1s exportados globalmente: los veh\u00edculos que cuentan solamente con propulsi\u00f3n el\u00e9ctrica, los convertidores est\u00e1ticos, los dem\u00e1s art\u00edculos de grifer\u00eda y las dem\u00e1s manufacturas de hierro, tambi\u00e9n se encuentran entre los cinco productos verdes m\u00e1s exportados por Espa\u00f1a.<\/p>\n<p>La comparaci\u00f3n de los paneles A y B del Gr\u00e1fico 1 indica que la especializaci\u00f3n de Espa\u00f1a en productos verdes est\u00e1 en l\u00ednea con la especializaci\u00f3n global. Sin embargo, \u00bfes el peso de los productos verdes en las exportaciones espa\u00f1olas similar al de otros pa\u00edses? El Gr\u00e1fico 2 muestra el peso de los productos verdes en las exportaciones totales de bienes de Alemania, Espa\u00f1a, Francia, Italia, el Reino Unido y globalmente en el periodo 2009-2022. Los productos verdes supon\u00edan el 7,4% de las exportaciones espa\u00f1olas en 2022. Este porcentaje no ha variado con relaci\u00f3n al de 2009. Por tanto, Espa\u00f1a no ha aumentado su especializaci\u00f3n en los productos verdes en el periodo 2009-2022. El peso de los productos verdes en las exportaciones espa\u00f1olas es ligeramente inferior al peso de estos productos en las exportaciones globales: 7,9% en 2022. Al igual que en Espa\u00f1a, no se observa que el peso de los productos verdes en las exportaciones globales haya variado en el periodo 2009-2022. Por tanto, parece que la transici\u00f3n clim\u00e1tica, por ahora, no se ha traducido en un aumento del peso de los productos verdes en las exportaciones globales.<\/p>\n<p>&nbsp;<\/p>\n<p>Gr\u00e1fico 2. Peso de los productos verdes en las exportaciones totales de bienes, 2009-2022 (% del total de exportaciones)<\/p>\n<p><a href=\"https:\/\/static-blogs.diariovasco.com\/wp-content\/uploads\/sites\/41\/2024\/09\/green.png\"><img loading=\"lazy\" class=\"aligncenter wp-image-2751\" src=\"https:\/\/static-blogs.diariovasco.com\/wp-content\/uploads\/sites\/41\/2024\/09\/green.png\" alt=\"\" width=\"762\" height=\"481\" srcset=\"https:\/\/static-blogs.diariovasco.com\/wp-content\/uploads\/sites\/41\/2024\/09\/green.png 950w, https:\/\/static-blogs.diariovasco.com\/wp-content\/uploads\/sites\/41\/2024\/09\/green-300x189.png 300w, https:\/\/static-blogs.diariovasco.com\/wp-content\/uploads\/sites\/41\/2024\/09\/green-768x485.png 768w\" sizes=\"(max-width: 762px) 100vw, 762px\" \/><\/a><\/p>\n<p>Fuente: elaboraci\u00f3n del autor a partir de la base de datos <a href=\"http:\/\/www.cepii.fr\/CEPII\/en\/bdd_modele\/bdd_modele_item.asp?id=37\" rel=\"external nofollow\">BACI de la CEPII<\/a> y la lista de productos verdes de la OCDE y el FEM.<\/p>\n<p>&nbsp;<\/p>\n<p>El peso de los productos verdes es menor en Espa\u00f1a que en otros grandes pa\u00edses europeos, como Alemania (13,9%), Italia (11,3%) y Reino Unido (8,6%). En el caso de Alemania e Italia, el alto porcentaje de las exportaciones verdes se explica por los veh\u00edculos que cuentan solamente con propulsi\u00f3n el\u00e9ctrica y otros art\u00edculos de grifer\u00eda, respectivamente. Las exportaciones de Espa\u00f1a solamente superan en porcentaje de productos verdes a Francia (7,0%). Durante el periodo 2009-2022 se incrementa el peso de los productos verdes en las exportaciones alemanas y brit\u00e1nicas, y desciende en las francesas e italianas.<\/p>\n<p>En resumen, con relaci\u00f3n a la composici\u00f3n de los productos verdes, las exportaciones espa\u00f1olas est\u00e1n en l\u00ednea con las exportaciones globales. Sin embargo, el peso de los productos verdes en las exportaciones espa\u00f1olas es menor que en las exportaciones globales y las exportaciones de otros pa\u00edses europeos como Alemania, Italia o Reino Unido. Teniendo en cuenta la composici\u00f3n de las exportaciones espa\u00f1olas, los coches el\u00e9ctricos ser\u00e1n muy importantes para que Espa\u00f1a pueda beneficiarse del potencial crecimiento futuro de las exportaciones ligadas a la transici\u00f3n clim\u00e1tica.<\/p>\n<!-- AddThis Advanced Settings generic via filter on the_content --><!-- AddThis Share Buttons generic via filter on the_content -->","protected":false},"excerpt":{"rendered":"<p>Asier Minondo &nbsp; Con este post comenzamos la decimotercera temporada de Ekonomiaren Plaza. En el a\u00f1o 2012 pusimos en marcha este blog para reflexionar sobre diferentes aspectos de nuestra realidad econ\u00f3mica, de una manera divulgativa y rigurosa. Muchas gracias a nuestros lectores por su fidelidad. Esperamos que esta temporada sig\u00e1is con nosotros y podamos interesar [&hellip;]<!-- AddThis Advanced Settings generic via filter on get_the_excerpt --><!-- AddThis Share Buttons generic via filter on get_the_excerpt --><\/p>\n","protected":false},"author":68,"featured_media":0,"comment_status":"closed","ping_status":"closed","sticky":false,"template":"","format":"standard","meta":[],"categories":[1],"tags":[],"_links":{"self":[{"href":"https:\/\/blogs.diariovasco.com\/ekonomiaren-plaza\/wp-json\/wp\/v2\/posts\/2746"}],"collection":[{"href":"https:\/\/blogs.diariovasco.com\/ekonomiaren-plaza\/wp-json\/wp\/v2\/posts"}],"about":[{"href":"https:\/\/blogs.diariovasco.com\/ekonomiaren-plaza\/wp-json\/wp\/v2\/types\/post"}],"author":[{"embeddable":true,"href":"https:\/\/blogs.diariovasco.com\/ekonomiaren-plaza\/wp-json\/wp\/v2\/users\/68"}],"replies":[{"embeddable":true,"href":"https:\/\/blogs.diariovasco.com\/ekonomiaren-plaza\/wp-json\/wp\/v2\/comments?post=2746"}],"version-history":[{"count":4,"href":"https:\/\/blogs.diariovasco.com\/ekonomiaren-plaza\/wp-json\/wp\/v2\/posts\/2746\/revisions"}],"predecessor-version":[{"id":2753,"href":"https:\/\/blogs.diariovasco.com\/ekonomiaren-plaza\/wp-json\/wp\/v2\/posts\/2746\/revisions\/2753"}],"wp:attachment":[{"href":"https:\/\/blogs.diariovasco.com\/ekonomiaren-plaza\/wp-json\/wp\/v2\/media?parent=2746"}],"wp:term":[{"taxonomy":"category","embeddable":true,"href":"https:\/\/blogs.diariovasco.com\/ekonomiaren-plaza\/wp-json\/wp\/v2\/categories?post=2746"},{"taxonomy":"post_tag","embeddable":true,"href":"https:\/\/blogs.diariovasco.com\/ekonomiaren-plaza\/wp-json\/wp\/v2\/tags?post=2746"}],"curies":[{"name":"wp","href":"https:\/\/api.w.org\/{rel}","templated":true}]}}