{"id":772,"date":"2017-11-07T07:25:38","date_gmt":"2017-11-07T06:25:38","guid":{"rendered":"http:\/\/blogs.diariovasco.com\/ekonomiaren-plaza\/?p=772"},"modified":"2017-11-07T07:25:38","modified_gmt":"2017-11-07T06:25:38","slug":"el-comercio-internacional-y-la-desigualdad","status":"publish","type":"post","link":"https:\/\/blogs.diariovasco.com\/ekonomiaren-plaza\/2017\/11\/07\/el-comercio-internacional-y-la-desigualdad\/","title":{"rendered":"El comercio internacional y la desigualdad"},"content":{"rendered":"<p>En un <a href=\"https:\/\/blogs.diariovasco.com\/ekonomiaren-plaza\/2017\/04\/04\/el-elefante-de-la-desigualdad\/\">post<\/a> anterior, mostraba que la renta de las personas de clase media-baja de algunos pa\u00edses desarrollados, como Estados Unidos, es la que menos ha crecido en el mundo durante el periodo 1988-2008 (I\u00f1aki Erauskin analizaba en este <a href=\"https:\/\/blogs.diariovasco.com\/ekonomiaren-plaza\/2017\/04\/11\/desberdintasuna\/\">post<\/a> la evoluci\u00f3n de la desigualdad en el Pa\u00eds Vasco).<\/p>\n<p>Una de las razones que explica el menor crecimiento de la renta de las personas de clase media-baja en los pa\u00edses desarrollados es el comercio internacional con los pa\u00edses en v\u00edas de desarrollo y, en especial, con China. El aumento de las importaciones de estos pa\u00edses, concentrados en productos intensivos en trabajo poco cualificado (prendas de vestir) o en productos con etapas de producci\u00f3n intensivas en trabajo poco cualificado (el ensamblaje de un <a href=\"https:\/\/blogs.diariovasco.com\/ekonomiaren-plaza\/2012\/10\/16\/cuanto-de-made-in-china-esta-realmente-hecho-en-china-asier-minondo\/\">smartphone<\/a>), ha reducido la producci\u00f3n de estos bienes en los pa\u00edses m\u00e1s desarrollados. Esta ca\u00edda en la producci\u00f3n ha reducido la demanda de los trabajadores poco cualificados en los pa\u00edses desarrollados. Estos trabajadores han sido expulsados del mercado laboral, o han tenido que aceptar un menor salario para tener un empleo. El comercio internacional genera perdedores, pero tambi\u00e9n genera ganadores. Estos son los trabajadores, mayoritariamente cualificados, que trabajan en empresas en las que ha aumentado la producci\u00f3n por la demanda de los pa\u00edses desarrollados. Por ejemplo, las exportaciones de aviones de Estados Unidos a China se multiplicaron por 33 durante el periodo 1995-2015.<\/p>\n<p>El comercio internacional, al aumentar la demanda de los trabajadores cualificados y al reducir la demanda de los trabajadores poco cualificados aumenta la desigualdad en los pa\u00edses desarrollados. Sin embargo, el comercio internacional tambi\u00e9n puede tener un efecto positivo sobre la desigualdad en los pa\u00edses desarrollados. Este efecto positivo se produce a trav\u00e9s de los precios. En concreto, si gracias al comercio internacional cae el precio de los productos que son consumidos en mayor proporci\u00f3n por las personas de rentas bajas, la apertura al exterior estar\u00e1 reduciendo la desigualdad. Pablo Fajgelbaum y Amit Khandelwal analizan esta cuesti\u00f3n en un <a href=\"http:\/\/www.econ.ucla.edu\/pfajgelbaum\/mugft_qje.pdf\" rel=\"external nofollow\">trabajo<\/a> publicado en <em>Quarterly Journal of Economics<\/em>. Estos autores concluyen que si los pa\u00edses se cerrasen al comercio, por t\u00e9rmino medio, la renta real de las personas m\u00e1s pobres (las que se sit\u00faan en el percentil 10 de la distribuci\u00f3n de la renta) caer\u00eda un 63%, mientras que la renta real de las personas m\u00e1s ricas (las que se sit\u00faan en el percentil 90) caer\u00eda solamente un 28%. En el caso de Espa\u00f1a, la renta real de las personas m\u00e1s pobres caer\u00eda un 53%, y la renta real de las personas m\u00e1s ricas caer\u00eda solamente un 12%.<\/p>\n<p>El impacto m\u00e1s favorable del comercio internacional sobre las personas pobres se explica por dos razones. En primer lugar, las personas pobres gastan una parte m\u00e1s importante de su ingreso en productos que se comercializan internacionalmente (por ejemplo, alimentos o prendas de vestir); en cambio, las personas m\u00e1s ricas gastan una parte m\u00e1s importante de sus ingresos en servicios que son menos comercializables internacionalmente (por ejemplo, restaurantes). En segundo lugar, las personas pobres gastan una mayor parte de su renta en productos importados que son m\u00e1s dif\u00edciles de sustituir por los productos dom\u00e9sticos. Por tanto, si el pa\u00eds se cerrase al comercio, el impacto ser\u00eda m\u00e1s negativo sobre las personas pobres que sobre las ricas.<\/p>\n<p>Las conclusiones del trabajo de Fajgelbaum y Khandelwal ponen de manifiesto que el comercio internacional tambi\u00e9n tiene efectos positivos sobre las personas pobres. Es importante tener presente esta conclusi\u00f3n ante los devaneos proteccionistas de algunos dirigentes pol\u00edticos.<\/p>\n<!-- AddThis Advanced Settings generic via filter on the_content --><!-- AddThis Share Buttons generic via filter on the_content -->","protected":false},"excerpt":{"rendered":"<p>En un post anterior, mostraba que la renta de las personas de clase media-baja de algunos pa\u00edses desarrollados, como Estados Unidos, es la que menos ha crecido en el mundo durante el periodo 1988-2008 (I\u00f1aki Erauskin analizaba en este post la evoluci\u00f3n de la desigualdad en el Pa\u00eds Vasco). Una de las razones que explica [&hellip;]<!-- AddThis Advanced Settings generic via filter on get_the_excerpt --><!-- AddThis Share Buttons generic via filter on get_the_excerpt --><\/p>\n","protected":false},"author":68,"featured_media":0,"comment_status":"closed","ping_status":"closed","sticky":false,"template":"","format":"standard","meta":[],"categories":[1],"tags":[],"_links":{"self":[{"href":"https:\/\/blogs.diariovasco.com\/ekonomiaren-plaza\/wp-json\/wp\/v2\/posts\/772"}],"collection":[{"href":"https:\/\/blogs.diariovasco.com\/ekonomiaren-plaza\/wp-json\/wp\/v2\/posts"}],"about":[{"href":"https:\/\/blogs.diariovasco.com\/ekonomiaren-plaza\/wp-json\/wp\/v2\/types\/post"}],"author":[{"embeddable":true,"href":"https:\/\/blogs.diariovasco.com\/ekonomiaren-plaza\/wp-json\/wp\/v2\/users\/68"}],"replies":[{"embeddable":true,"href":"https:\/\/blogs.diariovasco.com\/ekonomiaren-plaza\/wp-json\/wp\/v2\/comments?post=772"}],"version-history":[{"count":2,"href":"https:\/\/blogs.diariovasco.com\/ekonomiaren-plaza\/wp-json\/wp\/v2\/posts\/772\/revisions"}],"predecessor-version":[{"id":774,"href":"https:\/\/blogs.diariovasco.com\/ekonomiaren-plaza\/wp-json\/wp\/v2\/posts\/772\/revisions\/774"}],"wp:attachment":[{"href":"https:\/\/blogs.diariovasco.com\/ekonomiaren-plaza\/wp-json\/wp\/v2\/media?parent=772"}],"wp:term":[{"taxonomy":"category","embeddable":true,"href":"https:\/\/blogs.diariovasco.com\/ekonomiaren-plaza\/wp-json\/wp\/v2\/categories?post=772"},{"taxonomy":"post_tag","embeddable":true,"href":"https:\/\/blogs.diariovasco.com\/ekonomiaren-plaza\/wp-json\/wp\/v2\/tags?post=772"}],"curies":[{"name":"wp","href":"https:\/\/api.w.org\/{rel}","templated":true}]}}