{"id":779,"date":"2017-11-14T08:52:16","date_gmt":"2017-11-14T07:52:16","guid":{"rendered":"http:\/\/blogs.diariovasco.com\/ekonomiaren-plaza\/?p=779"},"modified":"2017-11-14T08:52:16","modified_gmt":"2017-11-14T07:52:16","slug":"pibcataluna","status":"publish","type":"post","link":"https:\/\/blogs.diariovasco.com\/ekonomiaren-plaza\/2017\/11\/14\/pibcataluna\/","title":{"rendered":"\u00bfCu\u00e1nto PIB suponen las empresas que \u201cse van\u201d de Catalu\u00f1a?"},"content":{"rendered":"<div class=\"standard\">\n<p><a href=\"https:\/\/twitter.com\/InakiErauskin\" rel=\"external nofollow\">@InakiErauskin <\/a><\/p>\n<p>&nbsp;<\/p>\n<p>\u00daltimamente he le\u00eddo noticias tales como \u201cEl PIB de Catalu\u00f1a es de 223.629 millones de euros. Las 40 empresas m\u00e1s importantes que se han marchado totalizan una facturaci\u00f3n de 64.917 millones de euros, lo que equivale al 30% del PIB de Catalu\u00f1a\u201d, de Fernando Tr\u00edas de Bes, escritor y economista catal\u00e1n (pincha <a href=\"https:\/\/www.ara.cat\/opinio\/Junqueras-pren-idiotes_0_1892810703.html\" rel=\"external nofollow\">aqu\u00ed<\/a>), o que \u201cLas empresas cotizadas que han dejado Catalu\u00f1a tienen un valor equivalente al 40% del PIB regional\u201d (pincha <a href=\"https:\/\/www.libremercado.com\/2017-10-09\/las-empresas-que-ya-han-dejado-cataluna-tienen-un-valor-equivalente-al-40-del-pib-regional-1276607198\/\" rel=\"external nofollow\">aqu\u00ed<\/a>). Y hay m\u00e1s (<a href=\"https:\/\/intereconomia.com\/empresas\/mas-1-600-empresas-trasladado-ya-sede-social-cataluna-20171026-1431\/\" rel=\"external nofollow\">aqu\u00ed<\/a> o <a href=\"https:\/\/okdiario.com\/investigacion\/2017\/10\/08\/cataluna-perdera-61-000-millones-anuales-pib-fuga-grandes-empresas-1-1396421\" rel=\"external nofollow\">aqu\u00ed<\/a>). Ha sido especialmente medi\u00e1tico el art\u00edculo de Tr\u00edas de Bes (pincha <a href=\"https:\/\/www.ara.cat\/opinio\/Junqueras-pren-idiotes_0_1892810703.html\" rel=\"external nofollow\">aqu\u00ed<\/a>), la respuesta del economista de\u00a0Columbia University,\u00a0Xavier Sala i Mart\u00edn (abajo su comentario en Twitter), y la respuesta final de Tr\u00edas de Bes (pincha <a href=\"http:\/\/www.twitlonger.com\/show\/n_1sq97rj\" rel=\"external nofollow\">aqu\u00ed<\/a>).<\/p>\n<p><a href=\"https:\/\/static-blogs.diariovasco.com\/wp-content\/uploads\/sites\/41\/2017\/11\/2017_TriasdeBes.png\"><img loading=\"lazy\" class=\"alignnone size-full wp-image-780\" src=\"https:\/\/static-blogs.diariovasco.com\/wp-content\/uploads\/sites\/41\/2017\/11\/2017_TriasdeBes.png\" alt=\"2017_triasdebes\" width=\"392\" height=\"364\" srcset=\"https:\/\/static-blogs.diariovasco.com\/wp-content\/uploads\/sites\/41\/2017\/11\/2017_TriasdeBes.png 392w, https:\/\/static-blogs.diariovasco.com\/wp-content\/uploads\/sites\/41\/2017\/11\/2017_TriasdeBes-300x279.png 300w\" sizes=\"(max-width: 392px) 100vw, 392px\" \/><\/a><\/p>\n<p>Por un lado, est\u00e1 el hecho de si las empresas \u201cse van\u201d o no. Por ahora, son generalmente traslados de sede social y\/o fiscal, pero no se traslada la actividad econ\u00f3mica principal. Sin embargo, est\u00e1 claro que este movimiento puede tener un impacto mayor a medio y largo plazo, que es muy dif\u00edcil cuantificar en este momento.<\/p>\n<p>Por otro lado, est\u00e1 el hecho de comparar cifras de facturaci\u00f3n (ventas) con PIB. No tiene sentido esta comparaci\u00f3n. Peor a\u00fan, induce a confusi\u00f3n. Utilizar la facturaci\u00f3n y compararla con el PIB magnifica y sobrevalora el impacto de aquello que queremos valorar. La facturaci\u00f3n es directamente la cifra de ventas de la empresa. Sin embargo, el PIB recoge el valor a\u00f1adido generado por la actividad econ\u00f3mica. Por ejemplo, si se produce un pan, el PIB recoge el valor del pan. Sin embargo, la facturaci\u00f3n de un pan recoge el valor del trigo, el de la harina, \u2026 y el del pan, esto es, el valor de todas las transacciones que han tenido lugar en torno a la producci\u00f3n del pan. Con el valor de la facturaci\u00f3n del pan tiene lugar lo que se conoce como \u201cdoble contabilizaci\u00f3n\u201d, que el PIB tiene mucho cuidado en evitar. Si queremos medir la actividad econ\u00f3mica rigurosamente no tiene sentido contabilizar el trigo y la harina si ya se ha contabilizado el pan. Dicho as\u00ed, puede parecer que la diferencia entre el valor de la facturaci\u00f3n y el PIB es peque\u00f1a. Pero no lo es.<\/p>\n<p>Paul De Grauwe y Philip Camerman publicaron un interesante trabajo sobre \u201c\u00bfCu\u00e1n grandes son las multinacionales?\u201d hace a\u00f1os (pincha <a href=\"https:\/\/lirias.kuleuven.be\/bitstream\/123456789\/266744\/1\/2002\" rel=\"external nofollow\">aqu\u00ed<\/a>). En la Tabla 1 presentan los datos de facturaci\u00f3n y de valor a\u00f1adido (o PIB, aproximadamente) para 5 de las 10 mayores corporaciones en el a\u00f1o 2000. El valor a\u00f1adido generado es, aproximadamente, el 25% de la cifra de ventas de las empresas (en el sector servicios la cifra suele ser mayor, pero es m\u00e1s dif\u00edcil de cuantificar).<\/p>\n<p>&nbsp;<\/p>\n<p><strong>Tabla 1. Ventas y valor a\u00f1adido en 5 de las 10 mayores corporaciones en el a\u00f1o 2000.<\/strong><\/p>\n<p><a href=\"https:\/\/static-blogs.diariovasco.com\/wp-content\/uploads\/sites\/41\/2017\/11\/2017_DeGrauwe1.png\"><img loading=\"lazy\" class=\"alignnone size-full wp-image-781\" src=\"https:\/\/static-blogs.diariovasco.com\/wp-content\/uploads\/sites\/41\/2017\/11\/2017_DeGrauwe1.png\" alt=\"2017_degrauwe1\" width=\"567\" height=\"265\" srcset=\"https:\/\/static-blogs.diariovasco.com\/wp-content\/uploads\/sites\/41\/2017\/11\/2017_DeGrauwe1.png 567w, https:\/\/static-blogs.diariovasco.com\/wp-content\/uploads\/sites\/41\/2017\/11\/2017_DeGrauwe1-300x140.png 300w\" sizes=\"(max-width: 567px) 100vw, 567px\" \/><\/a><\/p>\n<p>Fuente: <a href=\"https:\/\/lirias.kuleuven.be\/bitstream\/123456789\/266744\/1\/2002\" rel=\"external nofollow\">De Grauwe y Camerman<\/a><\/p>\n<p>&nbsp;<\/p>\n<p>En la Tabla 2 se ordenan los pa\u00edses y las corporaciones de acuerdo con su PIB o valor a\u00f1adido. Se observa que de las 100 mayores econom\u00edas del mundo en el a\u00f1os 2000, 63 son pa\u00edses y 37 son corporaciones. En las \u201cTop 50\u201d s\u00f3lo hay 2 corporaciones, Walmart y Exxon. Adem\u00e1s, las econom\u00edas m\u00e1s grandes son mucho m\u00e1s grandes que las grandes corporaciones. Estados Unidos es 150 veces m\u00e1s grande que la corporaci\u00f3n m\u00e1s grande. Incluso un pa\u00eds peque\u00f1o como B\u00e9lgica es m\u00e1s de 3 veces m\u00e1s grande que la multinacional m\u00e1s grande. Incluso Grecia y Portugal son m\u00e1s del 50% m\u00e1s grandes que la multinacional m\u00e1s grande. Resumiendo, las 50 corporaciones m\u00e1s grandes representan s\u00f3lo el 4,5% del valor a\u00f1adido producido por los 50 pa\u00edses m\u00e1s grandes. Las multinacionales son, por tanto, m\u00e1s peque\u00f1as de lo que se suele creer.<\/p>\n<p>&nbsp;<\/p>\n<p><strong>Tabla 2. Clasificaci\u00f3n de pa\u00edses y corporaciones seg\u00fan PIB o valor a\u00f1adido.<\/strong><\/p>\n<\/div>\n<p><a href=\"https:\/\/static-blogs.diariovasco.com\/wp-content\/uploads\/sites\/41\/2017\/11\/2017_DeGrauwe2.png\"><img loading=\"lazy\" class=\"alignnone size-full wp-image-782\" src=\"https:\/\/static-blogs.diariovasco.com\/wp-content\/uploads\/sites\/41\/2017\/11\/2017_DeGrauwe2.png\" alt=\"2017_degrauwe2\" width=\"568\" height=\"878\" srcset=\"https:\/\/static-blogs.diariovasco.com\/wp-content\/uploads\/sites\/41\/2017\/11\/2017_DeGrauwe2.png 568w, https:\/\/static-blogs.diariovasco.com\/wp-content\/uploads\/sites\/41\/2017\/11\/2017_DeGrauwe2-194x300.png 194w\" sizes=\"(max-width: 568px) 100vw, 568px\" \/><\/a><\/p>\n<p>Fuente: <a href=\"https:\/\/lirias.kuleuven.be\/bitstream\/123456789\/266744\/1\/2002\" rel=\"external nofollow\">De Grauwe y Camerman<\/a><\/p>\n<div class=\"standard\">\n<p>&nbsp;<\/p>\n<p>Por \u00faltimo, hay que cuantificar correctamente el valor de la facturaci\u00f3n de las empresas que \u201cse van\u201d. Seg\u00fan Ceprede, \u201cEstas 62 empresas suponen una facturaci\u00f3n conjunta de m\u00e1s de 27.700 millones de euros\u201d (pincha <a href=\"http:\/\/www.expansion.com\/economia\/2017\/11\/01\/59f8e22b468aeb41758b4599.html\" rel=\"external nofollow\">aqu\u00ed<\/a> para la noticia en Expansi\u00f3n). Lo primero que llama la atenci\u00f3n es la enorme diferencia en las cifras de facturaci\u00f3n respecto a las de Tr\u00edas de Bes, que, reconozco, no s\u00e9 a qu\u00e9 se debe (Ceprede, se\u00f1ala, adem\u00e1s, m\u00e1s empresas y menos facturaci\u00f3n que la cifra de Tr\u00edas de Bes, lo que sorprende mucho). Por ejemplo, si tomamos, \u201ca lo bestia\u201d, la media de las dos cifras de facturaci\u00f3n, \u00e9sta es equivalente aproximadamente a un 20% del PIB catal\u00e1n.<\/p>\n<p>A partir de ah\u00ed se debe convertir a PIB, que ser\u00eda un 25-30% de la cifra anterior. En suma, nos situar\u00edamos en el 5-6% del PIB catal\u00e1n. Curiosamente, Ceprede, en la misma noticia de arriba, se\u00f1ala que esas empresas representan el 5,4% del PIB catal\u00e1n.<\/p>\n<p>\u00bfQu\u00e9 te parece ahora?<\/p>\n<p>Por cierto, como s\u00e9 que es un tema que da para mucho, os remito a <a href=\"http:\/\/nadaesgratis.es\/pedro-rey-biel\/opiniones-economicas-sobre-el-proces\" rel=\"external nofollow\">este post<\/a> del blog \u201cNada es gratis\u201d para referencias diversas muy interesantes sobre tema tan actual y relevante.<\/p>\n<p>&nbsp;<\/p>\n<p><a href=\"https:\/\/twitter.com\/InakiErauskin\" rel=\"external nofollow\">@InakiErauskin <\/a><\/p>\n<p>&nbsp;<\/p>\n<p>&nbsp;<\/p>\n<p>&nbsp;<\/p>\n<\/div>\n<p>&nbsp;<\/p>\n<!-- AddThis Advanced Settings generic via filter on the_content --><!-- AddThis Share Buttons generic via filter on the_content -->","protected":false},"excerpt":{"rendered":"<p>@InakiErauskin &nbsp; \u00daltimamente he le\u00eddo noticias tales como \u201cEl PIB de Catalu\u00f1a es de 223.629 millones de euros. Las 40 empresas m\u00e1s importantes que se han marchado totalizan una facturaci\u00f3n de 64.917 millones de euros, lo que equivale al 30% del PIB de Catalu\u00f1a\u201d, de Fernando Tr\u00edas de Bes, escritor y economista catal\u00e1n (pincha aqu\u00ed), [&hellip;]<!-- AddThis Advanced Settings generic via filter on get_the_excerpt --><!-- AddThis Share Buttons generic via filter on get_the_excerpt --><\/p>\n","protected":false},"author":69,"featured_media":0,"comment_status":"closed","ping_status":"closed","sticky":false,"template":"","format":"standard","meta":[],"categories":[1],"tags":[],"_links":{"self":[{"href":"https:\/\/blogs.diariovasco.com\/ekonomiaren-plaza\/wp-json\/wp\/v2\/posts\/779"}],"collection":[{"href":"https:\/\/blogs.diariovasco.com\/ekonomiaren-plaza\/wp-json\/wp\/v2\/posts"}],"about":[{"href":"https:\/\/blogs.diariovasco.com\/ekonomiaren-plaza\/wp-json\/wp\/v2\/types\/post"}],"author":[{"embeddable":true,"href":"https:\/\/blogs.diariovasco.com\/ekonomiaren-plaza\/wp-json\/wp\/v2\/users\/69"}],"replies":[{"embeddable":true,"href":"https:\/\/blogs.diariovasco.com\/ekonomiaren-plaza\/wp-json\/wp\/v2\/comments?post=779"}],"version-history":[{"count":1,"href":"https:\/\/blogs.diariovasco.com\/ekonomiaren-plaza\/wp-json\/wp\/v2\/posts\/779\/revisions"}],"predecessor-version":[{"id":783,"href":"https:\/\/blogs.diariovasco.com\/ekonomiaren-plaza\/wp-json\/wp\/v2\/posts\/779\/revisions\/783"}],"wp:attachment":[{"href":"https:\/\/blogs.diariovasco.com\/ekonomiaren-plaza\/wp-json\/wp\/v2\/media?parent=779"}],"wp:term":[{"taxonomy":"category","embeddable":true,"href":"https:\/\/blogs.diariovasco.com\/ekonomiaren-plaza\/wp-json\/wp\/v2\/categories?post=779"},{"taxonomy":"post_tag","embeddable":true,"href":"https:\/\/blogs.diariovasco.com\/ekonomiaren-plaza\/wp-json\/wp\/v2\/tags?post=779"}],"curies":[{"name":"wp","href":"https:\/\/api.w.org\/{rel}","templated":true}]}}