{"id":1000,"date":"2009-09-24T07:39:15","date_gmt":"2009-09-24T07:39:15","guid":{"rendered":"http:\/\/blogs.diariovasco.com\/eljukebox\/?p=1000"},"modified":"2009-09-24T07:39:15","modified_gmt":"2009-09-24T07:39:15","slug":"empotrados_en_el_zinemaldia_ix_lo_del_gl","status":"publish","type":"post","link":"https:\/\/blogs.diariovasco.com\/eljukebox\/2009\/09\/24\/empotrados_en_el_zinemaldia_ix_lo_del_gl\/","title":{"rendered":"Empotrados en el Zinemaldia (IX): lo del glamour"},"content":{"rendered":"<p><P>1) Un tal Billy Name vivi\u00f3, al parecer, durante dos a\u00f1os dentro de los servicios de la Factory de Andy Warhol. Puede que alguien est\u00e9 intentando batir este record en los del Kursaal. En su interior, se escuchan extra\u00f1os ruidos a cualquier hora del d\u00eda y puede que de la noche. Nada que ver con drogas. Otra cosa. Algo m\u00e1s parecido a las rutinas del hogar. Como si estuvieran planchando camisas o algo as\u00ed. Inquietante. Mientras est\u00e1s a tus cosas, acabas sinti\u00e9ndote como el ni\u00f1o de &#8216;\u00danico testigo&#8217;.<\/P><br \/>\n<P>2) TeleDonosti llev\u00f3 a noche a la &#8216;peluquera de las estrellas&#8217; a su programa sobre el Zinemaldia para que hablara de glamour. Fue como invitar a Bush a disertar sobre el ramad\u00e1n. Sirva la palabra &#8216;glorioso&#8217; para describir lo acontecido.<\/P><br \/>\n<P>3) La peluquera vino a decir que falta glamour, que se deben organizar m\u00e1s fiestas que le proporcionen m\u00e1s cabezas que peinar, que lo que no puede ser es que venga Brad Pitt y durante dos d\u00edas est\u00e9 todo &#8220;petao&#8221; y el resto quede un ambiente&nbsp;tan &#8220;lais&#8221;. Tambi\u00e9n coment\u00f3 que hab\u00eda visto a Pitt con aspecto&nbsp;&#8220;acabao&#8221;, seguramente,&nbsp;debido a que &#8220;Ang\u00e9lica&#8221; tiene a este hombre &#8220;succionao&#8221;.<\/P><br \/>\n<P>4) No se detuvo ah\u00ed: tambi\u00e9n pidi\u00f3 que se &#8220;obligue&#8221; al p\u00fablico a acudir &#8220;guapo&#8221; a las galas y no de cualquier manera, y reiter\u00f3 que hacen falta m\u00e1s fiestas nocturnas, aunque reconoci\u00f3 que a\u00fan no hab\u00eda acudido a ninguna porque &#8220;menuda soy yo: si salgo, no entro&#8221;.<\/P><br \/>\n<P>5) La crisis nos convierte a todos en &#8216;perroflautas&#8217;: el posterior reportaje sobre los bares de pintxos y dem\u00e1s sirvi\u00f3 para que los hosteleros lamentaran la coyuntura actual y alzaran la voz pidiendo m\u00e1s libertad para las megaestrellas que, seg\u00fan explicaron, apenas pueden acercarse a las barras de los bares al estar sometidos a un r\u00e9gimen de reclusi\u00f3n.<\/P><\/p>\n<!-- AddThis Advanced Settings generic via filter on the_content --><!-- AddThis Share Buttons generic via filter on the_content -->","protected":false},"excerpt":{"rendered":"<p>1) Un tal Billy Name vivi\u00f3, al parecer, durante dos a\u00f1os dentro de los servicios de la Factory de Andy Warhol. Puede que alguien est\u00e9 intentando batir este record en los del Kursaal. En su interior, se escuchan extra\u00f1os ruidos a cualquier hora del d\u00eda y puede que de la noche. Nada que ver con [&hellip;]<!-- AddThis Advanced Settings generic via filter on get_the_excerpt --><!-- AddThis Share Buttons generic via filter on get_the_excerpt --><\/p>\n","protected":false},"author":37,"featured_media":0,"comment_status":"open","ping_status":"closed","sticky":false,"template":"","format":"standard","meta":[],"categories":[2],"tags":[5],"_links":{"self":[{"href":"https:\/\/blogs.diariovasco.com\/eljukebox\/wp-json\/wp\/v2\/posts\/1000"}],"collection":[{"href":"https:\/\/blogs.diariovasco.com\/eljukebox\/wp-json\/wp\/v2\/posts"}],"about":[{"href":"https:\/\/blogs.diariovasco.com\/eljukebox\/wp-json\/wp\/v2\/types\/post"}],"author":[{"embeddable":true,"href":"https:\/\/blogs.diariovasco.com\/eljukebox\/wp-json\/wp\/v2\/users\/37"}],"replies":[{"embeddable":true,"href":"https:\/\/blogs.diariovasco.com\/eljukebox\/wp-json\/wp\/v2\/comments?post=1000"}],"version-history":[{"count":0,"href":"https:\/\/blogs.diariovasco.com\/eljukebox\/wp-json\/wp\/v2\/posts\/1000\/revisions"}],"wp:attachment":[{"href":"https:\/\/blogs.diariovasco.com\/eljukebox\/wp-json\/wp\/v2\/media?parent=1000"}],"wp:term":[{"taxonomy":"category","embeddable":true,"href":"https:\/\/blogs.diariovasco.com\/eljukebox\/wp-json\/wp\/v2\/categories?post=1000"},{"taxonomy":"post_tag","embeddable":true,"href":"https:\/\/blogs.diariovasco.com\/eljukebox\/wp-json\/wp\/v2\/tags?post=1000"}],"curies":[{"name":"wp","href":"https:\/\/api.w.org\/{rel}","templated":true}]}}