{"id":1086,"date":"2010-01-14T09:02:36","date_gmt":"2010-01-14T09:02:36","guid":{"rendered":"http:\/\/blogs.diariovasco.com\/eljukebox\/?p=1086"},"modified":"2010-01-14T09:02:36","modified_gmt":"2010-01-14T09:02:36","slug":"ay_de_ti","status":"publish","type":"post","link":"https:\/\/blogs.diariovasco.com\/eljukebox\/2010\/01\/14\/ay_de_ti\/","title":{"rendered":"Ay de ti"},"content":{"rendered":"<p><P>Ayer tocaba padecer esa modalidad de Telediario que peri\u00f3dicamente se encarga de recordarnos nuestra condici\u00f3n de insectos, destinados a aparecer por&nbsp;aqu\u00ed&nbsp;inopinadamente y a desintegramos&nbsp;igualmente,&nbsp;sin despedirnos ni dejar rastro, bien mediante muerte individual, bien en enterramientos masivos, tal cual ha sucedido en Hait\u00ed.<\/P><br \/>\n<P>Desde el punto de vista del espectador occidental, no deja de resultar curioso -antes, alienante- que un informativo se abra con 100.000 muertos en un desastre natural y se cierre treinta minutos despu\u00e9s con im\u00e1genes in\u00e9ditas de Guti, probando qu\u00e9 tal combinan su nuevo peinado y la actitud&nbsp;insolente. En todo caso, casi se agradece al futbolista&nbsp;su facilidad para arrancar sonrisas, incluso carcajadas, en tan dram\u00e1ticas circunstancias. <\/P><br \/>\n<P>El presidente Obama, elegido por sufragio universal como mejor&nbsp;int\u00e9rprete de los sentimientos planetarios, ha calificado el terremoto de &#8220;cruel&#8221; e &#8220;incomprensible&#8221;, una s\u00edntesis de los dos modelos para armar a disposici\u00f3n del cliente ante casos como \u00e9ste: el habitual &#8220;\u00bfcomo puede permitir dios estas calamidades?&#8221; para creyentes y el no menos cl\u00e1sico &#8220;\u00bfpor qu\u00e9 estas desgracias se ceban siempre con los pobres?&#8221;, de raigambre m\u00e1s &#8216;progre&#8217;.<\/P><br \/>\n<P>Las dos admiten amplios desarrollos que invariablemente desembocan en ninguna parte. La \u00fanica reacci\u00f3n sensata es tirar la tele por la ventana, sobre todo, si se trata del mismo modelo en el que ya viste el tsunami de Asia, el terremoto de Bam, el ataque a las Torres Gemelas&nbsp;y la interminable retah\u00edla de atentados, propios y ajenos, que te han llenado de cad\u00e1veres la salita.&nbsp;Ni t\u00fa, ni la pantalla dais ya&nbsp;para m\u00e1s, pero s\u00f3lo el aparato admite recambio.&nbsp;<\/P><\/p>\n<!-- AddThis Advanced Settings generic via filter on the_content --><!-- AddThis Share Buttons generic via filter on the_content -->","protected":false},"excerpt":{"rendered":"<p>Ayer tocaba padecer esa modalidad de Telediario que peri\u00f3dicamente se encarga de recordarnos nuestra condici\u00f3n de insectos, destinados a aparecer por&nbsp;aqu\u00ed&nbsp;inopinadamente y a desintegramos&nbsp;igualmente,&nbsp;sin despedirnos ni dejar rastro, bien mediante muerte individual, bien en enterramientos masivos, tal cual ha sucedido en Hait\u00ed. Desde el punto de vista del espectador occidental, no deja de resultar curioso [&hellip;]<!-- AddThis Advanced Settings generic via filter on get_the_excerpt --><!-- AddThis Share Buttons generic via filter on get_the_excerpt --><\/p>\n","protected":false},"author":37,"featured_media":0,"comment_status":"open","ping_status":"closed","sticky":false,"template":"","format":"standard","meta":[],"categories":[2],"tags":[5],"_links":{"self":[{"href":"https:\/\/blogs.diariovasco.com\/eljukebox\/wp-json\/wp\/v2\/posts\/1086"}],"collection":[{"href":"https:\/\/blogs.diariovasco.com\/eljukebox\/wp-json\/wp\/v2\/posts"}],"about":[{"href":"https:\/\/blogs.diariovasco.com\/eljukebox\/wp-json\/wp\/v2\/types\/post"}],"author":[{"embeddable":true,"href":"https:\/\/blogs.diariovasco.com\/eljukebox\/wp-json\/wp\/v2\/users\/37"}],"replies":[{"embeddable":true,"href":"https:\/\/blogs.diariovasco.com\/eljukebox\/wp-json\/wp\/v2\/comments?post=1086"}],"version-history":[{"count":0,"href":"https:\/\/blogs.diariovasco.com\/eljukebox\/wp-json\/wp\/v2\/posts\/1086\/revisions"}],"wp:attachment":[{"href":"https:\/\/blogs.diariovasco.com\/eljukebox\/wp-json\/wp\/v2\/media?parent=1086"}],"wp:term":[{"taxonomy":"category","embeddable":true,"href":"https:\/\/blogs.diariovasco.com\/eljukebox\/wp-json\/wp\/v2\/categories?post=1086"},{"taxonomy":"post_tag","embeddable":true,"href":"https:\/\/blogs.diariovasco.com\/eljukebox\/wp-json\/wp\/v2\/tags?post=1086"}],"curies":[{"name":"wp","href":"https:\/\/api.w.org\/{rel}","templated":true}]}}