{"id":1144,"date":"2010-04-03T13:02:05","date_gmt":"2010-04-03T13:02:05","guid":{"rendered":"http:\/\/blogs.diariovasco.com\/eljukebox\/?p=1144"},"modified":"2010-04-03T13:02:05","modified_gmt":"2010-04-03T13:02:05","slug":"sin_periodico","status":"publish","type":"post","link":"https:\/\/blogs.diariovasco.com\/eljukebox\/2010\/04\/03\/sin_periodico\/","title":{"rendered":"Sin peri\u00f3dico"},"content":{"rendered":"<p><P>&#8220;Adem\u00e1s de en A\u00f1o Nuevo, nos quedamos sin peri\u00f3dicos cada vez que el hijo de dios va a nacer o va a resucitar. Una paradoja.&nbsp;Buenos d\u00edas, me llamo El Jukebox y soy adicto.<\/P><br \/>\n<P>El vicio de la lectura de peri\u00f3dicos est\u00e1 arraigado en m\u00ed desde la m\u00e1s \u00e1spera infancia. Habr\u00e1 quien haya llegado a la lectura de los diarios tras iniciarse con otras drogas m\u00e1s blandas, como el caf\u00e9 y el tabaco. No es mi caso. Comenc\u00e9 a leer peri\u00f3dicos antes de la primera calada y no descarto que el proceso fuera el inverso. <\/P><br \/>\n<P>Con la perspectiva que da el tiempo, sospecho que el mal ejemplo y la disponibilidad&nbsp;fueron decisivos. Es que siempre hubo peri\u00f3dicos en el hogar familiar y, en tiempos remotos, hasta dos: el matutino y el vespertino. Y cuando en un per\u00edodo de apreturas econ\u00f3micas,&nbsp;se plante\u00f3 la posibilidad de dejar de comprarlo a diario, las buenas intenciones duraron dos d\u00edas: al tercero, la medida hab\u00eda sido ya derogada, as\u00ed que me ofrec\u00ed voluntario&nbsp;para bajar a comprarlo.<\/P><br \/>\n<P>Luego, pasaron los a\u00f1os y segu\u00ed leyendo peri\u00f3dicos, con una fidelidad que ojal\u00e1 hubiera observado en causas m\u00e1s nobles. E incluso lo he seguido haciendo en estos tiempos en los que cada problema social, cada desgracia, cada neurosis, individual o colectiva, encuentra su causa \u00faltima en el periodismo, no digamos ya si es el escrito, hijo de mil y una manipulaciones, frente a las verdades redondas, pr\u00edstinas y desinteresadamente an\u00f3nimas&nbsp;que&nbsp;emite internet, el \u00fanico lugar en el que a\u00fan es posible leer que EE UU provoc\u00f3 el terremoto de Hait\u00ed y en el que todos los d\u00edas se muere de sida alg\u00fan famoso, generalmente, el mismo famoso. <\/P><br \/>\n<P>Por cierto, d\u00edas como hoy, llamados a incentivar el desenganche del h\u00e1bito a trav\u00e9s del tratamiento sustitutivo de las ediciones digitales, s\u00f3lo sirven para acentuar la dependencia, a la vista de las infinitas deficiencias, y no s\u00f3lo&nbsp;est\u00e9ticas, que lastran los diarios en la red.<\/P><br \/>\n<P>Descartada por razones \u00e9tnicas la posibilidad de hacerme un &#8216;periodista de raza&#8217;, opt\u00e9&nbsp;igualmente por el periodismo, no para escribir en las p\u00e1ginas de los diarios, sino por ser el \u00fanico oficio en el que puedes leerlos en el puesto de trabajo sin que el jefe te diga ni m\u00fa. Cuando desaparezcan los peri\u00f3dicos, am\u00e9n de quedarme sin sueldo, me voy a aburrir mucho por las ma\u00f1anas.<\/P><br \/>\n<P>En d\u00edas como hoy, los adictos irrecuperables echamos de menos el peri\u00f3dico igual que al manco le sigue picando el brazo tiempo despu\u00e9s de amputado. Es una nostalgia total, \u00edntegra e inapelable, extensible incluso a esos largos y prolijos reportajes en los que se documenta la inminente desaparici\u00f3n de la prensa escrita, una noticia que,&nbsp;antes de&nbsp;se produzca, ya ha sido reiteradamente anunciada por los propios&nbsp;rotativos, impacientes por ver cumplida su profec\u00eda aunque s\u00f3lo sea para poder escribir aquello de &#8216;tal y como ya adelant\u00f3 este peri\u00f3dico&#8230;'&#8221;.<\/P><br \/>\n<P>&nbsp;<\/P><\/p>\n<!-- AddThis Advanced Settings generic via filter on the_content --><!-- AddThis Share Buttons generic via filter on the_content -->","protected":false},"excerpt":{"rendered":"<p>&#8220;Adem\u00e1s de en A\u00f1o Nuevo, nos quedamos sin peri\u00f3dicos cada vez que el hijo de dios va a nacer o va a resucitar. Una paradoja.&nbsp;Buenos d\u00edas, me llamo El Jukebox y soy adicto. El vicio de la lectura de peri\u00f3dicos est\u00e1 arraigado en m\u00ed desde la m\u00e1s \u00e1spera infancia. Habr\u00e1 quien haya llegado a la [&hellip;]<!-- AddThis Advanced Settings generic via filter on get_the_excerpt --><!-- AddThis Share Buttons generic via filter on get_the_excerpt --><\/p>\n","protected":false},"author":37,"featured_media":0,"comment_status":"open","ping_status":"closed","sticky":false,"template":"","format":"standard","meta":[],"categories":[2],"tags":[5],"_links":{"self":[{"href":"https:\/\/blogs.diariovasco.com\/eljukebox\/wp-json\/wp\/v2\/posts\/1144"}],"collection":[{"href":"https:\/\/blogs.diariovasco.com\/eljukebox\/wp-json\/wp\/v2\/posts"}],"about":[{"href":"https:\/\/blogs.diariovasco.com\/eljukebox\/wp-json\/wp\/v2\/types\/post"}],"author":[{"embeddable":true,"href":"https:\/\/blogs.diariovasco.com\/eljukebox\/wp-json\/wp\/v2\/users\/37"}],"replies":[{"embeddable":true,"href":"https:\/\/blogs.diariovasco.com\/eljukebox\/wp-json\/wp\/v2\/comments?post=1144"}],"version-history":[{"count":0,"href":"https:\/\/blogs.diariovasco.com\/eljukebox\/wp-json\/wp\/v2\/posts\/1144\/revisions"}],"wp:attachment":[{"href":"https:\/\/blogs.diariovasco.com\/eljukebox\/wp-json\/wp\/v2\/media?parent=1144"}],"wp:term":[{"taxonomy":"category","embeddable":true,"href":"https:\/\/blogs.diariovasco.com\/eljukebox\/wp-json\/wp\/v2\/categories?post=1144"},{"taxonomy":"post_tag","embeddable":true,"href":"https:\/\/blogs.diariovasco.com\/eljukebox\/wp-json\/wp\/v2\/tags?post=1144"}],"curies":[{"name":"wp","href":"https:\/\/api.w.org\/{rel}","templated":true}]}}