{"id":1150,"date":"2010-04-14T15:18:09","date_gmt":"2010-04-14T15:18:09","guid":{"rendered":"http:\/\/blogs.diariovasco.com\/eljukebox\/?p=1150"},"modified":"2010-04-14T15:18:09","modified_gmt":"2010-04-14T15:18:09","slug":"la_historia_siempre_se_repite_como_sitco","status":"publish","type":"post","link":"https:\/\/blogs.diariovasco.com\/eljukebox\/2010\/04\/14\/la_historia_siempre_se_repite_como_sitco\/","title":{"rendered":"La historia siempre se repite como &#039;sitcom&#039;"},"content":{"rendered":"<p>Quiz\u00e1s fuera impepinable que tuvi\u00e9ramos los pol\u00edticos que nos merecemos; puede que en buena l\u00f3gica as\u00ed debiera ser tambi\u00e9n con la prensa que nos ha tocado suerte y hasta es posible que tener la judicatura que tenemos entrara dentro de eso que se llama justicia po\u00e9tica. Con todo, ya es infortunio que tengamos que convivir tambi\u00e9n con el pueblo que nos merecemos.<\/p>\n<p>Lo que est\u00e1 en juego ni siquiera es un Real Madrid-Bar\u00e7a, sino el futuro profesional de un controvertido magistrado y, sin embargo, el cruce de acusaciones pivota en torno a t\u00e9rminos como &#8220;golpistas&#8221;, &#8220;franquistas&#8221;, &#8220;torturadores&#8221;, &#8220;guerracivilistas&#8221; y otras enormidades, impropias de un pa\u00eds plenamente integrado en la Champions League. C\u00f3mo estar\u00e1 la cosa que Alfonso Guerra apenas puede recitar a Miguel Hern\u00e1ndez sin deshacerse en l\u00e1grimas y hasta el mism\u00edsimo Almod\u00f3var se ha encerrado.<\/p>\n<p>&#8220;Ya no queda ning\u00fan franquista. Lo que pasa es que los rojos son unos estalinistas&#8221;, alega una de las partes. &#8220;A\u00fan quedan muchos fascistas, lo que sucede es que han disimulado los \u00faltimos 35 a\u00f1os&#8221;, replica la otra que, convencida de que &#8216;Cu\u00e9ntame&#8217; era una serie futurista, teme otra victoria del abuelo de la ex concursante de &#8216;Mira quien baila&#8217;.<\/p>\n<p>Todo esto ha llevado a los observadores m\u00e1s espabilados a preguntarse si no habr\u00e1n resucitado esas hermanas man\u00edaco-depresivas conocidas como &#8216;las dos Espa\u00f1as&#8217;. Y eso que a\u00fan falta por conocer la sentencia del Constitucional sobre el Estatuto catal\u00e1n, un asunto que pondr\u00e1 en escena a la &#8216;tercera Espa\u00f1a&#8217;, precisamente la que no quiere ser.&nbsp; <\/p>\n<p>Y ha querido la casualidad que todo esto suceda en el 79 aniversario de aquel r\u00e9gimen que defin\u00eda Espa\u00f1a como una rep\u00fablica de trabajadores, circunstancia que hace impide establecer paralelismo alguno con la monarqu\u00eda de desempleados actualmente en vigor.<\/p>\n<!-- AddThis Advanced Settings generic via filter on the_content --><!-- AddThis Share Buttons generic via filter on the_content -->","protected":false},"excerpt":{"rendered":"<p>Quiz\u00e1s fuera impepinable que tuvi\u00e9ramos los pol\u00edticos que nos merecemos; puede que en buena l\u00f3gica as\u00ed debiera ser tambi\u00e9n con la prensa que nos ha tocado suerte y hasta es posible que tener la judicatura que tenemos entrara dentro de eso que se llama justicia po\u00e9tica. Con todo, ya es infortunio que tengamos que convivir [&hellip;]<!-- AddThis Advanced Settings generic via filter on get_the_excerpt --><!-- AddThis Share Buttons generic via filter on get_the_excerpt --><\/p>\n","protected":false},"author":37,"featured_media":0,"comment_status":"open","ping_status":"closed","sticky":false,"template":"","format":"standard","meta":[],"categories":[2],"tags":[5],"_links":{"self":[{"href":"https:\/\/blogs.diariovasco.com\/eljukebox\/wp-json\/wp\/v2\/posts\/1150"}],"collection":[{"href":"https:\/\/blogs.diariovasco.com\/eljukebox\/wp-json\/wp\/v2\/posts"}],"about":[{"href":"https:\/\/blogs.diariovasco.com\/eljukebox\/wp-json\/wp\/v2\/types\/post"}],"author":[{"embeddable":true,"href":"https:\/\/blogs.diariovasco.com\/eljukebox\/wp-json\/wp\/v2\/users\/37"}],"replies":[{"embeddable":true,"href":"https:\/\/blogs.diariovasco.com\/eljukebox\/wp-json\/wp\/v2\/comments?post=1150"}],"version-history":[{"count":0,"href":"https:\/\/blogs.diariovasco.com\/eljukebox\/wp-json\/wp\/v2\/posts\/1150\/revisions"}],"wp:attachment":[{"href":"https:\/\/blogs.diariovasco.com\/eljukebox\/wp-json\/wp\/v2\/media?parent=1150"}],"wp:term":[{"taxonomy":"category","embeddable":true,"href":"https:\/\/blogs.diariovasco.com\/eljukebox\/wp-json\/wp\/v2\/categories?post=1150"},{"taxonomy":"post_tag","embeddable":true,"href":"https:\/\/blogs.diariovasco.com\/eljukebox\/wp-json\/wp\/v2\/tags?post=1150"}],"curies":[{"name":"wp","href":"https:\/\/api.w.org\/{rel}","templated":true}]}}