{"id":1158,"date":"2010-04-26T10:33:29","date_gmt":"2010-04-26T10:33:29","guid":{"rendered":"http:\/\/blogs.diariovasco.com\/eljukebox\/?p=1158"},"modified":"2010-04-26T10:33:29","modified_gmt":"2010-04-26T10:33:29","slug":"superlunes_una_caracterizacion","status":"publish","type":"post","link":"https:\/\/blogs.diariovasco.com\/eljukebox\/2010\/04\/26\/superlunes_una_caracterizacion\/","title":{"rendered":"Superlunes: una caracterizaci\u00f3n"},"content":{"rendered":"<p>Dicen que cuando uno cierra los ojos y ve pasar por delante un resumen de los mejores momentos de su vida es que se est\u00e1 muriendo. Sin embargo, cuando uno los abre y lo que se le revela con nitidez de pantalla plana es la semana en su todo su absurdo esplendor tan s\u00f3lo significa que es lunes por la ma\u00f1ana.<\/p>\n<p>Todos los lunes hieren y el \u00faltimo mata. El primer d\u00eda de la semana es una enfermedad cr\u00f3nica y laboral. Sus s\u00edntomas son m\u00faltiples y van de la alienaci\u00f3n a la indolencia, pasando por esa sensaci\u00f3n de extra\u00f1eza ante a ti mismo. \u00bfQui\u00e9n dej\u00f3 sin borrar el viernes&nbsp; todos estos correos electr\u00f3nicos? Y lo que es peor: \u00bfqui\u00e9n contest\u00f3 estos otros? La respuesta en ambos casos suele ser la misma: servidor. Por eso, no hay Samanta Villar que acometa el reportaje de sobrevivir a 21 lunes consecutivos.<\/p>\n<p>El punto en el que el lunes se manifiesta en toda su intesidad es en el deseo irreprimible de dejarlo todo para ma\u00f1ana. Se trata de la procrastinaci\u00f3n, un concepto bautizado con un feo nombre y que arrastra muy mala prensa, pero que visto con la suficiente perspectiva se revela como una pr\u00e1ctica eficaz, por cuanto la mayor\u00eda de las cosas que hacemos se demostrar\u00e1n ma\u00f1ana como perfectamente innecesarias.<\/p>\n<p>En los mejores lunes, la tendencia a dejarlo todo para m\u00e1s tarde o incluso para otro d\u00eda funciona por sustituci\u00f3n. As\u00ed, es posible que la agenda para hoy incluya varias reuniones impostergables, una comida de trabajo y reponer el frigor\u00edfico, pero lo que en realidad te apetece es apoyar a Garz\u00f3n, valorar el Rompeolas y salvar a Grecia. Obviamente, la noche llegar\u00e1 sin que hayas hecho ni unas cosas, ni las otras. El lunes habr\u00e1 sido provechoso si llegas a la noche sin que nadie lo haya notado.<\/p>\n<!-- AddThis Advanced Settings generic via filter on the_content --><!-- AddThis Share Buttons generic via filter on the_content -->","protected":false},"excerpt":{"rendered":"<p>Dicen que cuando uno cierra los ojos y ve pasar por delante un resumen de los mejores momentos de su vida es que se est\u00e1 muriendo. Sin embargo, cuando uno los abre y lo que se le revela con nitidez de pantalla plana es la semana en su todo su absurdo esplendor tan s\u00f3lo significa [&hellip;]<!-- AddThis Advanced Settings generic via filter on get_the_excerpt --><!-- AddThis Share Buttons generic via filter on get_the_excerpt --><\/p>\n","protected":false},"author":37,"featured_media":0,"comment_status":"open","ping_status":"closed","sticky":false,"template":"","format":"standard","meta":[],"categories":[2],"tags":[5],"_links":{"self":[{"href":"https:\/\/blogs.diariovasco.com\/eljukebox\/wp-json\/wp\/v2\/posts\/1158"}],"collection":[{"href":"https:\/\/blogs.diariovasco.com\/eljukebox\/wp-json\/wp\/v2\/posts"}],"about":[{"href":"https:\/\/blogs.diariovasco.com\/eljukebox\/wp-json\/wp\/v2\/types\/post"}],"author":[{"embeddable":true,"href":"https:\/\/blogs.diariovasco.com\/eljukebox\/wp-json\/wp\/v2\/users\/37"}],"replies":[{"embeddable":true,"href":"https:\/\/blogs.diariovasco.com\/eljukebox\/wp-json\/wp\/v2\/comments?post=1158"}],"version-history":[{"count":0,"href":"https:\/\/blogs.diariovasco.com\/eljukebox\/wp-json\/wp\/v2\/posts\/1158\/revisions"}],"wp:attachment":[{"href":"https:\/\/blogs.diariovasco.com\/eljukebox\/wp-json\/wp\/v2\/media?parent=1158"}],"wp:term":[{"taxonomy":"category","embeddable":true,"href":"https:\/\/blogs.diariovasco.com\/eljukebox\/wp-json\/wp\/v2\/categories?post=1158"},{"taxonomy":"post_tag","embeddable":true,"href":"https:\/\/blogs.diariovasco.com\/eljukebox\/wp-json\/wp\/v2\/tags?post=1158"}],"curies":[{"name":"wp","href":"https:\/\/api.w.org\/{rel}","templated":true}]}}