{"id":1159,"date":"2010-04-27T08:38:59","date_gmt":"2010-04-27T08:38:59","guid":{"rendered":"http:\/\/blogs.diariovasco.com\/eljukebox\/?p=1159"},"modified":"2010-04-27T08:38:59","modified_gmt":"2010-04-27T08:38:59","slug":"es_tarea_de_todos","status":"publish","type":"post","link":"https:\/\/blogs.diariovasco.com\/eljukebox\/2010\/04\/27\/es_tarea_de_todos\/","title":{"rendered":"Es tarea de todos"},"content":{"rendered":"<p><P>Aunque la presidenta del PP catal\u00e1n, Alicia S\u00e1nchez-Camacho, y otros cargos populares se han pasado el fin de semana repartiendo en Badalona un tr\u00edptico racista, lo cierto es que se trata de un comportamiento estrictamente individual que en modo alguno puede hacerse extensible al conjunto de esta minor\u00eda.<\/P><br \/>\n<P>Es tarea de toda la sociedad erradicar de nuestras calles este tipo de comportamientos inc\u00edvicos, pero&nbsp;ser\u00eda injusto&nbsp;estigmatizar a todo el colectivo de dirigentes &#8216;populares&#8217; a cuenta de las actitudes xen\u00f3fobas de un reducido grupo que, por lo dem\u00e1s, est\u00e1 presente en todos los \u00e1mbitos y estamentos de nuestra sociedad.<\/P><br \/>\n<P>Vivimos una \u00e9poca de cambios que afectan a nuestro marco de convivencia. Las pol\u00edticas de integraci\u00f3n&nbsp;de l\u00edderes del PP no deben perder de vista el hecho de que tan s\u00f3lo son impresentables unos cuantos elementos aislados, mientras que la mayor parte de ellos son&nbsp;personas honradas que llegaron al partido con una mano delante y otra detr\u00e1s, en busca de un futuro mejor que&nbsp;en otras formaciones pol\u00edticas se les negaba.&nbsp;<\/P><br \/>\n<P>Y es que, en el fondo, es m\u00e1s lo que nos une que lo que nos separa y a poco que rasquemos un poquito, comprobaremos que los altos cargos del PP son personas muy parecidas a nosotros, con los mismos anhelos y esperanzas, y&nbsp;los mismos desvelos y preocupaciones, aunque con otros valores, ligeramente pintorescos, s\u00ed, pero que, en el fondo, enriquecen nuestra paleta de colores.<\/P><br \/>\n<P>Es en estos casos cuando las sociedades modernas como la nuestra deben dar la verdadera talla, implementando pol\u00edticas de integraci\u00f3n mediante ayuda psicol\u00f3gica, talleres multiculturales y cursos de aprendizaje que ayuden a estas personas a superar sus obsesiones identitarias. <\/P><br \/>\n<P>Conseguir que semejantes energ\u00famenos se atengan a comportamientos homologables a los del resto de la ciudadan\u00eda constituye un reto del que no podemos ni debemo&nbsp;abstraernos. Su recuperaci\u00f3n es tarea que nos ata\u00f1e a todos. Ser\u00e1 una labor larga y complicada, pero que debemos acometer sin m\u00e1s demora. Mirar hacia otro lado es siempre la peor opci\u00f3n. Atajemos el problema ahora que a\u00fan est\u00e1 en estado embrionario y&nbsp;antes de que se extienda. Es tarea de todos.<\/P><br \/>\n<P>&nbsp;<\/P><\/p>\n<!-- AddThis Advanced Settings generic via filter on the_content --><!-- AddThis Share Buttons generic via filter on the_content -->","protected":false},"excerpt":{"rendered":"<p>Aunque la presidenta del PP catal\u00e1n, Alicia S\u00e1nchez-Camacho, y otros cargos populares se han pasado el fin de semana repartiendo en Badalona un tr\u00edptico racista, lo cierto es que se trata de un comportamiento estrictamente individual que en modo alguno puede hacerse extensible al conjunto de esta minor\u00eda. Es tarea de toda la sociedad erradicar [&hellip;]<!-- AddThis Advanced Settings generic via filter on get_the_excerpt --><!-- AddThis Share Buttons generic via filter on get_the_excerpt --><\/p>\n","protected":false},"author":37,"featured_media":0,"comment_status":"open","ping_status":"closed","sticky":false,"template":"","format":"standard","meta":[],"categories":[2],"tags":[5],"_links":{"self":[{"href":"https:\/\/blogs.diariovasco.com\/eljukebox\/wp-json\/wp\/v2\/posts\/1159"}],"collection":[{"href":"https:\/\/blogs.diariovasco.com\/eljukebox\/wp-json\/wp\/v2\/posts"}],"about":[{"href":"https:\/\/blogs.diariovasco.com\/eljukebox\/wp-json\/wp\/v2\/types\/post"}],"author":[{"embeddable":true,"href":"https:\/\/blogs.diariovasco.com\/eljukebox\/wp-json\/wp\/v2\/users\/37"}],"replies":[{"embeddable":true,"href":"https:\/\/blogs.diariovasco.com\/eljukebox\/wp-json\/wp\/v2\/comments?post=1159"}],"version-history":[{"count":0,"href":"https:\/\/blogs.diariovasco.com\/eljukebox\/wp-json\/wp\/v2\/posts\/1159\/revisions"}],"wp:attachment":[{"href":"https:\/\/blogs.diariovasco.com\/eljukebox\/wp-json\/wp\/v2\/media?parent=1159"}],"wp:term":[{"taxonomy":"category","embeddable":true,"href":"https:\/\/blogs.diariovasco.com\/eljukebox\/wp-json\/wp\/v2\/categories?post=1159"},{"taxonomy":"post_tag","embeddable":true,"href":"https:\/\/blogs.diariovasco.com\/eljukebox\/wp-json\/wp\/v2\/tags?post=1159"}],"curies":[{"name":"wp","href":"https:\/\/api.w.org\/{rel}","templated":true}]}}