{"id":1160,"date":"2010-04-28T08:49:15","date_gmt":"2010-04-28T08:49:15","guid":{"rendered":"http:\/\/blogs.diariovasco.com\/eljukebox\/?p=1160"},"modified":"2010-04-28T08:49:15","modified_gmt":"2010-04-28T08:49:15","slug":"intercambio_de_regalos_a_8_000_metros_de","status":"publish","type":"post","link":"https:\/\/blogs.diariovasco.com\/eljukebox\/2010\/04\/28\/intercambio_de_regalos_a_8_000_metros_de\/","title":{"rendered":"Intercambio de regalos a 8.000 metros de altura"},"content":{"rendered":"<p><P>Cuando la coreana Miss Oh holl\u00f3 ayer la cima del Annapurna, encontr\u00f3 all\u00ed un paquete de regalos, presuntamente depositado por Edurne Pasaban, consistente en:<\/P><br \/>\n<P>&#8211; El piolet, a\u00fan manchado de sangre,&nbsp;con el que Ram\u00f3n Mercader abri\u00f3 la cabeza de Trotsky.<\/P><br \/>\n<P>&#8211; Una foto de Kim Jong-il con la siguiente dedicatoria: &#8220;A&nbsp;Juanito, con todo mi afecto&#8221;. Firmado: &#8220;Humildemente, el l\u00edder m\u00e1ximo&#8221;.<\/P><br \/>\n<P>&#8211; Un mech\u00f3n de pelos de la axila derecha&nbsp;de &#8216;Big Foot&#8217;.<\/P><br \/>\n<P>&#8211; Una foto de Miss Hawley, traspuesta en su mecedora y rodeada de botellas vac\u00edas de Gordon&#8217;s.<\/P><br \/>\n<P>&#8211; Unos &#8216;manolos&#8217; de tac\u00f3n alto para el descenso, &#8220;que es muy malo andar por ah\u00ed con los pies h\u00famedos&#8221;, seg\u00fan rezaba la nota adjunta.<\/P><br \/>\n<P>&nbsp;<\/P><br \/>\n<P>Mientras, en la cima del Shisha Pangma,&nbsp;varios presentes depositados por Miss Oh aguardan la llegada de Pasaban. Se trata de:<\/P><br \/>\n<P>&#8211; Un frasco con la lengua amputada del sherpa que se dedic\u00f3 a ir por el campamento base del Annapurna sembrando la duda&nbsp;sobre los logros de la coreana.<\/P><br \/>\n<P>&#8211; Una foto de Miss Hawley y la propia Miss Oh, abrazadas en la cumbre del Kangchenjunga.<\/P><br \/>\n<P>&#8211; Un DVD con los mejores momentos de Juanito en el &#8216;Conquis&#8217;.<\/P><br \/>\n<P>&#8211;&nbsp;Una pulsera &#8216;power balance&#8217; remitida especialmente por Patxi L\u00f3pez, para lo del descenso.<\/P><br \/>\n<P>&#8211; Una botella de ox\u00edgeno, con su correspondiente respirador, rellena de eau d&#8217;Eyjafjallaj\u00f6kull. <\/P><\/p>\n<!-- AddThis Advanced Settings generic via filter on the_content --><!-- AddThis Share Buttons generic via filter on the_content -->","protected":false},"excerpt":{"rendered":"<p>Cuando la coreana Miss Oh holl\u00f3 ayer la cima del Annapurna, encontr\u00f3 all\u00ed un paquete de regalos, presuntamente depositado por Edurne Pasaban, consistente en: &#8211; El piolet, a\u00fan manchado de sangre,&nbsp;con el que Ram\u00f3n Mercader abri\u00f3 la cabeza de Trotsky. &#8211; Una foto de Kim Jong-il con la siguiente dedicatoria: &#8220;A&nbsp;Juanito, con todo mi afecto&#8221;. [&hellip;]<!-- AddThis Advanced Settings generic via filter on get_the_excerpt --><!-- AddThis Share Buttons generic via filter on get_the_excerpt --><\/p>\n","protected":false},"author":37,"featured_media":0,"comment_status":"open","ping_status":"closed","sticky":false,"template":"","format":"standard","meta":[],"categories":[2],"tags":[5],"_links":{"self":[{"href":"https:\/\/blogs.diariovasco.com\/eljukebox\/wp-json\/wp\/v2\/posts\/1160"}],"collection":[{"href":"https:\/\/blogs.diariovasco.com\/eljukebox\/wp-json\/wp\/v2\/posts"}],"about":[{"href":"https:\/\/blogs.diariovasco.com\/eljukebox\/wp-json\/wp\/v2\/types\/post"}],"author":[{"embeddable":true,"href":"https:\/\/blogs.diariovasco.com\/eljukebox\/wp-json\/wp\/v2\/users\/37"}],"replies":[{"embeddable":true,"href":"https:\/\/blogs.diariovasco.com\/eljukebox\/wp-json\/wp\/v2\/comments?post=1160"}],"version-history":[{"count":0,"href":"https:\/\/blogs.diariovasco.com\/eljukebox\/wp-json\/wp\/v2\/posts\/1160\/revisions"}],"wp:attachment":[{"href":"https:\/\/blogs.diariovasco.com\/eljukebox\/wp-json\/wp\/v2\/media?parent=1160"}],"wp:term":[{"taxonomy":"category","embeddable":true,"href":"https:\/\/blogs.diariovasco.com\/eljukebox\/wp-json\/wp\/v2\/categories?post=1160"},{"taxonomy":"post_tag","embeddable":true,"href":"https:\/\/blogs.diariovasco.com\/eljukebox\/wp-json\/wp\/v2\/tags?post=1160"}],"curies":[{"name":"wp","href":"https:\/\/api.w.org\/{rel}","templated":true}]}}