{"id":1163,"date":"2010-05-03T09:09:41","date_gmt":"2010-05-03T09:09:41","guid":{"rendered":"http:\/\/blogs.diariovasco.com\/eljukebox\/?p=1163"},"modified":"2010-05-03T09:09:41","modified_gmt":"2010-05-03T09:09:41","slug":"en_el_ano_i_de_nuestro_senor","status":"publish","type":"post","link":"https:\/\/blogs.diariovasco.com\/eljukebox\/2010\/05\/03\/en_el_ano_i_de_nuestro_senor\/","title":{"rendered":"En el A\u00f1o I de Nuestro Se\u00f1or"},"content":{"rendered":"<p><P>El lehendakari, Patxi L\u00f3pez, comparec\u00eda ayer en varios peri\u00f3dicos para dar cuenta del balance -pron\u00fanciese &#8216;balans&#8217;- de su primer a\u00f1o al frente del Gobierno Vasco. Y la primera impresi\u00f3n es que por este hombre no pasa el tiempo: si el poder desgasta, debe ser especialmente a quienes lo padecen.<\/P><br \/>\n<P>Los reproches a cualquier&nbsp;gobernante suelen ser siempre innumerables y de sobra justificados, pero en este caso hay uno que gravita sobre L\u00f3pez con especial insistencia: es un &#8216;hombre de paja&#8217; a las \u00f3rdenes del PP, que es quien realmente gobierna desde la sombra. En un Pa\u00eds Vasco con la mitad de paro que Espa\u00f1a, la hip\u00f3tesis vendr\u00eda a confirmar las tesis de Rajoy en cuanto a que s\u00f3lo las pol\u00edticas econ\u00f3micas del PP permiten superar la crisis.<\/P><br \/>\n<P>Por lo dem\u00e1s, L\u00f3pez aprovechaba la ocasi\u00f3n para demostrar que el de la &#8216;power balance&#8217; no es un camino sin retorno, sino que, con mucha voluntad y el apoyo incondicional de los tuyos,&nbsp;es posible salir del infierno del pensamiento m\u00e1gico. Se empieza creyendo en pulseras y se acaba confiando ciegamente en Standard &#038; Poor&#8217;s.<\/P><br \/>\n<P>Ante el riesgo de que la gente concluya que si el poder corrompe, la &#8216;power balance&#8217; corrompe absolutamente, explic\u00f3 que la pulsera milagrosa que luc\u00eda en su mu\u00f1eca hace unas semanas no era estrictamente suya, sino que se trataba de un regalo. Para su madre, aclaraba. <\/P><br \/>\n<P>El lehendakari ofrec\u00eda una versi\u00f3n, seg\u00fan la cual, \u00e9l mismo se hab\u00eda ocupado de compr\u00e1rsela porque \u00fanicamente la venden&nbsp;por internet, creencia que cabe interpretar en clave de &#8216;s\u00edndrome de Ajuria Enea&#8217;, dado que el fetiche se dispensa en&nbsp;todo tipo de tiendas y centros comerciales.<\/P><br \/>\n<P>En el cap\u00edtulo de novedades, se\u00f1alar que en ning\u00fan caso posaba tumbado, ni siquiera recostado, tampoco aparec\u00eda escuchando alg\u00fan disco y, lo que es a\u00fan m\u00e1s extra\u00f1o, no hablaba de&nbsp;m\u00fasica. Debe ser que, en efecto, la pol\u00edtica es una actividad muy absorbente que acaba devor\u00e1ndolo todo.<\/P><\/p>\n<!-- AddThis Advanced Settings generic via filter on the_content --><!-- AddThis Share Buttons generic via filter on the_content -->","protected":false},"excerpt":{"rendered":"<p>El lehendakari, Patxi L\u00f3pez, comparec\u00eda ayer en varios peri\u00f3dicos para dar cuenta del balance -pron\u00fanciese &#8216;balans&#8217;- de su primer a\u00f1o al frente del Gobierno Vasco. Y la primera impresi\u00f3n es que por este hombre no pasa el tiempo: si el poder desgasta, debe ser especialmente a quienes lo padecen. Los reproches a cualquier&nbsp;gobernante suelen ser [&hellip;]<!-- AddThis Advanced Settings generic via filter on get_the_excerpt --><!-- AddThis Share Buttons generic via filter on get_the_excerpt --><\/p>\n","protected":false},"author":37,"featured_media":0,"comment_status":"open","ping_status":"closed","sticky":false,"template":"","format":"standard","meta":[],"categories":[2],"tags":[5],"_links":{"self":[{"href":"https:\/\/blogs.diariovasco.com\/eljukebox\/wp-json\/wp\/v2\/posts\/1163"}],"collection":[{"href":"https:\/\/blogs.diariovasco.com\/eljukebox\/wp-json\/wp\/v2\/posts"}],"about":[{"href":"https:\/\/blogs.diariovasco.com\/eljukebox\/wp-json\/wp\/v2\/types\/post"}],"author":[{"embeddable":true,"href":"https:\/\/blogs.diariovasco.com\/eljukebox\/wp-json\/wp\/v2\/users\/37"}],"replies":[{"embeddable":true,"href":"https:\/\/blogs.diariovasco.com\/eljukebox\/wp-json\/wp\/v2\/comments?post=1163"}],"version-history":[{"count":0,"href":"https:\/\/blogs.diariovasco.com\/eljukebox\/wp-json\/wp\/v2\/posts\/1163\/revisions"}],"wp:attachment":[{"href":"https:\/\/blogs.diariovasco.com\/eljukebox\/wp-json\/wp\/v2\/media?parent=1163"}],"wp:term":[{"taxonomy":"category","embeddable":true,"href":"https:\/\/blogs.diariovasco.com\/eljukebox\/wp-json\/wp\/v2\/categories?post=1163"},{"taxonomy":"post_tag","embeddable":true,"href":"https:\/\/blogs.diariovasco.com\/eljukebox\/wp-json\/wp\/v2\/tags?post=1163"}],"curies":[{"name":"wp","href":"https:\/\/api.w.org\/{rel}","templated":true}]}}