{"id":1164,"date":"2010-05-04T10:30:29","date_gmt":"2010-05-04T10:30:29","guid":{"rendered":"http:\/\/blogs.diariovasco.com\/eljukebox\/?p=1164"},"modified":"2010-05-04T10:30:29","modified_gmt":"2010-05-04T10:30:29","slug":"seas_quien_seas_se_tu_mismo","status":"publish","type":"post","link":"https:\/\/blogs.diariovasco.com\/eljukebox\/2010\/05\/04\/seas_quien_seas_se_tu_mismo\/","title":{"rendered":"Seas quien seas, s\u00e9 t\u00fa mismo"},"content":{"rendered":"<p>Se necesitaba enviar un mensaje contundente a los mercados y el hijo de Grecia (Sof\u00eda de) ha dado un paso al frente al posar en tres fotograf\u00edas con los uniformes del Ej\u00e9rcito de Tierra, de la Armada y del Aire. <\/p>\n<p>Las tres se han difundio a la vez que una cuarta, que<br \/>\nactualiza la imagen del Pr\u00edncipe, esta vez, en su papel de marido,<br \/>\nposando junto a Letizia. \u00c9l, con expresi\u00f3n de &#8220;el caso de Espa\u00f1a no tiene nada<br \/>\nque ver con el de Grecia; lo s\u00e9 porque la he visto&#8221;. Ella, con ese<br \/>\ngesto inequ\u00edvoco que delata a los periodistas de raza y que interroga al espectador: &#8220;\u00bfCu\u00e1l<br \/>\nes mi c\u00e1mara?&#8221;<\/p>\n<p>Los &#8216;juancarlistas&#8217; m\u00e1s desafectos con el rumbo que est\u00e1 tomando la Corona ya han saltado a la palestra para pedir explicaciones por el hecho de que las tres fotograf\u00edas castrenses comparten el mismo rostro y s\u00f3lo cambian los cuerpos.<\/p>\n<p>Sin embargo, de confirmarse la sospecha, se tratar\u00eda del estricto ejercicio de una prebenda constitucional: los miembros de la Familia Real no deben estar necesariamente presentes cuando se les fotograf\u00ede. Se trata de una art\u00edculo redactado en atenci\u00f3n a su apretada agenda.<\/p>\n<p>Adem\u00e1s, la triqui\u00f1uela se inscribe en una corriente que bebe tanto de la tradici\u00f3n como de la modernidad. Por un lado, los reyes de la baraja comparten rostro, cambiando tan s\u00f3lo la espada por el basto, seg\u00fan el caso. Por otro, tambi\u00e9n Paris Hilton sale siempre con el mismo gesto en su cara y qu\u00e9.<\/p>\n<p>Aceptemos que, en efecto, se ha utilizado la misma cara de Felipe de Borb\u00f3n para las tres caras. Bien. Pero, \u00bfy el cuerpo? Porque su parecido con el de I\u00f1aki Urdangarin es innegable. La versi\u00f3n del fot\u00f3grafo abre adem\u00e1s la puerta a cualquier hip\u00f3tesis: &#8220;Incoherencias crom\u00e1tico-conceptuales que se transmiten entre retratos&#8221;. Lo cierto es que para decir obviedades, mejor callar.<\/p>\n<p>Animado por este audaz discurso, no podr\u00eda finalizar el post sin a\u00f1adir una \u00faltima columpiada: la triple imagen con el mismo rostro y distintos cuerpos deber\u00eda ser entendida como signo y met\u00e1fora de esta Espa\u00f1a que, unida en su diversidad, permanece siempre id\u00e9ntica a s\u00ed misma en una amplia pluralidad de trajes regionales. Dicho lo cual, me saltar\u00e9 la pr\u00f3xima ronda. <\/p>\n<!-- AddThis Advanced Settings generic via filter on the_content --><!-- AddThis Share Buttons generic via filter on the_content -->","protected":false},"excerpt":{"rendered":"<p>Se necesitaba enviar un mensaje contundente a los mercados y el hijo de Grecia (Sof\u00eda de) ha dado un paso al frente al posar en tres fotograf\u00edas con los uniformes del Ej\u00e9rcito de Tierra, de la Armada y del Aire. Las tres se han difundio a la vez que una cuarta, que actualiza la imagen [&hellip;]<!-- AddThis Advanced Settings generic via filter on get_the_excerpt --><!-- AddThis Share Buttons generic via filter on get_the_excerpt --><\/p>\n","protected":false},"author":37,"featured_media":0,"comment_status":"open","ping_status":"closed","sticky":false,"template":"","format":"standard","meta":[],"categories":[2],"tags":[5],"_links":{"self":[{"href":"https:\/\/blogs.diariovasco.com\/eljukebox\/wp-json\/wp\/v2\/posts\/1164"}],"collection":[{"href":"https:\/\/blogs.diariovasco.com\/eljukebox\/wp-json\/wp\/v2\/posts"}],"about":[{"href":"https:\/\/blogs.diariovasco.com\/eljukebox\/wp-json\/wp\/v2\/types\/post"}],"author":[{"embeddable":true,"href":"https:\/\/blogs.diariovasco.com\/eljukebox\/wp-json\/wp\/v2\/users\/37"}],"replies":[{"embeddable":true,"href":"https:\/\/blogs.diariovasco.com\/eljukebox\/wp-json\/wp\/v2\/comments?post=1164"}],"version-history":[{"count":0,"href":"https:\/\/blogs.diariovasco.com\/eljukebox\/wp-json\/wp\/v2\/posts\/1164\/revisions"}],"wp:attachment":[{"href":"https:\/\/blogs.diariovasco.com\/eljukebox\/wp-json\/wp\/v2\/media?parent=1164"}],"wp:term":[{"taxonomy":"category","embeddable":true,"href":"https:\/\/blogs.diariovasco.com\/eljukebox\/wp-json\/wp\/v2\/categories?post=1164"},{"taxonomy":"post_tag","embeddable":true,"href":"https:\/\/blogs.diariovasco.com\/eljukebox\/wp-json\/wp\/v2\/tags?post=1164"}],"curies":[{"name":"wp","href":"https:\/\/api.w.org\/{rel}","templated":true}]}}