{"id":1166,"date":"2010-05-06T08:37:52","date_gmt":"2010-05-06T08:37:52","guid":{"rendered":"http:\/\/blogs.diariovasco.com\/eljukebox\/?p=1166"},"modified":"2010-05-06T08:37:52","modified_gmt":"2010-05-06T08:37:52","slug":"caminar_sobre_las_aguas_de_mompas","status":"publish","type":"post","link":"https:\/\/blogs.diariovasco.com\/eljukebox\/2010\/05\/06\/caminar_sobre_las_aguas_de_mompas\/","title":{"rendered":"Caminar sobre las aguas de Momp\u00e1s"},"content":{"rendered":"<p><P>Hay diversas formas de perder el tiempo escribiendo informaci\u00f3n, pero hacerlo en&nbsp;la secci\u00f3n local de San Sebasti\u00e1n se lleva la palma. Y es que veinte a\u00f1os de Administraci\u00f3n Elorza han investido al alcalde de un aura de ministro plenipotenciario cuyo resultado es una asfixiante omnipresencia odonista en todo cuanto sucede.<\/P><br \/>\n<P>As\u00ed, en el imaginario popular Od\u00f3n es una especie de &#8216;deus ex machina&#8217;, responsable \u00faltimo de resolver cualquier acontecimiento, desde la multiplicaci\u00f3n de los panes y los peces a la resurrecci\u00f3n de los muertos. A la inmortal coletilla &#8220;\u00bfas\u00ed queremos ser capital cultural?&#8221; le crecen pintorescas variaciones sobre el mismo tema, del tipo &#8220;\u00bfy no hay otras cosas en las que gastar el dinero?&#8221;<\/P><br \/>\n<P>De la misma forma que la reducci\u00f3n de toldos obedece a las disposiciones de la Ley de Costas -esa gran desconocida- y sin embargo todos los usuarios dirigen su mirada al alcalde, los doce millones de la&nbsp;pasarela del Momp\u00e1s los paga el Gobierno central&nbsp;en una ecuaci\u00f3n simple:&nbsp;o hay pasarela o no hay doce millones.<\/P><br \/>\n<P>Bien, \u00e9stos son los hechos, pero se revelan insuficientes para evitar peticiones de que se destine esa partida a otros menesteres, por ejemplo, asfaltar las calles, por m\u00e1s que ser\u00eda complicado convencer al Ministerio de Medio Ambiente, Secci\u00f3n Costas, que sufragara esa operaci\u00f3n.<\/P><br \/>\n<P>Otra cuesti\u00f3n es si debe construirse o no la pasarela, al fin y al cabo, un camino a ninguna parte que una vez completado, nos coloca en la tesitura de elegir entre volver sobre nuestros pasos o lanzarnos al vac\u00edo, y dicho as\u00ed parece&nbsp;una exacta&nbsp;reproducci\u00f3n a escala de la Europa de las bancarrotas.<\/P><\/p>\n<!-- AddThis Advanced Settings generic via filter on the_content --><!-- AddThis Share Buttons generic via filter on the_content -->","protected":false},"excerpt":{"rendered":"<p>Hay diversas formas de perder el tiempo escribiendo informaci\u00f3n, pero hacerlo en&nbsp;la secci\u00f3n local de San Sebasti\u00e1n se lleva la palma. Y es que veinte a\u00f1os de Administraci\u00f3n Elorza han investido al alcalde de un aura de ministro plenipotenciario cuyo resultado es una asfixiante omnipresencia odonista en todo cuanto sucede. As\u00ed, en el imaginario popular [&hellip;]<!-- AddThis Advanced Settings generic via filter on get_the_excerpt --><!-- AddThis Share Buttons generic via filter on get_the_excerpt --><\/p>\n","protected":false},"author":37,"featured_media":0,"comment_status":"open","ping_status":"closed","sticky":false,"template":"","format":"standard","meta":[],"categories":[2],"tags":[5],"_links":{"self":[{"href":"https:\/\/blogs.diariovasco.com\/eljukebox\/wp-json\/wp\/v2\/posts\/1166"}],"collection":[{"href":"https:\/\/blogs.diariovasco.com\/eljukebox\/wp-json\/wp\/v2\/posts"}],"about":[{"href":"https:\/\/blogs.diariovasco.com\/eljukebox\/wp-json\/wp\/v2\/types\/post"}],"author":[{"embeddable":true,"href":"https:\/\/blogs.diariovasco.com\/eljukebox\/wp-json\/wp\/v2\/users\/37"}],"replies":[{"embeddable":true,"href":"https:\/\/blogs.diariovasco.com\/eljukebox\/wp-json\/wp\/v2\/comments?post=1166"}],"version-history":[{"count":0,"href":"https:\/\/blogs.diariovasco.com\/eljukebox\/wp-json\/wp\/v2\/posts\/1166\/revisions"}],"wp:attachment":[{"href":"https:\/\/blogs.diariovasco.com\/eljukebox\/wp-json\/wp\/v2\/media?parent=1166"}],"wp:term":[{"taxonomy":"category","embeddable":true,"href":"https:\/\/blogs.diariovasco.com\/eljukebox\/wp-json\/wp\/v2\/categories?post=1166"},{"taxonomy":"post_tag","embeddable":true,"href":"https:\/\/blogs.diariovasco.com\/eljukebox\/wp-json\/wp\/v2\/tags?post=1166"}],"curies":[{"name":"wp","href":"https:\/\/api.w.org\/{rel}","templated":true}]}}